{"id":7971,"date":"2019-07-16T13:22:39","date_gmt":"2019-07-16T13:22:39","guid":{"rendered":"https:\/\/vopus.org\/gran-rebelion-la\/"},"modified":"2021-10-23T15:13:06","modified_gmt":"2021-10-23T18:13:06","slug":"den-stora-revolten","status":"publish","type":"post","link":"https:\/\/vopus.org\/sv\/den-stora-revolten\/","title":{"rendered":"Den stora revolten"},"content":{"rendered":"\n<div class=\"wp-block-columns has-2-columns is-layout-flex wp-container-core-columns-is-layout-9d6595d7 wp-block-columns-is-layout-flex\">\n<div class=\"wp-block-column is-layout-flow wp-block-column-is-layout-flow\">\n<figure class=\"wp-block-image\"><img decoding=\"async\" src=\"\/wp-content\/uploads\/2019\/06\/es-saw-gran_rebelion-3-455x490.png\" alt=\"Den stora revolten\"\/><\/figure>\n<\/div>\n\n\n\n<div class=\"wp-block-column is-layout-flow wp-block-column-is-layout-flow\">\n<p>En hyllningss\u00e5ng till befrielsen av m\u00e4nniskan, som under sekel har varit en f\u00e5nge av sina psykologiska, sociala, filosofiska begr\u00e4nsningar och, under m\u00e5nga sekel, en felaktig tolkning av de religi\u00f6sa och teologiska principerna. Att revoltera med vishet och ridderlighet p\u00e5 samma g\u00e5ng \u00e4r inte en l\u00e4tt sak i denna epok av total f\u00f6rvirring och ideologiska labyrinter av all de slag, men tack vare detta verk kan vi bekanta oss med den didaktik och dialektik p\u00e5 djupet, som medf\u00f6r att alla de kedjor bryts som binder oss vid existensens mekanik.<\/p>\n<\/div>\n<\/div>\n\n\t\t\t\t<script type=\"text\/javascript\">\n\t\t\t\t\t$bookUrl = '\/wp-content\/uploads\/books\/PDF_SAW_Gran rebelion_sueco_2021_09_23\/index.html';\n\t\t\t\t\tfunction openBookInline() {\n\t\t\t\t\t\tif (document.getElementById(\"inlineBookReader\").src == \"about:blank\") {\n\t\t\t\t\t\t\tdocument.getElementById(\"inlineBookReader\").src = $bookUrl;\n\t\t\t\t\t\t}\n\t\t\t\t\t}\n\t\t\t\t<\/script><details onclick=\"openBookInline()\">\n\t\t\t\t\t\t<summary>L\u00e4s online<\/summary>\n\t\t\t\t\t\t<div><!-- wp:paragraph -->\n\t\t\t\t\t\t\t<div style=\"width:100%;\">\n\t\t\t\t\t\t\t<iframe id=\"inlineBookReader\" frameborder=\"0\" width=\"100%\" class=\"vopus-paper\" src=\"about:blank\" marginwidth=\"0\" marginheight=\"0\" allowfullscreen><\/iframe>\n\t\t\t\t\t\t\t<\/div>\n\t\t\t\t\t\t<!-- \/wp:paragraph --><\/div>\n\t\t\t\t\t<\/details>","protected":false},"excerpt":{"rendered":"<p>En hyllningss\u00e5ng till befrielsen av m\u00e4nniskan, som under sekel har varit en f\u00e5nge av sina psykologiska, sociala, filosofiska begr\u00e4nsningar och, under m\u00e5nga sekel, en felaktig tolkning av de &#8230;<\/p>\n","protected":false},"author":5,"featured_media":7972,"comment_status":"open","ping_status":"open","sticky":false,"template":"","format":"standard","meta":{"footnotes":"","_links_to":"","_links_to_target":""},"categories":[238,137],"tags":[],"contenido":[280],"fuente":[49],"pilar":[],"fase":[],"conferencia":[],"read_online":[304,307],"author_tax":[319],"class_list":["post-7971","post","type-post","status-publish","format-standard","has-post-thumbnail","hentry","category-las-online","category-psykologi","contenido-bocker","fuente-maestro","read_online-las-online","read_online-bara-butik","author_tax-v-m-samael-aun-weor-sv"],"_links":{"self":[{"href":"https:\/\/vopus.org\/sv\/wp-json\/wp\/v2\/posts\/7971","targetHints":{"allow":["GET"]}}],"collection":[{"href":"https:\/\/vopus.org\/sv\/wp-json\/wp\/v2\/posts"}],"about":[{"href":"https:\/\/vopus.org\/sv\/wp-json\/wp\/v2\/types\/post"}],"author":[{"embeddable":true,"href":"https:\/\/vopus.org\/sv\/wp-json\/wp\/v2\/users\/5"}],"replies":[{"embeddable":true,"href":"https:\/\/vopus.org\/sv\/wp-json\/wp\/v2\/comments?post=7971"}],"version-history":[{"count":0,"href":"https:\/\/vopus.org\/sv\/wp-json\/wp\/v2\/posts\/7971\/revisions"}],"wp:featuredmedia":[{"embeddable":true,"href":"https:\/\/vopus.org\/sv\/wp-json\/wp\/v2\/media\/7972"}],"wp:attachment":[{"href":"https:\/\/vopus.org\/sv\/wp-json\/wp\/v2\/media?parent=7971"}],"wp:term":[{"taxonomy":"category","embeddable":true,"href":"https:\/\/vopus.org\/sv\/wp-json\/wp\/v2\/categories?post=7971"},{"taxonomy":"post_tag","embeddable":true,"href":"https:\/\/vopus.org\/sv\/wp-json\/wp\/v2\/tags?post=7971"},{"taxonomy":"contenido","embeddable":true,"href":"https:\/\/vopus.org\/sv\/wp-json\/wp\/v2\/contenido?post=7971"},{"taxonomy":"fuente","embeddable":true,"href":"https:\/\/vopus.org\/sv\/wp-json\/wp\/v2\/fuente?post=7971"},{"taxonomy":"pilar","embeddable":true,"href":"https:\/\/vopus.org\/sv\/wp-json\/wp\/v2\/pilar?post=7971"},{"taxonomy":"fase","embeddable":true,"href":"https:\/\/vopus.org\/sv\/wp-json\/wp\/v2\/fase?post=7971"},{"taxonomy":"conferencia","embeddable":true,"href":"https:\/\/vopus.org\/sv\/wp-json\/wp\/v2\/conferencia?post=7971"},{"taxonomy":"read_online","embeddable":true,"href":"https:\/\/vopus.org\/sv\/wp-json\/wp\/v2\/read_online?post=7971"},{"taxonomy":"author_tax","embeddable":true,"href":"https:\/\/vopus.org\/sv\/wp-json\/wp\/v2\/author_tax?post=7971"}],"curies":[{"name":"wp","href":"https:\/\/api.w.org\/{rel}","templated":true}]}}