{"id":7050,"date":"2019-07-16T13:23:48","date_gmt":"2019-07-16T13:23:48","guid":{"rendered":"https:\/\/vopus.org\/poder-de-la-humildad-el\/"},"modified":"2021-02-08T21:57:25","modified_gmt":"2021-02-08T20:57:25","slug":"poder-de-la-humildad-el","status":"publish","type":"post","link":"https:\/\/vopus.org\/sv\/poder-de-la-humildad-el\/","title":{"rendered":"\u00d6dmjukhetens makt"},"content":{"rendered":"\n<div class=\"wp-block-columns has-2-columns is-layout-flex wp-container-core-columns-is-layout-9d6595d7 wp-block-columns-is-layout-flex\">\n<div class=\"wp-block-column is-layout-flow wp-block-column-is-layout-flow\">\n<figure class=\"wp-block-image\"><img decoding=\"async\" src=\"\/wp-content\/uploads\/2019\/06\/es-kkk-poder_humildad-1-455x490.png\" alt=\"\u00d6dmjukhetens makt\" \/><\/figure>\n<\/div>\n\n\n\n<div class=\"wp-block-column is-layout-flow wp-block-column-is-layout-flow\">\n<p>V.M. Kwen Khan Khu kommer tillbaka och \u00f6verl\u00e4mnar ett nytt legat av visdom, inspiration och erfarenhet balanserad mellan det m\u00e4nskliga och det gudomliga, i en bok som \u00e5terger hans muntliga undervisning fr\u00e5n flera seminarier som handlar om ett s\u00e5 viktigt och k\u00e4nsligt tema som detta med \u00f6dmjukhet.\n L\u00e4saren kommer att finna djupa reflektioner, f\u00f6rtydligande anekdoter och l\u00e4mpliga r\u00e5d f\u00f6r att f\u00f6rst\u00e5 vad \u00f6dmjukhet \u00e4r, varf\u00f6r vi b\u00f6r k\u00e4mpa f\u00f6r den och vilken bel\u00f6ningen kommer att bli f\u00f6r den som er\u00f6vrar den. F\u00f6rdjupa dig i dessa gyllene rader om du vill f\u00f6rst\u00e5 varf\u00f6r ljuset uttrycker sig p\u00e5 ett mer briljant s\u00e4tt hos den \u00f6dmjuka m\u00e4nniskan.<\/p>\n<\/div>\n<\/div>\n","protected":false},"excerpt":{"rendered":"<p>V.M. Kwen Khan Khu kommer tillbaka och \u00f6verl\u00e4mnar ett nytt legat av visdom, inspiration och erfarenhet balanserad mellan det m\u00e4nskliga och det gudomliga, i en bok som \u00e5terger hans muntliga u&#8230;<\/p>\n","protected":false},"author":4,"featured_media":7051,"comment_status":"open","ping_status":"open","sticky":false,"template":"","format":"standard","meta":{"footnotes":"","_links_to":"","_links_to_target":""},"categories":[137,144],"tags":[],"contenido":[280],"fuente":[49],"pilar":[],"fase":[],"conferencia":[],"read_online":[307],"author_tax":[321],"class_list":["post-7050","post","type-post","status-publish","format-standard","has-post-thumbnail","hentry","category-psykologi","category-metafysik","contenido-bocker","fuente-maestro","read_online-bara-butik","author_tax-v-m-kwen-khan-khu-sv"],"_links":{"self":[{"href":"https:\/\/vopus.org\/sv\/wp-json\/wp\/v2\/posts\/7050","targetHints":{"allow":["GET"]}}],"collection":[{"href":"https:\/\/vopus.org\/sv\/wp-json\/wp\/v2\/posts"}],"about":[{"href":"https:\/\/vopus.org\/sv\/wp-json\/wp\/v2\/types\/post"}],"author":[{"embeddable":true,"href":"https:\/\/vopus.org\/sv\/wp-json\/wp\/v2\/users\/4"}],"replies":[{"embeddable":true,"href":"https:\/\/vopus.org\/sv\/wp-json\/wp\/v2\/comments?post=7050"}],"version-history":[{"count":0,"href":"https:\/\/vopus.org\/sv\/wp-json\/wp\/v2\/posts\/7050\/revisions"}],"wp:featuredmedia":[{"embeddable":true,"href":"https:\/\/vopus.org\/sv\/wp-json\/wp\/v2\/media\/7051"}],"wp:attachment":[{"href":"https:\/\/vopus.org\/sv\/wp-json\/wp\/v2\/media?parent=7050"}],"wp:term":[{"taxonomy":"category","embeddable":true,"href":"https:\/\/vopus.org\/sv\/wp-json\/wp\/v2\/categories?post=7050"},{"taxonomy":"post_tag","embeddable":true,"href":"https:\/\/vopus.org\/sv\/wp-json\/wp\/v2\/tags?post=7050"},{"taxonomy":"contenido","embeddable":true,"href":"https:\/\/vopus.org\/sv\/wp-json\/wp\/v2\/contenido?post=7050"},{"taxonomy":"fuente","embeddable":true,"href":"https:\/\/vopus.org\/sv\/wp-json\/wp\/v2\/fuente?post=7050"},{"taxonomy":"pilar","embeddable":true,"href":"https:\/\/vopus.org\/sv\/wp-json\/wp\/v2\/pilar?post=7050"},{"taxonomy":"fase","embeddable":true,"href":"https:\/\/vopus.org\/sv\/wp-json\/wp\/v2\/fase?post=7050"},{"taxonomy":"conferencia","embeddable":true,"href":"https:\/\/vopus.org\/sv\/wp-json\/wp\/v2\/conferencia?post=7050"},{"taxonomy":"read_online","embeddable":true,"href":"https:\/\/vopus.org\/sv\/wp-json\/wp\/v2\/read_online?post=7050"},{"taxonomy":"author_tax","embeddable":true,"href":"https:\/\/vopus.org\/sv\/wp-json\/wp\/v2\/author_tax?post=7050"}],"curies":[{"name":"wp","href":"https:\/\/api.w.org\/{rel}","templated":true}]}}