{"id":7024,"date":"2019-07-16T13:23:48","date_gmt":"2019-07-16T13:23:48","guid":{"rendered":"https:\/\/vopus.org\/revelaciones-de-la-conciencia\/"},"modified":"2022-09-21T19:28:07","modified_gmt":"2022-09-21T22:28:07","slug":"uppenbarelser-fran-medvetandet","status":"publish","type":"post","link":"https:\/\/vopus.org\/sv\/uppenbarelser-fran-medvetandet\/","title":{"rendered":"Uppenbarelser fr\u00e5n medvetandet"},"content":{"rendered":"\n<div class=\"wp-block-columns has-2-columns is-layout-flex wp-container-core-columns-is-layout-9d6595d7 wp-block-columns-is-layout-flex\">\n<div class=\"wp-block-column is-layout-flow wp-block-column-is-layout-flow\">\n<figure class=\"wp-block-image\"><img decoding=\"async\" src=\"\/wp-content\/uploads\/2019\/06\/es-kkk-revelaciones_conciencia-1-455x490.png\" alt=\"Uppenbarelser fr\u00e5n medvetandet\"\/><\/figure>\n<\/div>\n\n\n\n<div class=\"wp-block-column is-layout-flow wp-block-column-is-layout-flow\">\n<p>Det s\u00e4gs att den visa m\u00e4nniskan mediterar f\u00f6r att f\u00f6rst\u00e5 genom upplevelsen av sanningen. Inte desto mindre, mellan att experimentera det reella och kunna f\u00f6rklara det, finns det en avgrund som v\u00e4ldigt f\u00e5, under historiens g\u00e5ng, har kunnat ta sig \u00f6ver.<\/p>\n\n\n\n<p>I <strong>UPPENBARELSER FR\u00c5N MEDVETANDET<\/strong>, kommer l\u00e4saren att finna ljuset till denna mystiska erfarenhet, f\u00f6rklarad av f\u00f6rfattaren, V.M. Kwen Khan Khu, p\u00e5 ett f\u00f6rst\u00e5eligt s\u00e4tt och p\u00e5 samma g\u00e5ng praktiskt s\u00e4tt.  Och endast fr\u00e5n detta ljus f\u00f6ds den sanna filosofin, som handlar om absoluta sanningar, och den transcendentala poesin.  Allt detta och mycket mer f\u00e5r den som blickar ut \u00f6ver detta verk. Under f\u00f6ruts\u00e4ttningen att man bevarar ett \u00f6ppet sinne och ett aktivt hj\u00e4rta. Detta \u00e4r r\u00e5det som vi ger till den som l\u00e4ser f\u00f6religgande avhandling s\u00e5 att f\u00f6rst\u00e5elsen av dessa extraordin\u00e4ra ord f\u00e5r liv inom honom eller henne.<\/p>\n<\/div>\n<\/div>\n","protected":false},"excerpt":{"rendered":"<p>Det s\u00e4gs att den visa m\u00e4nniskan mediterar f\u00f6r att f\u00f6rst\u00e5 genom upplevelsen av sanningen. Inte desto mindre, mellan att experimentera det reella och kunna f\u00f6rklara det, finns det en avgrund s&#8230;<\/p>\n","protected":false},"author":4,"featured_media":7025,"comment_status":"open","ping_status":"open","sticky":false,"template":"","format":"standard","meta":{"footnotes":"","_links_to":"","_links_to_target":""},"categories":[144],"tags":[],"contenido":[280],"fuente":[49],"pilar":[],"fase":[],"conferencia":[],"read_online":[307],"author_tax":[321],"class_list":["post-7024","post","type-post","status-publish","format-standard","has-post-thumbnail","hentry","category-metafysik","contenido-bocker","fuente-maestro","read_online-bara-butik","author_tax-v-m-kwen-khan-khu-sv"],"_links":{"self":[{"href":"https:\/\/vopus.org\/sv\/wp-json\/wp\/v2\/posts\/7024","targetHints":{"allow":["GET"]}}],"collection":[{"href":"https:\/\/vopus.org\/sv\/wp-json\/wp\/v2\/posts"}],"about":[{"href":"https:\/\/vopus.org\/sv\/wp-json\/wp\/v2\/types\/post"}],"author":[{"embeddable":true,"href":"https:\/\/vopus.org\/sv\/wp-json\/wp\/v2\/users\/4"}],"replies":[{"embeddable":true,"href":"https:\/\/vopus.org\/sv\/wp-json\/wp\/v2\/comments?post=7024"}],"version-history":[{"count":0,"href":"https:\/\/vopus.org\/sv\/wp-json\/wp\/v2\/posts\/7024\/revisions"}],"wp:featuredmedia":[{"embeddable":true,"href":"https:\/\/vopus.org\/sv\/wp-json\/wp\/v2\/media\/7025"}],"wp:attachment":[{"href":"https:\/\/vopus.org\/sv\/wp-json\/wp\/v2\/media?parent=7024"}],"wp:term":[{"taxonomy":"category","embeddable":true,"href":"https:\/\/vopus.org\/sv\/wp-json\/wp\/v2\/categories?post=7024"},{"taxonomy":"post_tag","embeddable":true,"href":"https:\/\/vopus.org\/sv\/wp-json\/wp\/v2\/tags?post=7024"},{"taxonomy":"contenido","embeddable":true,"href":"https:\/\/vopus.org\/sv\/wp-json\/wp\/v2\/contenido?post=7024"},{"taxonomy":"fuente","embeddable":true,"href":"https:\/\/vopus.org\/sv\/wp-json\/wp\/v2\/fuente?post=7024"},{"taxonomy":"pilar","embeddable":true,"href":"https:\/\/vopus.org\/sv\/wp-json\/wp\/v2\/pilar?post=7024"},{"taxonomy":"fase","embeddable":true,"href":"https:\/\/vopus.org\/sv\/wp-json\/wp\/v2\/fase?post=7024"},{"taxonomy":"conferencia","embeddable":true,"href":"https:\/\/vopus.org\/sv\/wp-json\/wp\/v2\/conferencia?post=7024"},{"taxonomy":"read_online","embeddable":true,"href":"https:\/\/vopus.org\/sv\/wp-json\/wp\/v2\/read_online?post=7024"},{"taxonomy":"author_tax","embeddable":true,"href":"https:\/\/vopus.org\/sv\/wp-json\/wp\/v2\/author_tax?post=7024"}],"curies":[{"name":"wp","href":"https:\/\/api.w.org\/{rel}","templated":true}]}}