{"id":6088,"date":"2020-07-19T13:34:08","date_gmt":"2020-07-19T11:34:08","guid":{"rendered":"https:\/\/vopus.org\/el-mantra-ephraim-para-el-desarrollo-de-los-chakras\/"},"modified":"2021-02-09T17:20:50","modified_gmt":"2021-02-09T16:20:50","slug":"el-mantra-ephraim-para-el-desarrollo-de-los-chakras","status":"publish","type":"post","link":"https:\/\/vopus.org\/sv\/el-mantra-ephraim-para-el-desarrollo-de-los-chakras\/","title":{"rendered":"Mantrat &#8221;EPHRAIM&#8221; f\u00f6r att utveckla chakrana"},"content":{"rendered":"Mantrat EPHRAIM har kraft att utveckla alla chakran och krafter tillh\u00f6rande v\u00e5r Kosmiska Kristus.<p><\/p>\n<p style=\"text-align:right\"><strong>Samael Aun Weor<\/strong><br><em>De Sju Orden<\/em><\/p>\n","protected":false},"excerpt":{"rendered":"<p>Mantrat EPHRAIM har kraft att utveckla alla chakran och krafter tillh\u00f6rande v\u00e5r Kosmiska Kristus&#8230;.<\/p>\n","protected":false},"author":9,"featured_media":6089,"comment_status":"open","ping_status":"open","sticky":false,"template":"","format":"standard","meta":{"footnotes":"","_links_to":"","_links_to_target":""},"categories":[193],"tags":[],"contenido":[292],"fuente":[],"pilar":[],"fase":[],"conferencia":[],"read_online":[],"author_tax":[341],"class_list":["post-6088","post","type-post","status-publish","format-standard","has-post-thumbnail","hentry","category-chakran","contenido-praktiker","author_tax-vopus-editorial-sv"],"_links":{"self":[{"href":"https:\/\/vopus.org\/sv\/wp-json\/wp\/v2\/posts\/6088","targetHints":{"allow":["GET"]}}],"collection":[{"href":"https:\/\/vopus.org\/sv\/wp-json\/wp\/v2\/posts"}],"about":[{"href":"https:\/\/vopus.org\/sv\/wp-json\/wp\/v2\/types\/post"}],"author":[{"embeddable":true,"href":"https:\/\/vopus.org\/sv\/wp-json\/wp\/v2\/users\/9"}],"replies":[{"embeddable":true,"href":"https:\/\/vopus.org\/sv\/wp-json\/wp\/v2\/comments?post=6088"}],"version-history":[{"count":0,"href":"https:\/\/vopus.org\/sv\/wp-json\/wp\/v2\/posts\/6088\/revisions"}],"wp:featuredmedia":[{"embeddable":true,"href":"https:\/\/vopus.org\/sv\/wp-json\/wp\/v2\/media\/6089"}],"wp:attachment":[{"href":"https:\/\/vopus.org\/sv\/wp-json\/wp\/v2\/media?parent=6088"}],"wp:term":[{"taxonomy":"category","embeddable":true,"href":"https:\/\/vopus.org\/sv\/wp-json\/wp\/v2\/categories?post=6088"},{"taxonomy":"post_tag","embeddable":true,"href":"https:\/\/vopus.org\/sv\/wp-json\/wp\/v2\/tags?post=6088"},{"taxonomy":"contenido","embeddable":true,"href":"https:\/\/vopus.org\/sv\/wp-json\/wp\/v2\/contenido?post=6088"},{"taxonomy":"fuente","embeddable":true,"href":"https:\/\/vopus.org\/sv\/wp-json\/wp\/v2\/fuente?post=6088"},{"taxonomy":"pilar","embeddable":true,"href":"https:\/\/vopus.org\/sv\/wp-json\/wp\/v2\/pilar?post=6088"},{"taxonomy":"fase","embeddable":true,"href":"https:\/\/vopus.org\/sv\/wp-json\/wp\/v2\/fase?post=6088"},{"taxonomy":"conferencia","embeddable":true,"href":"https:\/\/vopus.org\/sv\/wp-json\/wp\/v2\/conferencia?post=6088"},{"taxonomy":"read_online","embeddable":true,"href":"https:\/\/vopus.org\/sv\/wp-json\/wp\/v2\/read_online?post=6088"},{"taxonomy":"author_tax","embeddable":true,"href":"https:\/\/vopus.org\/sv\/wp-json\/wp\/v2\/author_tax?post=6088"}],"curies":[{"name":"wp","href":"https:\/\/api.w.org\/{rel}","templated":true}]}}