{"id":6009,"date":"2023-01-10T12:50:59","date_gmt":"2023-01-10T15:50:59","guid":{"rendered":"https:\/\/vopus.org\/mantra-egipto-para-el-desdoblamiento-astral\/"},"modified":"2023-01-10T12:51:28","modified_gmt":"2023-01-10T15:51:28","slug":"mantrat-egipto-for-astraldelning","status":"publish","type":"post","link":"https:\/\/vopus.org\/sv\/mantrat-egipto-for-astraldelning\/","title":{"rendered":"Mantrat EGIPTO f\u00f6r astraldelning"},"content":{"rendered":"\n<p>V\u00e5ra elever b\u00f6r f\u00f6rv\u00e4rva kraften att g\u00e5 ut i astralkroppen. Denna kraft f\u00f6rv\u00e4rvar man genom att vokalisera mantrat EGIPTO dagligen under en timme.<\/p>\n\n\n\n<p>Vokalen E f\u00e5r sk\u00f6ldk\u00f6rteln att vibrera. G (CH) v\u00e4cker leverns chakra, och n\u00e4r detta chakra har uppn\u00e5tt sin fullst\u00e4ndiga utveckling, d\u00e5 kan m\u00e4nniskan g\u00e5 in och ut ur kroppen var g\u00e5ng som man \u00f6nskar det. Vokalen I kombinerad med bokstaven P utvecklar kl\u00e4rvoajansen hos m\u00e4nniskan och makt att kunna g\u00e5 ut i sin astralkropp genom tallkottk\u00f6rteln. Bokstaven T sl\u00e5r mot vokalen O (\u00c5), som \u00e4r n\u00e4ra f\u00f6rbunden med hj\u00e4rtchakrat, och p\u00e5 s\u00e5 vis kan m\u00e4nniskan f\u00f6rv\u00e4rva makt att l\u00f6sg\u00f6ra sig fr\u00e5n detta plexus och g\u00e5 ut i astralkroppen.<\/p>\n\n\n\n<p>Det korrekta uttalandet av mantrat \u00e4r s\u00e5 h\u00e4r: EEEEECHHHIIIIIPT\u00c5\u00c5\u00c5\u00c5\u00c5\u2026<\/p>\n\n\n\n<p>De som \u00e4nnu inte har lyckats med att g\u00e5 ut i astralkroppen med v\u00e5ra nycklar, har inte gjort det f\u00f6r de \u00e4ger inte denna kraft, och d\u00e5 b\u00f6r de f\u00f6rv\u00e4rva den genom att f\u00f6rst vokalisera mantrat EGIPTO under en timme dagligen. Detta mantra utvecklar p\u00e5 ett fullst\u00e4ndigt s\u00e4tt de chakran som \u00e4r f\u00f6rbundna med delningen av astralkroppen, eleven kommer d\u00e5 att kunna g\u00e5 in och ut ur kroppen av egen vilja.<\/p>\n\n\n\n<p class=\"has-text-align-right\"><strong>Samael Aun Weor<\/strong><br><em>De Sju Orden<\/em><br><em>Mantrat EGIPTO f\u00f6r astraldelning<\/em><\/p>\n","protected":false},"excerpt":{"rendered":"<p>V\u00e5ra elever b\u00f6r f\u00f6rv\u00e4rva kraften att g\u00e5 ut i astralkroppen. Denna kraft f\u00f6rv\u00e4rvar man genom att vokalisera mantrat EGIPTO dagligen under en timme.<br \/>\n Vokalen E f\u00e5r sk\u00f6ldk\u00f6rteln att vibrera. G &#8230;<\/p>\n","protected":false},"author":9,"featured_media":6010,"comment_status":"open","ping_status":"open","sticky":false,"template":"","format":"standard","meta":{"footnotes":"","_links_to":"","_links_to_target":""},"categories":[193,194],"tags":[],"contenido":[292],"fuente":[],"pilar":[],"fase":[],"conferencia":[],"read_online":[],"author_tax":[341],"class_list":["post-6009","post","type-post","status-publish","format-standard","has-post-thumbnail","hentry","category-chakran","category-dimensioner","contenido-praktiker","author_tax-vopus-editorial-sv"],"_links":{"self":[{"href":"https:\/\/vopus.org\/sv\/wp-json\/wp\/v2\/posts\/6009","targetHints":{"allow":["GET"]}}],"collection":[{"href":"https:\/\/vopus.org\/sv\/wp-json\/wp\/v2\/posts"}],"about":[{"href":"https:\/\/vopus.org\/sv\/wp-json\/wp\/v2\/types\/post"}],"author":[{"embeddable":true,"href":"https:\/\/vopus.org\/sv\/wp-json\/wp\/v2\/users\/9"}],"replies":[{"embeddable":true,"href":"https:\/\/vopus.org\/sv\/wp-json\/wp\/v2\/comments?post=6009"}],"version-history":[{"count":0,"href":"https:\/\/vopus.org\/sv\/wp-json\/wp\/v2\/posts\/6009\/revisions"}],"wp:featuredmedia":[{"embeddable":true,"href":"https:\/\/vopus.org\/sv\/wp-json\/wp\/v2\/media\/6010"}],"wp:attachment":[{"href":"https:\/\/vopus.org\/sv\/wp-json\/wp\/v2\/media?parent=6009"}],"wp:term":[{"taxonomy":"category","embeddable":true,"href":"https:\/\/vopus.org\/sv\/wp-json\/wp\/v2\/categories?post=6009"},{"taxonomy":"post_tag","embeddable":true,"href":"https:\/\/vopus.org\/sv\/wp-json\/wp\/v2\/tags?post=6009"},{"taxonomy":"contenido","embeddable":true,"href":"https:\/\/vopus.org\/sv\/wp-json\/wp\/v2\/contenido?post=6009"},{"taxonomy":"fuente","embeddable":true,"href":"https:\/\/vopus.org\/sv\/wp-json\/wp\/v2\/fuente?post=6009"},{"taxonomy":"pilar","embeddable":true,"href":"https:\/\/vopus.org\/sv\/wp-json\/wp\/v2\/pilar?post=6009"},{"taxonomy":"fase","embeddable":true,"href":"https:\/\/vopus.org\/sv\/wp-json\/wp\/v2\/fase?post=6009"},{"taxonomy":"conferencia","embeddable":true,"href":"https:\/\/vopus.org\/sv\/wp-json\/wp\/v2\/conferencia?post=6009"},{"taxonomy":"read_online","embeddable":true,"href":"https:\/\/vopus.org\/sv\/wp-json\/wp\/v2\/read_online?post=6009"},{"taxonomy":"author_tax","embeddable":true,"href":"https:\/\/vopus.org\/sv\/wp-json\/wp\/v2\/author_tax?post=6009"}],"curies":[{"name":"wp","href":"https:\/\/api.w.org\/{rel}","templated":true}]}}