{"id":44312,"date":"2026-04-30T11:27:20","date_gmt":"2026-04-30T14:27:20","guid":{"rendered":"https:\/\/vopus.org\/?p=44312"},"modified":"2026-04-30T11:27:24","modified_gmt":"2026-04-30T14:27:24","slug":"det-andliga-framkallar-det-oandliga","status":"publish","type":"post","link":"https:\/\/vopus.org\/sv\/det-andliga-framkallar-det-oandliga\/","title":{"rendered":"&#8221;Finitum producit infinitum&#8221; (Det \u00e4ndliga framkallar det o\u00e4ndliga)"},"content":{"rendered":"\n<p>Mycket k\u00e4ra v\u00e4nner:<\/p>\n\n<p>H\u00e4r skickar jag er det tjugonde emblemet ur den bok som \u00e4r <strong>skriven av Jacob Bornitz<\/strong> -1560\u20131625-, som ing\u00e5r i verket<em><strong> Emblematum Sacrorum et civilium miscellaneorum<\/strong><\/em>, \u201dOlika heliga och civila emblem\u201d.<\/p>\n\n<p>Denna gravyr b\u00e4r titeln&#8230;<\/p>\n\n<h2 class=\"wp-block-heading has-text-align-center\" id=\"h-finitum-producit-infinitum-lo-finito-produce-lo-infinito\"><em>\u2026FINITUM PRODUCIT INFINITUM<\/em><br \/>\u2500\u2018Det \u00e4ndliga framkallar det o\u00e4ndliga\u2019\u2500<\/h2>\n<div class=\"wp-block-image\">\n<figure class=\"aligncenter size-large\"><img decoding=\"async\" width=\"960\" height=\"1011\" src=\"https:\/\/vopus.org\/wp-content\/uploads\/2026\/03\/finitum-producit-infinitum-jakob-bornitz-960x1011.jpg\" alt=\"Det &#xE4;ndliga framkallar det o&#xE4;ndliga, Jakob Bornitz\" class=\"wp-image-43923\" title=\"Det &#xE4;ndliga framkallar det o&#xE4;ndliga, Jakob Bornitz\" srcset=\"https:\/\/vopus.org\/wp-content\/uploads\/2026\/03\/finitum-producit-infinitum-jakob-bornitz-960x1011.jpg 960w, https:\/\/vopus.org\/wp-content\/uploads\/2026\/03\/finitum-producit-infinitum-jakob-bornitz-480x505.jpg 480w, https:\/\/vopus.org\/wp-content\/uploads\/2026\/03\/finitum-producit-infinitum-jakob-bornitz-768x809.jpg 768w, https:\/\/vopus.org\/wp-content\/uploads\/2026\/03\/finitum-producit-infinitum-jakob-bornitz.jpg 795w\" sizes=\"(max-width: 960px) 100vw, 960px\" \/><\/figure><\/div>\n<p><\/p>\n\n<p>En text p\u00e5 latin:<\/p>\n\n<pre class=\"wp-block-preformatted\">Innumeros numerus numeros numerabilis edit; Cantio ceu miris fert variata modis.<\/pre>\n\n<p>\u00d6vers\u00e4ttning: \u2018Ett tal ger upphov till o\u00e4ndligt m\u00e5nga tal, precis som s\u00e5ngen frambringar en m\u00e5ngfald av underbara melodier\u2019.<\/p>\n\n<p>Den latinska frasen f\u00f6rmedlar n\u00e5got som Gnosis alltid har betonat. Utan tvekan ligger det ursprungliga fr\u00f6et till sj\u00e4lva skapelsen underliggande i de skapade v\u00e4rldarna. P\u00e5 s\u00e5 s\u00e4tt \u00e4r det som V.M. Samael kallade <em>ili\u00e1ster<\/em> i grunden sj\u00e4lva grodden till allt skapat. D\u00e4rf\u00f6r kan vi dra slutsatsen att ur de skapade ting kommer fler och fler former att spira fram, vilka kommer att bli en del av Helheten.<\/p>\n\n<p>P\u00e5 detta s\u00e4tt \u00e4r det l\u00e4tt att dra slutsatsen att det r\u00e4knebara talet kommer att generera andra tal som kan vara o\u00e4ndliga. Om vi t\u00e4nker p\u00e5 v\u00e5r ursprungliga Monad kan vi verkligen f\u00f6rst\u00e5 och inse att, \u00e4ven om det f\u00f6r oss uppenbarligen \u00e4r en r\u00e5 verklighet i dess m\u00f6jligheter, enligt vad Gnosis ber\u00e4ttar f\u00f6r oss, s\u00e5 kommer den, n\u00e4r den v\u00e4l \u00e4r sj\u00e4lvf\u00f6rverkligad, att kunna f\u00f6r\u00f6ka sig och bli n\u00e5got o\u00e4ndligt, efter att ha er\u00f6vrat tillst\u00e5nden \u201dSol\u00e4r Struktur\u201d och \u201dGalaktisk Struktur\u201d f\u00f6r att n\u00e4rma sig tillst\u00e5ndet \u201dO\u00e4ndlig Struktur\u201d.<\/p>\n\n<p>D\u00e4rf\u00f6r h\u00e4vdade Pythagoras att talet var <strong>heligt och o\u00e4ndligt,<\/strong> och han tog inte emot elever i sin skola som inte beh\u00e4rskade grunderna i matematik och musik. B\u00e5da dessa vetenskaper har sin grund i oktaverna. Av denna anledning kan vilken musik som helst perfekt f\u00f6ras fr\u00e5n ton till ton tills den \u00e5terljuder i oktaver som \u00e4r om\u00f6jliga att uppfatta f\u00f6r det m\u00e4nskliga \u00f6rat. P\u00e5 samma s\u00e4tt, om vi b\u00f6rjar r\u00e4kna fr\u00e5n NOLL, skulle vi kunna n\u00e5 det <strong>o\u00e4ndliga talet<\/strong>.<\/p>\n\n<p>Den centrala figuren i v\u00e5r gravyr visar tydligt vad vi h\u00e4r kommenterar. Vi kan se ett tygstycke p\u00e5 vilket musiknoter finns nedtecknade, vilket f\u00e5r oss att f\u00f6rst\u00e5 att skapelsens grund vilar p\u00e5 just dessa noter och p\u00e5 de oktaver som vi kan uppfatta. Detta \u00e4r ett av de mysterier som omger sj\u00e4lva THEOMEGALOGOS.<\/p>\n\n<p>L\u00e5t oss komma ih\u00e5g att en av nycklarna till att framkalla en utg\u00e5ng i astralkroppen \u00e4r just \u00e4r det NIRIUNOSSIANSKA LJUDET. Detta ljud kopplar oss samman med de vibrationer som finns i den astrala v\u00e4rlden, och dessa vibrationer s\u00e4tter ig\u00e5ng de energetiska atomerna i v\u00e5ra astrala vehiklar, vilket g\u00f6r att vi vid ett visst \u00f6gonblick befinner oss i den subtila atmosf\u00e4ren i de h\u00f6gre dimensionerna&#8230;<\/p>\n\n<p>Jag \u00f6verl\u00e4mnar nu n\u00e5gra fraser till er f\u00f6r reflektion:<\/p>\n\n<p><strong><em>\u00abMusiken \u00e4r civilisationens seger \u00f6ver barbariet, eftersom den \u00e4r ett universellt spr\u00e5k\u00bb.<\/em><\/strong><br \/>F\u00faster y Arnaldo<\/p>\n\n<p><strong><em>\u00abMusiken \u00e4r som ett universellt spr\u00e5k som p\u00e5 ett harmoniskt vis sjunger livets alla k\u00e4nslor\u00bb.<\/em><\/strong><br \/>Moli\u00e8re<\/p>\n\n<p><strong><em>\u00abMusiken utg\u00f6r en h\u00f6gre uppenbarelse \u00e4n n\u00e5gon filosofi\u00bb.<\/em><\/strong><br \/>Beethoven<\/p>\n\n<p><strong><em>\u00abMusiken \u00e4r ordningens v\u00e4sen och upph\u00f6jer alla sj\u00e4lar mot det goda, det r\u00e4ttf\u00e4rdiga och det vackra. Den b\u00f6r vara f\u00f6r sj\u00e4len vad gymnastiken \u00e4r f\u00f6r kroppen\u00bb.<\/em><\/strong><br \/>Platon<\/p>\n\n<p><strong><em>\u00abMusiken \u00e4r det o\u00e4ndligas r\u00f6st\u00bb.<\/em><\/strong><br \/>Campoamor<\/p>\n\n<p class=\"has-text-align-center\"><strong><em>NON PLUS ULTRA<\/em><\/strong><br \/>\u2500\u2018Inte l\u00e4ngre \u00e4n s\u00e5\u2019\u2500<\/p>\n\n<p><strong>KWEN KHAN KHU<\/strong><\/p>\n","protected":false},"excerpt":{"rendered":"<p>Vi ser en duk med musiknoter nedtecknade, vilket f\u00e5r oss att f\u00f6rst\u00e5 att skapelsens grund vilar p\u00e5 dessa noter och p\u00e5 de oktaver som vi kan uppfatta. Detta \u00e4r ett av de mysterier som omger sj\u00e4lva THEOMEGALOGOS.<\/p>\n","protected":false},"author":4,"featured_media":43922,"comment_status":"open","ping_status":"open","sticky":false,"template":"","format":"standard","meta":{"footnotes":"","_links_to":"","_links_to_target":""},"categories":[483,160,470],"tags":[502,514,717,1084,1686,1688],"contenido":[277],"fuente":[],"pilar":[],"fase":[],"conferencia":[],"read_online":[],"author_tax":[321],"class_list":["post-44312","post","type-post","status-publish","format-standard","has-post-thumbnail","hentry","category-universella-symboler","category-alkemi","category-meddelanden-vm-kwen-khan-khu","tag-simbolos-universales-sv","tag-simbolismo-sv","tag-alquimia-sv","tag-grabados-sv","tag-jakob-bornitz","tag-musik-och-oktaver","contenido-artiklar","author_tax-v-m-kwen-khan-khu-sv"],"_links":{"self":[{"href":"https:\/\/vopus.org\/sv\/wp-json\/wp\/v2\/posts\/44312","targetHints":{"allow":["GET"]}}],"collection":[{"href":"https:\/\/vopus.org\/sv\/wp-json\/wp\/v2\/posts"}],"about":[{"href":"https:\/\/vopus.org\/sv\/wp-json\/wp\/v2\/types\/post"}],"author":[{"embeddable":true,"href":"https:\/\/vopus.org\/sv\/wp-json\/wp\/v2\/users\/4"}],"replies":[{"embeddable":true,"href":"https:\/\/vopus.org\/sv\/wp-json\/wp\/v2\/comments?post=44312"}],"version-history":[{"count":9,"href":"https:\/\/vopus.org\/sv\/wp-json\/wp\/v2\/posts\/44312\/revisions"}],"predecessor-version":[{"id":44354,"href":"https:\/\/vopus.org\/sv\/wp-json\/wp\/v2\/posts\/44312\/revisions\/44354"}],"wp:featuredmedia":[{"embeddable":true,"href":"https:\/\/vopus.org\/sv\/wp-json\/wp\/v2\/media\/43922"}],"wp:attachment":[{"href":"https:\/\/vopus.org\/sv\/wp-json\/wp\/v2\/media?parent=44312"}],"wp:term":[{"taxonomy":"category","embeddable":true,"href":"https:\/\/vopus.org\/sv\/wp-json\/wp\/v2\/categories?post=44312"},{"taxonomy":"post_tag","embeddable":true,"href":"https:\/\/vopus.org\/sv\/wp-json\/wp\/v2\/tags?post=44312"},{"taxonomy":"contenido","embeddable":true,"href":"https:\/\/vopus.org\/sv\/wp-json\/wp\/v2\/contenido?post=44312"},{"taxonomy":"fuente","embeddable":true,"href":"https:\/\/vopus.org\/sv\/wp-json\/wp\/v2\/fuente?post=44312"},{"taxonomy":"pilar","embeddable":true,"href":"https:\/\/vopus.org\/sv\/wp-json\/wp\/v2\/pilar?post=44312"},{"taxonomy":"fase","embeddable":true,"href":"https:\/\/vopus.org\/sv\/wp-json\/wp\/v2\/fase?post=44312"},{"taxonomy":"conferencia","embeddable":true,"href":"https:\/\/vopus.org\/sv\/wp-json\/wp\/v2\/conferencia?post=44312"},{"taxonomy":"read_online","embeddable":true,"href":"https:\/\/vopus.org\/sv\/wp-json\/wp\/v2\/read_online?post=44312"},{"taxonomy":"author_tax","embeddable":true,"href":"https:\/\/vopus.org\/sv\/wp-json\/wp\/v2\/author_tax?post=44312"}],"curies":[{"name":"wp","href":"https:\/\/api.w.org\/{rel}","templated":true}]}}