{"id":37360,"date":"2025-01-08T15:49:39","date_gmt":"2025-01-08T18:49:39","guid":{"rendered":"https:\/\/vopus.org\/?p=37360"},"modified":"2025-01-27T15:08:41","modified_gmt":"2025-01-27T18:08:41","slug":"kraftens-ande","status":"publish","type":"post","link":"https:\/\/vopus.org\/sv\/kraftens-ande\/","title":{"rendered":"&#8221;Spiritus Fortitvdinis&#8221; (Kraftens ande)"},"content":{"rendered":"\n<p>Mycket k\u00e4ra l\u00e4sare:<\/p>\n\n<p>Jag har n\u00f6jet att vid detta tillf\u00e4lle s\u00e4nda er en annan av de gravyrer som relaterar till till <strong>den Helige Andes g\u00e5vor<\/strong>. I detta fall s\u00e4nder jag den gravyr som ber\u00f6r&#8230;<\/p>\n\n<h2 class=\"wp-block-heading has-text-align-center\">\u2026SPIRITUS FORTITVDINIS&#013;\n\u2500\u2018Kraftens ande\u2019\u2500<\/h2>\n<div class=\"wp-block-image\">\n<figure class=\"aligncenter size-large is-resized\"><img decoding=\"async\" width=\"960\" height=\"1568\" src=\"https:\/\/vopus.org\/wp-content\/uploads\/2024\/09\/2012FF8406-960x1568.jpg\" alt=\"Spiritus Fortitvdinis, El esp&#xED;ritu de poder\" class=\"wp-image-35486\" style=\"width:400px\" title=\"Spiritus Fortitvdinis, El esp&#xED;ritu de poder\" srcset=\"https:\/\/vopus.org\/wp-content\/uploads\/2024\/09\/2012FF8406-960x1568.jpg 960w, https:\/\/vopus.org\/wp-content\/uploads\/2024\/09\/2012FF8406-480x784.jpg 480w, https:\/\/vopus.org\/wp-content\/uploads\/2024\/09\/2012FF8406-768x1255.jpg 768w, https:\/\/vopus.org\/wp-content\/uploads\/2024\/09\/2012FF8406.jpg 1061w\" sizes=\"(max-width: 960px) 100vw, 960px\" \/><\/figure><\/div>\n<p>I detta andra konstn\u00e4rliga arbete har f\u00f6rfattaren velat visa oss en annan av de storslagna yttringarna av den <strong>Helige Ande<\/strong>, i det h\u00e4r fallet syftar han p\u00e5 den kapacitet som han besitter att sk\u00e4nka sj\u00e4larna den <strong>styrka eller kraft<\/strong> som \u00e4r n\u00f6dv\u00e4ndig f\u00f6r att konfronteras med de olika omst\u00e4ndigheterna i v\u00e5r existens.<\/p>\n\n<p>F\u00f6r att helt och h\u00e5llet g\u00e5 in i v\u00e5r beskrivning, ska vi observera att centralfiguren i v\u00e5r gravyr utg\u00f6rs av en ungm\u00f6. Men varf\u00f6r representerar man alla dessa g\u00e5vor som \u00e4r tillskrivna den Helige Ande i formen av kvinnor eller ungm\u00f6er? Svar: Om vi kommer ih\u00e5g v\u00e5r studie betr\u00e4ffande Sefirottr\u00e4det i ljuset av <strong>Gnosis<\/strong>, minns vi att maken till den <strong>Gudomliga Modern<\/strong> \u00e4r, just precis, den Helige Ande, med vilket vi l\u00e4tt kan f\u00f6rst\u00e5 att s\u00e5v\u00e4l Han som Hon formar en helhet som fyller den fromme med deras g\u00e5vor eller transcendentala metafysiska egenskaper.&#013;\n&#013;\n\u00a0<\/p>\n\n<p>F\u00f6rst observerar vi att huvudet till denna kvinna \u00e4r omgivet av <strong>eld<\/strong>, vilket f\u00e5r oss att f\u00f6rst\u00e5 att hon \u00e4r upplyst. Det \u00e4r, f\u00f6rvisso, elden som slutligen avg\u00f6r, genom att upplysa oss under v\u00e5r existens, om vi arbetar i <strong>Vulcanos gl\u00f6dande Smedja<\/strong>, som v\u00e5ra l\u00e4ror v\u00e4l uttrycker det. D\u00e4rf\u00f6r \u00e4r v\u00e5rt valspr\u00e5k <strong>Thelema och<\/strong> <strong>INRI,<\/strong> med andra ord: <strong>Vilja och Eld.<\/strong><\/p>\n\n<p>Genast d\u00e4refter l\u00e4gger vi m\u00e4rke till att kvinnan i v\u00e5r illustration har en krona av<strong> lagerblad<\/strong>, symbol f\u00f6r seger, andliga segrar eller materiella.<\/p>\n\n<p>Sedan, n\u00e4r vi beskriver kl\u00e4dnaden till v\u00e5r vackra ungm\u00f6, visar man oss att hon p\u00e5 sin h\u00f6gra sida, mer konkret p\u00e5 sin h\u00f6gra axel b\u00e4r skinnet till Lejonet fr\u00e5n Nemea, i likhet med <strong>Herkules i den grekiska mytologin.<\/strong> Detta syftar p\u00e5 den <strong>styrka eller kraft<\/strong> som vi vid ett visst tillf\u00e4lle beh\u00f6ver f\u00f6r att motverka <strong>en fara, en sjukdom, en sv\u00e5righet, etc., etc, etc&#8230;.<\/strong> Det \u00e4r uppenbart att denna kraft kommer att h\u00e4rr\u00f6ra fr\u00e5n den outs\u00e4glige Helige Ande.<\/p>\n\n<p>Men, som om det inte vore nog, st\u00f6djer hon sin h\u00f6gra arm p\u00e5 en klubba, ett vapen som ocks\u00e5 anv\u00e4ndes av den mytologiska sol\u00e4ra hj\u00e4lten -det vill s\u00e4ga: Herkules-f\u00f6r att bek\u00e4mpa alla onda krafter som f\u00f6rf\u00f6ljde honom under de tolv storverk som Gudarna hade tilldelat honom som ett villkor f\u00f6r att kunna \u00e5terv\u00e4nda till Olympen. Denna klubba representerar den <strong>kraft<\/strong> som den mycket helige Helige Ande kan ingjuta i oss n\u00e4r vi blir f\u00f6rf\u00f6ljda av onda v\u00e4senden eller av motg\u00e5ngar i allm\u00e4nhet.<\/p>\n\n<p>Det \u00e4r utom alla fr\u00e5ga att vi, under v\u00e5ra arbeten i den <strong>Nionde Sf\u00e4ren<\/strong>, kan och b\u00f6r v\u00e4dja till den Helige Ande s\u00e5 att han f\u00f6rsvarar oss genom att med sin Heliga Eld f\u00f6rinta de s\u00e5 kallade <strong>icke \u00f6nskv\u00e4rda psykologiska aggregaten<\/strong> &#8211; det vill s\u00e4ga: defekterna-, och om v\u00e5r b\u00f6n \u00e4r uppriktig och fylld med tro kommer s\u00e5v\u00e4l han som hans gem\u00e5l <strong>Stella Maris<\/strong> att reducera dessa energim\u00e4ssiga missfoster, som vi b\u00e4r i v\u00e5rt inre, till aska, s\u00e5dan \u00e4r Lagen.<\/p>\n\n<p>\u00c4ven om vi inte h\u00e5ller p\u00e5 att arbeta i Vulcanus Mysterier, kan vi \u00e5kalla den gudomliga Helige Ande f\u00f6r att be honom att han avl\u00e4gsnar alla typer av <strong>m\u00f6rker<\/strong> fr\u00e5n oss, <strong>vare sig de \u00e4r inv\u00e4ndiga eller yttre<\/strong>, det f\u00e5r vi inte gl\u00f6mma.<\/p>\n\n<p>N\u00e4r vi har behov av att tala med personer f\u00f6r att ingjuta kraft hos dem f\u00f6r att forts\u00e4tta striden mot det DJURISKA EGOT, \u00e4r den <strong>Helige Ande<\/strong> v\u00e5r b\u00e4sta allierade. Han \u00e4r ocks\u00e5 den <strong>stora uppenbararen<\/strong> mitt under n\u00e5gon f\u00f6rvirring som vi eller andra personer kan ha n\u00e4r vi f\u00f6rs\u00f6ker strida mot satan.<\/p>\n\n<p>Vi b\u00f6r, p\u00e5 samma s\u00e4tt, n\u00e4r v\u00e5ra moraliska krafter avtar, anv\u00e4nda oss av den <strong>styrka<\/strong> som maken till den Gudomliga Modern kan sk\u00e4nka oss och Han kommer omedelbart till v\u00e5r unds\u00e4ttning f\u00f6r f\u00f6r att l\u00e4gga sin kraft d\u00e4r v\u00e5r svaghet finns. De stora kriser som framkallas n\u00e4r vi h\u00e5ller p\u00e5 att konfronteras med den <strong>onde och hans legioner<\/strong> kan vi \u00f6vervinna med hj\u00e4lpen av det <strong>Tredje Logos Gudomliga Eld.<\/strong> P\u00e5 samma s\u00e4tt, n\u00e4r vi befinner oss bed\u00f6vade av den lunara kylan i v\u00e5rt dagliga liv, r\u00e4cker det att t\u00e4nda ett ljus och be till den gudomlige Helige Ande att han ger oss styrka och fyller oss med entusiasm under \u00a0den <strong>Hemliga V\u00e4gens<\/strong> karghet. <strong>\u00a0<\/strong><\/p>\n\n<p>Vi beh\u00f6ver alltid f\u00e5 hj\u00e4lp fr\u00e5n <strong>energin fr\u00e5n den Helige Ande,<\/strong> f\u00f6r den v\u00e4g som har avsl\u00f6jats f\u00f6r oss av den v\u00e4lsignade M\u00e4staren Samael Aun Weor \u00e4r verkligen en stig full av faror <strong>inv\u00e4ndigt och utv\u00e4ndigt,<\/strong> och ingen kommer b\u00e4ttre \u00e4n den Helige Ande att kunna varna oss f\u00f6r de sv\u00e5righeter eller f\u00e4llor som \u00f6ppnar sig f\u00f6r den dj\u00e4rva \u00e4ventyrare som s\u00f6ker efter sin Stora Inre Realitet.<\/p>\n\n<p>N\u00e4r vi beh\u00f6ver ljus f\u00f6r att f\u00f6rst\u00e5 varf\u00f6r vi kan k\u00e4nna oss stagnerade under del av v\u00e5r pilgrimsf\u00e4rd, kommer det just precis att vara den<strong> Helige Ande<\/strong> som kommer att \u00a0visa oss, kanske i de inre v\u00e4rldarna, i dr\u00f6mv\u00e4rlden eller i v\u00e5rt dagliga liv i det tredimensionella livet, l\u00f6sningen p\u00e5 v\u00e5ra ovissheter, p\u00e5 v\u00e5ra bedr\u00f6velser eller p\u00e5 v\u00e5r brist p\u00e5 viljekraft, detta m\u00e5ste vi ha mycket klart f\u00f6r oss.<\/p>\n\n<p>Nu visar jag er den fras som framtr\u00e4der vid foten av v\u00e5r gravyr. Det handlar om en latinsk fras som lyder p\u00e5 detta s\u00e4tt:<\/p>\n\n<blockquote class=\"wp-block-quote is-layout-flow wp-block-quote-is-layout-flow\">\n<p>\u00abMirabilis Deus in Sanctis suis: Deus Israel ipse dabit virtutem, et fortitudinem plebi suae. Psal.67\u00bb.<\/p>\n<\/blockquote>\n\n<p>\u00d6vers\u00e4ttning: <strong>\u2018Gud \u00e4r underbar gentemot sina helgon. Israels Gud kommer sj\u00e4lv att ge kraft och mod till sitt folk \u2019.<\/strong><\/p>\n\n<p><strong>Detta tillh\u00f6r psalm 67<\/strong>. Jag skriver nu den bibliska referens som har att g\u00f6ra med denna pslam:<\/p>\n\n<blockquote class=\"wp-block-quote is-layout-flow wp-block-quote-is-layout-flow\">\n<p>\u00abUppmaning till l\u00e4nderna, s\u00e5 att de prisar Gud<\/p>\n\n\n\n<p>67 Gud var barmh\u00e4rtig och v\u00e4lsigna oss med din n\u00e5d;<\/p>\n\n\n\n<p>l\u00e5tt ditt ansikte lysa \u00f6ver oss; Selah.<\/p>\n\n\n\n<p>2 F\u00f6r att din v\u00e4g ska bli k\u00e4nd p\u00e5 jorden,<\/p>\n\n\n\n<p>nyheten om din fr\u00e4lsning i alla l\u00e4nder.<\/p>\n\n\n\n<p>3 M\u00e5 alla folk prisa dig, O Gud;<\/p>\n\n\n\n<p>m\u00e5 alla folk prisa dig.<\/p>\n\n\n\n<p>4 M\u00e5 l\u00e4nderna gl\u00e4dja sig och fr\u00f6jda sig,<\/p>\n\n\n\n<p>f\u00f6r du r\u00e5der r\u00e4ttvist \u00f6ver folken, och leder l\u00e4nderna p\u00e5 jorden. Selah.<\/p>\n\n\n\n<p>5 M\u00e5 folken prisa dig, oh Gud;<\/p>\n\n\n\n<p>m\u00e5 alla folk prisa dig.<\/p>\n\n\n\n<p>6 Jorden kommer att ge sin frukt:<\/p>\n\n\n\n<p>Gud kommer att v\u00e4lsigna oss, v\u00e5r Gud.<\/p>\n\n\n\n<p>7 V\u00e4lsigna oss Gud,<\/p>\n\n\n\n<p>och hela jorden skall frukta honom\u00bb.<\/p>\n<\/blockquote>\n\n<p>Som<strong> Israels<\/strong> folk ska vi f\u00f6rst\u00e5, inte det folk som \u00e4r \u00e4r lokaliserat mitt i Mellan \u00d6stern i den nuvarande geografin, utan det folk av fromma eller Invigda som s\u00f6ker<strong> IS<\/strong> -det vill s\u00e4ga:<strong> ISIS, den Gudomliga Modern<\/strong> <strong>-, RA<\/strong> -den sol\u00e4ra kraften &#8211; och <strong>EL<\/strong> &#8211; som ska \u00f6vers\u00e4ttas som: ELI\u00da, EL\u00cdAS, \u00c9L, <strong>VARAT-.<\/strong><\/p>\n\n<p>Jag till\u00e4ger nu n\u00e5gra fraser till er f\u00f6r er reflektion:<\/p>\n\n<p><strong><em>\u00abDen kraft som inte leds av visdomen kollapsar av sig sj\u00e4lv\u00bb.<\/em><\/strong>&#013;\nHoratius<\/p>\n\n<p><strong><em>\u00abKraften best\u00e5r inte i att kullkasta en fiende utan att minska hans vrede\u00bb.<\/em><\/strong>&#013;\nPlutarchos<\/p>\n\n<p><strong><em>\u00abDet \u00e4r utm\u00e4rkt att ha kraft som en j\u00e4tte, men att anv\u00e4nda den som en j\u00e4tte passar en tyrann \u00bb.<\/em><\/strong>&#013;\nShakespeare<\/p>\n\n<p><strong><em>\u00abEn svag l\u00e5ga b\u00f6rjar v\u00e4xa genom minsta lilla vindpust, men orkanen f\u00e5r en eldsv\u00e5da att sl\u00e4ckas fr\u00e5n grunden\u00bb.<\/em><\/strong>&#013;\nShakespeare<\/p>\n\n<p><strong><em>\u00abVar stark i att vara salig\u00bb.<\/em><\/strong>&#013;\nLongfellow<\/p>\n\n<p class=\"has-text-align-center\"><strong><em>OMNIA VINCIT AMOR.<\/em><\/strong>&#013;\n\u2500\u2018K\u00e4rleken besegrar allt\u2019\u2500.<\/p>\n\n<p class=\"has-text-align-center\"><strong>KWEN KHAN KHU<\/strong><\/p>\n","protected":false},"excerpt":{"rendered":"<p>Denna gravyr visar oss att den Helige Ande sk\u00e4nker sj\u00e4larna styrka eller den kraft som \u00e4r n\u00f6dv\u00e4ndig f\u00f6r att konfronteras med de olika omst\u00e4ndigheterna i v\u00e5r existens.<\/p>\n","protected":false},"author":4,"featured_media":35511,"comment_status":"open","ping_status":"open","sticky":false,"template":"","format":"standard","meta":{"footnotes":"","_links_to":"","_links_to_target":""},"categories":[126,169,210,470],"tags":[],"contenido":[277],"fuente":[49],"pilar":[],"fase":[],"conferencia":[],"read_online":[],"author_tax":[321],"class_list":["post-37360","post","type-post","status-publish","format-standard","has-post-thumbnail","hentry","category-antropologi","category-kabbala","category-mystik","category-meddelanden-vm-kwen-khan-khu","contenido-artiklar","fuente-maestro","author_tax-v-m-kwen-khan-khu-sv"],"_links":{"self":[{"href":"https:\/\/vopus.org\/sv\/wp-json\/wp\/v2\/posts\/37360","targetHints":{"allow":["GET"]}}],"collection":[{"href":"https:\/\/vopus.org\/sv\/wp-json\/wp\/v2\/posts"}],"about":[{"href":"https:\/\/vopus.org\/sv\/wp-json\/wp\/v2\/types\/post"}],"author":[{"embeddable":true,"href":"https:\/\/vopus.org\/sv\/wp-json\/wp\/v2\/users\/4"}],"replies":[{"embeddable":true,"href":"https:\/\/vopus.org\/sv\/wp-json\/wp\/v2\/comments?post=37360"}],"version-history":[{"count":10,"href":"https:\/\/vopus.org\/sv\/wp-json\/wp\/v2\/posts\/37360\/revisions"}],"predecessor-version":[{"id":37583,"href":"https:\/\/vopus.org\/sv\/wp-json\/wp\/v2\/posts\/37360\/revisions\/37583"}],"wp:featuredmedia":[{"embeddable":true,"href":"https:\/\/vopus.org\/sv\/wp-json\/wp\/v2\/media\/35511"}],"wp:attachment":[{"href":"https:\/\/vopus.org\/sv\/wp-json\/wp\/v2\/media?parent=37360"}],"wp:term":[{"taxonomy":"category","embeddable":true,"href":"https:\/\/vopus.org\/sv\/wp-json\/wp\/v2\/categories?post=37360"},{"taxonomy":"post_tag","embeddable":true,"href":"https:\/\/vopus.org\/sv\/wp-json\/wp\/v2\/tags?post=37360"},{"taxonomy":"contenido","embeddable":true,"href":"https:\/\/vopus.org\/sv\/wp-json\/wp\/v2\/contenido?post=37360"},{"taxonomy":"fuente","embeddable":true,"href":"https:\/\/vopus.org\/sv\/wp-json\/wp\/v2\/fuente?post=37360"},{"taxonomy":"pilar","embeddable":true,"href":"https:\/\/vopus.org\/sv\/wp-json\/wp\/v2\/pilar?post=37360"},{"taxonomy":"fase","embeddable":true,"href":"https:\/\/vopus.org\/sv\/wp-json\/wp\/v2\/fase?post=37360"},{"taxonomy":"conferencia","embeddable":true,"href":"https:\/\/vopus.org\/sv\/wp-json\/wp\/v2\/conferencia?post=37360"},{"taxonomy":"read_online","embeddable":true,"href":"https:\/\/vopus.org\/sv\/wp-json\/wp\/v2\/read_online?post=37360"},{"taxonomy":"author_tax","embeddable":true,"href":"https:\/\/vopus.org\/sv\/wp-json\/wp\/v2\/author_tax?post=37360"}],"curies":[{"name":"wp","href":"https:\/\/api.w.org\/{rel}","templated":true}]}}