{"id":23201,"date":"2023-02-11T11:52:56","date_gmt":"2023-02-11T14:52:56","guid":{"rendered":"https:\/\/vopus.org\/las-vestiduras-del-alma\/"},"modified":"2023-02-11T11:53:42","modified_gmt":"2023-02-11T14:53:42","slug":"sjalens-kladnader","status":"publish","type":"post","link":"https:\/\/vopus.org\/sv\/sjalens-kladnader\/","title":{"rendered":"Sj\u00e4lens kl\u00e4dnader"},"content":{"rendered":"\n<p>K\u00e4raste l\u00e4sare:<\/p>\n\n\n\n<p>Det gl\u00e4der mig att f\u00f6rmedla n\u00e5gra ord till er betr\u00e4ffande temat av:<\/p>\n\n\n\n<h2 class=\"has-text-align-center wp-block-heading\">SJ\u00c4LENS KL\u00c4DNADER <\/h2>\n\n\n\n<p>Till\u00e5t mig b\u00f6rja med att s\u00e4ga till er att, enligt det bibliska Genesis blev det edeniska paret Adam och Eva &#8211; vilka i sj\u00e4lva verket allegoriserar den lemuriska m\u00e4nskligheten &#8211; utvisade fr\u00e5n paradiset -medvetandet- som de \u00e5tnj\u00f6t, f\u00f6r att de hade beg\u00e5tt den s\u00e5 kallade ARVSYNDEN. Fr\u00e5n och med det att m\u00e4nskligheten l\u00e4rde k\u00e4nna otukten, blev den fr\u00e5ntagen dess \u00e4nglakl\u00e4dnader och f\u00f6rblev nakna inf\u00f6r Herrens \u00f6gon -det vill s\u00e4ga: VARAT -. Denna nakenhet m\u00e5ste f\u00f6rst\u00e5s, inte bokstavligt, nej; man m\u00e5ste tolka det som f\u00f6rlusten av deras sj\u00e4lsliga v\u00e4rden och deras heliga f\u00f6rm\u00e5gor av kognition f\u00f6r att d\u00e5 bli f\u00e5ngade i det DJURISKA EGOT\u2026..<\/p>\n\n\n\n<p>Vi vet alla att det enda s\u00e4ttet att \u00e5terh\u00e4mta den F\u00d6RLORADE OSKULDEN best\u00e5r vi forts\u00e4tter att best\u00e5 i handlingen av att AVST\u00c5 FR\u00c5N DEN OSUNDA VANAN AV OTUKT och anv\u00e4nda vetenskapen om transmutationen av v\u00e5ra ursprungliga energier eller de medeltida alkemisternas HEMLIGA KVICKSILVER; detta \u00e4r HUVUDNYCKELN f\u00f6r att \u00e5terv\u00e4nda till \u00e4nglastadiet.<\/p>\n\n\n\n<p>N\u00e5v\u00e4l, det \u00e4r nu bra att veta att, tack vare den givande , djupa och vackra l\u00e4ra som v\u00e5r Patriark \u00f6verl\u00e4mnat till oss, kan vi \u00e5teruppbygga v\u00e5r dolda anatomi&nbsp; genom att \u00e5terskapa dessa inre vehiklar som vi redan \u00e4gt men vilka&nbsp; vi under m\u00e5nga existenser fyllt med kvicksilveroxid, eller skapa dessa vehiklar genom att utg\u00e5 fr\u00e5n den radikala nollan. S\u00e5v\u00e4l f\u00f6r de ena som f\u00f6r de andra &#8211; s\u00e4ger M\u00e4stare Samael-, s\u00e5 n\u00e4r n\u00e5gon v\u00e4ckte den Heliga Elden &#8211; en produkt av de alkemiska destilleringarna- tog man i det forntida Egypten emot den s\u00e5 kallade <strong>Thots tunika<\/strong>. Denna tunika var helt vit och den Invigde bar den d\u00e5 kontinuerligt. Det handlade inte p\u00e5 n\u00e5got vis om att den personen redan var en M\u00e4stare av visdom, nej, men detta var och forts\u00e4tter att vara en tradition inom det Vita Br\u00f6draskapet fram till v\u00e5ra dagar.<\/p>\n\n\n\n<p>Allt eftersom den Invigde avancerar p\u00e5 den <strong>Hemliga V\u00e4gen<\/strong> och b\u00f6rjar utveckla Kundalini eller den Heliga Elden i var och en av sina inre vehiklar, g\u00e5r denna tunika, onekligen igenom olika f\u00e4rger. P\u00e5 s\u00e5 s\u00e4tt, ska vi veta att en \u00e4r tunikan till astralkroppen &#8211; vilken lyser i olika f\u00e4rger-; en annan \u00e4r tunikan till mentalkroppen, i gul f\u00e4rg, vilken \u00e4r anledningen till att den Invigde f\u00f6rklaras vara b\u00e4rare av den buddhiska tunikan; en annan \u00e4r den Invigdes tunika i violett f\u00e4rg, n\u00e4r han v\u00e4l har rest eldarna i sin kausala kropp; och s\u00e5 vidare allt eftersom den Invigde sj\u00e4lv f\u00f6rdjupar sig mer och mer p\u00e5 den steniga stigen. &nbsp;<\/p>\n\n\n\n<p>Det \u00e4r klart att, n\u00e4r den Invigde v\u00e4l har rest den orm som f\u00f6rbinder honom med hans individuella Atman -det Innersta-, d\u00e5 ger det honom r\u00e4ttigheten att b\u00e4ra kl\u00e4dnaderna till hans Chesed med de heliga detaljer som den \u00e4ger, det vill s\u00e4ga: symboler som \u00e4r v\u00e4vda i denna, geometriska figurer som lagts till, etc., etc., etc.<\/p>\n\n\n\n<p>Allt eftersom den Invigde vill &#8211; f\u00f6r hans Sanna Vara vill det &#8211; f\u00f6rdjupa sig i de vises \u00f6ken eller den Direkta V\u00e4gen som kommenteras inom Alkemin, och b\u00f6rjar leva Herkules nio Storverk i sitt inre, kommer emellertid f\u00f6r\u00e4ndringarna i hans tunika forts\u00e4tta att intr\u00e4ffa och allt detta kommer att avspegla sig i de f\u00e4rger som den antar. N\u00e4r de nio f\u00f6rsta Storverken av Herkules \u00e4r avslutade och Adepten d\u00e5 \u00e4r underkastad de \u00e5tta \u00e5ren av Patriarken Job, kommer han att lida av lepra -psykologiskt- i den Invigdes inre anatomi, och varje \u00e5r av Job, n\u00e4r de \u00e4r \u00f6ver &#8211; eftersom det \u00e4r \u00e5tta fysiska \u00e5r, kommer att&nbsp; f\u00f6rl\u00e4na den Invigde en annan tunika i en annan f\u00e4rg\u2026<\/p>\n\n\n\n<p>N\u00e4r Jobs \u00e5tta \u00e5r \u00e4r avslutade, s\u00e4ger man till oss att den inre Kristus reser sig ur sin grav f\u00f6r att ta hand om denne M\u00e4stares psykolgiska och sj\u00e4lsliga funktioner. Allt \u00e5tf\u00f6ljs av f\u00f6r\u00e4ndringar i hans inre kl\u00e4dnader. Det \u00e4r utom all fr\u00e5ga att om denne M\u00e4stare genomf\u00f6r Herkules tre sista storverk och kr\u00f6ner det vi kallar f\u00f6r DET STORA VERKET, \u00e4r det klart att han kommer att bli insvept i den tunika som f\u00f6rklarar honom \u00c5TERUPPST\u00c5NDEN M\u00c4STARE. Och om han under denne M\u00e4stare under hela sin v\u00e4g lagt en djup betoning p\u00e5 sin PSYKOLOGISKA D\u00d6D, d\u00e5 kommer allt det som vi har kommenterat h\u00e4r \u00f6ka i prakt och det kommer, onekligen, att avspegla sig i hans kl\u00e4dnad. N\u00e4r vi har kommit hit, kommer den Invigde eller Adepten att l\u00e4gga till andra mycket heliga accessoarer till sin tunika, kanske en helig mask, en sl\u00f6ja, en huva som sitter p\u00e5 hans huvud, etc., etc., etc.<\/p>\n\n\n\n<p>S\u00e5 d\u00e4rf\u00f6r kommer en kl\u00e4dnad till en \u00c4ngel aldrig vara densamma som den till en \u00c4rke\u00e4ngel, den till en Kraft, som den till ett Herrav\u00e4lde, den till ett Furstend\u00f6me, som den till en Tron\u00e4ngel, den till en Kerub som den till en Seraf, etc., etc. P\u00e5 samma s\u00e4tt kan n\u00e5gon ha gjort det STORA VERKET men f\u00f6r den skull inte vara en M\u00e4stare som befriats fr\u00e5n Samsaras Hjul, nej. Om han har befriats fr\u00e5n Samsaras Hjul kommer han att ha andra attribut som hans andra H\u00f6gre Br\u00f6der inte har, vilka \u00e4ven om de har avslutat det STORA VERKET \u00e4nnu inte har meriter f\u00f6r att kunna befria sig fr\u00e5n fataliteternas hjul.<\/p>\n\n\n\n<p>Och vad kan vi s\u00e4ga om en M\u00e4stare eller en M\u00e4starinna som, dessutom, redan har er\u00f6vrat vehikeln av en Nirmanakaya, eller den som har f\u00f6rv\u00e4rvat kl\u00e4dnaden till en Sambhogakaya, eller den som redan har tillverkat en vehikel till Adikaya eller den som har blivit \u00e5terkl\u00e4dd i dr\u00e4kten av Dharmakaya???? I s\u00e5dana fall, kommer det ljus som ackumulerats av dessa Adepter tack vare de or\u00e4kneliga uppoffringar som till\u00e5ter dem att vara kl\u00e4dda i praktfulla tunikor d\u00e4r orden inte r\u00e4cker till p\u00e5 grund av dess sk\u00f6nhet.<\/p>\n\n\n\n<p>Det \u00e4r uppenbart att dessa vehiklar \u00e4r f\u00f6rbundna med oerh\u00f6rda grader av mystisk d\u00f6d och enorma uppoffringar f\u00f6r m\u00e4nskligheten i denna nuvarande Maha-Manvantara, eller bedrifter som genomf\u00f6rts i andra Maha-Manvantaras i det f\u00f6rg\u00e5ngna.<\/p>\n\n\n\n<p>Vad som m\u00e5ste f\u00f6rbli mycket klart, k\u00e4ra l\u00e4sare, \u00e4r att v\u00e5r n\u00e4rvaro p\u00e5 skapelsens scen har ett enda syfte: ATT INTEGRERA OSS MED DET GUDOMLIGA, att \u00e5terg\u00e5 till den ursprungliga utg\u00e5ngspunkten, att \u00e5terv\u00e4nda till DET F\u00d6RLORADE PARADISET som John Milton en g\u00e5ng i tiden talade om i sitt underbara verk.<\/p>\n\n\n\n<p>L\u00e5t oss, t\u00e5lmodiga l\u00e4sare, meditera \u00f6ver dessa saker f\u00f6r allt detta \u00e4r en del av Faderns rike som \u00e4r i himlarna &#8211; av Medvetande -.<\/p>\n\n\n\n<p>Till\u00e5t mig till\u00e4gga n\u00e5gra fraser att reflektera \u00f6ver:<\/p>\n\n\n\n<p><strong><em>\u00abSk\u00f6nhet utan grace \u00e4r som en fiskekrok utan bete \u00bb.<\/em><br><\/strong>Emerson<\/p>\n\n\n\n<p><strong><em>\u00abHela jorden \u00e4r ett mausoleum f\u00f6r lysande personer \u00bb.<\/em><br><\/strong>Pericles<\/p>\n\n\n\n<p><strong><em>\u00abLivets lopp \u00e4r kort, \u00e4rans \u00e4r evigt \u00bb.<\/em><br><\/strong>Cicer\u00f3n<\/p>\n\n\n\n<p><strong><em>\u00ab\u00c4ran g\u00e5r p\u00e5 en s\u00e5 smal v\u00e4g att endast en m\u00e4nniska kan g\u00e5 i t\u00e4ten \u00bb.<\/em><br><\/strong>Shakespeare<\/p>\n\n\n\n<p><em><strong>\u00abAtt d\u00f6 \u00e4r m\u00e4nniskornas vanliga \u00f6de; att d\u00f6 med \u00e4ra \u00e4r den dygdiga m\u00e4nniskans privilegium. \u00bb.<\/strong><\/em><br>Is\u00f3crates<\/p>\n\n\n\n<p class=\"has-text-align-center\"><strong><em>HIC ET NUNC.<\/em><\/strong><br>\u2500\u2018H\u00e4r och nu\u2019\u2500.<br><strong>KWEN KHAN KHU<\/strong><\/p>\n","protected":false},"excerpt":{"rendered":"<p>Till\u00e5t mig b\u00f6rja med att s\u00e4ga till er att, enligt det bibliska Genesis blev det edeniska paret Adam och Eva &#8211; vilka i sj\u00e4lva verket allegoriserar den lemuriska m\u00e4nskligheten &#8211; utvisade fr\u00e5n paradiset -medvetandet- som de \u00e5tnj\u00f6t, f\u00f6r att de hade beg\u00e5tt den s\u00e5 kallade ARVSYNDEN. <\/p>\n","protected":false},"author":4,"featured_media":22306,"comment_status":"open","ping_status":"open","sticky":false,"template":"","format":"standard","meta":{"footnotes":"","_links_to":"","_links_to_target":""},"categories":[144,470],"tags":[],"contenido":[277],"fuente":[49],"pilar":[],"fase":[],"conferencia":[],"read_online":[],"author_tax":[321],"class_list":["post-23201","post","type-post","status-publish","format-standard","has-post-thumbnail","hentry","category-metafysik","category-meddelanden-vm-kwen-khan-khu","contenido-artiklar","fuente-maestro","author_tax-v-m-kwen-khan-khu-sv"],"_links":{"self":[{"href":"https:\/\/vopus.org\/sv\/wp-json\/wp\/v2\/posts\/23201","targetHints":{"allow":["GET"]}}],"collection":[{"href":"https:\/\/vopus.org\/sv\/wp-json\/wp\/v2\/posts"}],"about":[{"href":"https:\/\/vopus.org\/sv\/wp-json\/wp\/v2\/types\/post"}],"author":[{"embeddable":true,"href":"https:\/\/vopus.org\/sv\/wp-json\/wp\/v2\/users\/4"}],"replies":[{"embeddable":true,"href":"https:\/\/vopus.org\/sv\/wp-json\/wp\/v2\/comments?post=23201"}],"version-history":[{"count":0,"href":"https:\/\/vopus.org\/sv\/wp-json\/wp\/v2\/posts\/23201\/revisions"}],"wp:featuredmedia":[{"embeddable":true,"href":"https:\/\/vopus.org\/sv\/wp-json\/wp\/v2\/media\/22306"}],"wp:attachment":[{"href":"https:\/\/vopus.org\/sv\/wp-json\/wp\/v2\/media?parent=23201"}],"wp:term":[{"taxonomy":"category","embeddable":true,"href":"https:\/\/vopus.org\/sv\/wp-json\/wp\/v2\/categories?post=23201"},{"taxonomy":"post_tag","embeddable":true,"href":"https:\/\/vopus.org\/sv\/wp-json\/wp\/v2\/tags?post=23201"},{"taxonomy":"contenido","embeddable":true,"href":"https:\/\/vopus.org\/sv\/wp-json\/wp\/v2\/contenido?post=23201"},{"taxonomy":"fuente","embeddable":true,"href":"https:\/\/vopus.org\/sv\/wp-json\/wp\/v2\/fuente?post=23201"},{"taxonomy":"pilar","embeddable":true,"href":"https:\/\/vopus.org\/sv\/wp-json\/wp\/v2\/pilar?post=23201"},{"taxonomy":"fase","embeddable":true,"href":"https:\/\/vopus.org\/sv\/wp-json\/wp\/v2\/fase?post=23201"},{"taxonomy":"conferencia","embeddable":true,"href":"https:\/\/vopus.org\/sv\/wp-json\/wp\/v2\/conferencia?post=23201"},{"taxonomy":"read_online","embeddable":true,"href":"https:\/\/vopus.org\/sv\/wp-json\/wp\/v2\/read_online?post=23201"},{"taxonomy":"author_tax","embeddable":true,"href":"https:\/\/vopus.org\/sv\/wp-json\/wp\/v2\/author_tax?post=23201"}],"curies":[{"name":"wp","href":"https:\/\/api.w.org\/{rel}","templated":true}]}}