{"id":22903,"date":"2023-01-19T13:02:14","date_gmt":"2023-01-19T16:02:14","guid":{"rendered":"https:\/\/vopus.org\/la-razon-importante-por-la-que-nos-urge-despertar-conciencia\/"},"modified":"2023-01-19T13:02:15","modified_gmt":"2023-01-19T16:02:15","slug":"det-viktiga-skalet-till-att-det-ar-angelaget-for-oss-att-vacka-medvetandet","status":"publish","type":"post","link":"https:\/\/vopus.org\/sv\/det-viktiga-skalet-till-att-det-ar-angelaget-for-oss-att-vacka-medvetandet\/","title":{"rendered":"Det viktiga sk\u00e4let till att det \u00e4r angel\u00e4get f\u00f6r oss att v\u00e4cka Medvetandet"},"content":{"rendered":"\n<p>Mycket k\u00e4ra v\u00e4nner:<\/p>\n\n\n\n<p>Jag f\u00f6rmedlar detta budskap till er betr\u00e4ffande:<\/p>\n\n\n\n<h2 class=\"has-text-align-center wp-block-heading\">DET VIKTIGA SK\u00c4LET TILL ATT DET ANGEL\u00c4GET F\u00d6R OSS ATT V\u00c4CKA MEDVETANDET <\/h2>\n\n\n\n<p>Oberoende av det faktum att vi beh\u00f6ver V\u00c4CKA MEDVETANDET f\u00f6r att allt b\u00e4ttre kunna uppfatta Egots r\u00f6relser inom oss och med detta som grund orientera v\u00e5r MYSTISKA D\u00d6D f\u00f6r att lyckas g\u00f6ra ett effektivt inre arbete, finns det ett TRANSCENDENTALT SK\u00c4L till att k\u00e4mpa f\u00f6r detta uppvaknande och det \u00e4r inget annat \u00e4n att INTE G\u00c5 VILSE P\u00c5 DEN HEMLIGA V\u00c4GEN.<\/p>\n\n\n\n<p>K\u00e4ra l\u00e4sare, vi vet redan att Medvetandet, olyckligtvis, \u00e4r inf\u00e5ngat bland v\u00e5ra tiotusen o\u00f6nskade psykologiska aggregat, och det enda s\u00e4ttet att befria det&nbsp; \u00e4r genom att sk\u00e4rpa v\u00e5r SJ\u00c4LVOBSERVATION f\u00f6r att uppn\u00e5 en DJUP F\u00d6RST\u00c5ELSE av dessa aggregat och, senare, genom v\u00e4djanden till Gud Moder, lyckas med elimineringen av desamma, detta m\u00e5ste bli mycket tydligt. &nbsp;<\/p>\n\n\n\n<p>V.M. h\u00e4vdade v\u00e4ldigt m\u00e5nga g\u00e5nger att det heliga Arcanum A.Z.F. i det forntida Egypten endast f\u00f6rmedlades till de Invigda som redan hade trettio procent vaket medvetande. Genom detta f\u00f6rs\u00e4krades man sig om att den person som befann sig i mysterierna ALDRIG SKULLE LEKA MED DESSA HELIGA TING och \u00e4nnu mindre med Arcanum eller Alkemins huvudnyckel.<\/p>\n\n\n\n<p>Det \u00e4r viktigt att veta, upplysta l\u00e4sare, att, \u00e4ven om det sm\u00e4rtar att s\u00e4ga det eller p\u00e5st\u00e5 det, \u00e4r varje person som har rest upp de sju Ormarna av Eld och de sju Ormarna av Ljus, f\u00f6rutom att vara en Adept, bel\u00e4gen p\u00e5 toppen av det F\u00f6rsta Berget, \u00e4ven till h\u00e4lften en hanasmussiansk individ, eftersom&nbsp; LJUSET och M\u00d6RKRET lever tillsammans inom honom p\u00e5 samma g\u00e5ng\u2026<\/p>\n\n\n\n<p>Endast om denne Adept eller Adeptdam, med Faderns till\u00e5telse, beslutar sig f\u00f6r att g\u00e5 in i DE VISES \u00d6KEN, det vill s\u00e4ga: det Andra Berget, endast d\u00e5, genom att strikt uppfylla Herkules nio f\u00f6rsta Storverk och Jobs \u00e5tta \u00e5r, kommer man att kunna g\u00f6ra sig fri fr\u00e5n den Onde och sedan forts\u00e4tta med sin inre Krisus \u00e5teruppst\u00e5nden mot det Tredje Berget; detta \u00e4r ytterst VIKTIGT ATT F\u00d6RST\u00c5.<\/p>\n\n\n\n<p>H\u00e4r \u00e4r sk\u00e4let till att personer som n\u00e5tt M\u00e4sterskapet p\u00e5 den tid n\u00e4r M\u00e4stare Samael befann sig i den fysiska v\u00e4rlden, sedan f\u00f6rvandlades till f\u00f6rr\u00e4dare av Avataren sj\u00e4lv. Detta berodde p\u00e5 att JAGET INTE HADE F\u00d6RINTATS, har ni f\u00f6rst\u00e5tt.<\/p>\n\n\n\n<p>Jag p\u00e5minner mig tre fall som jag anser att det \u00e4r viktigt att kommentera i detta budskap.<\/p>\n\n\n\n<p>F\u00d6RSTA FALLET<\/p>\n\n\n\n<p>I sina verk talar V.M. Samael till oss om en l\u00e4rjunge som i sitt f\u00f6retag tillverkade <strong><em>jeans<\/em><\/strong>, eller cowboybyxor, och han refererar till honom eftersom denne l\u00e4rjunge, av den h\u00f6gre kammaren, fr\u00e5gade v\u00e5r Guru:<\/p>\n\n\n\n<p>&#8211; M\u00e4stare, vem kommer att tillverka<strong> <em>jeans<\/em><\/strong> som jag har gjort fram till nu om jag eliminerar EGOT?<\/p>\n\n\n\n<p>V.M. Samael svarade:<\/p>\n\n\n\n<p>\u2500Tror du m\u00f6jligtvis att VARAT inte kan g\u00f6ra byxor? Till\u00e5t mig att s\u00e4ga dig n\u00e5got: <strong>VARAT skulle g\u00f6ra b\u00e4ttre <em>jeans <\/em>\u00e4n de som du har gjort fram till nu, har du f\u00f6rst\u00e5tt?<\/strong>&#8230;<\/p>\n\n\n\n<p>En kv\u00e4ll n\u00e4r er tj\u00e4nare \u00e5terv\u00e4nde tillsammans med V.M. Samael till hans hus efter en h\u00f6gre kammare, var klockan 01:00 p\u00e5 natten och, n\u00e4r M\u00e4stare Samael \u00f6ppnade d\u00f6rren till sitt hus, gick vi b\u00e5da in och, till v\u00e5r f\u00f6rv\u00e5ning, fann vi i f\u00e5t\u00f6ljen i vardagsrummet den l\u00e4rjunge som vi talade om n\u00e5gra rader l\u00e4ngre upp. Han hade en bordslampa t\u00e4nd. Inf\u00f6r denna stora \u00f6verraskning fr\u00e5gade V.M. Samael denne l\u00e4rjunge:<\/p>\n\n\n\n<p>\u2500Broder, vad g\u00f6r du h\u00e4r?<\/p>\n\n\n\n<p>L\u00e4rjungen svarade mycket torrt:<\/p>\n\n\n\n<p>\u2500<strong>Jag har kommit f\u00f6r att ta f\u00f6rv\u00e4l av er f\u00f6r ni \u00e4r inte l\u00e4ngre en sann M\u00e4stare f\u00f6r mig!<\/strong><\/p>\n\n\n\n<p>Jag m\u00e5ste s\u00e4ga till alla, att under dessa dagar spreds d\u00e5liga rykten om v\u00e5r Avatars liv p\u00e5 grund av att v\u00e5r Guru hade blivit tvungen att arbeta i det Alkemiska Magisteriet med en Annan <strong>hermetisk&nbsp; b\u00e4gare<\/strong>, uppenbarligen under det att han f\u00f6ljde instruktionerna fr\u00e5n sitt Sanna VARA. Trots orden fr\u00e5n denne l\u00e4rjunge, erbj\u00f6d v\u00e5r Patriark honom att sj\u00e4lv ge hela f\u00f6rklaringen om det vore n\u00f6dv\u00e4ndigt betr\u00e4ffande sina processer, men denne l\u00e4rjunge nekade best\u00e4mt att ta emot f\u00f6rklaringar och bad att f\u00e5 l\u00e4mna huset och ge sig av omedelbart.<\/p>\n\n\n\n<p>N\u00e4r denne individ var p\u00e5 v\u00e4g mot gatan, st\u00e4ngde M\u00e4stare Samael d\u00f6rren till sitt hem och kastade ur sig f\u00f6ljande mening:<\/p>\n\n\n\n<p>&#8211;<strong>Stackars broder! Vad han h\u00e5ller p\u00e5 att g\u00f6ra \u00e4r en galenskap och han h\u00e5ller just precis p\u00e5 att avsluta den femte Ormen av Eld, men n\u00e4r Medvetandet sover l\u00e4gger vi inte m\u00e4rke till de barbarier som vi \u00e4r kapabla att g\u00f6ra<\/strong>. Ser du det, ser du, broder? v\u00e4nde han sig till er tj\u00e4nare och sa.<\/p>\n\n\n\n<p>Denna natt erk\u00e4nner jag att det var mycket sv\u00e5rt f\u00f6r mig att somna, f\u00f6r denne kamrat h\u00f6ll p\u00e5 att avl\u00e4gsna sig fr\u00e5n den Hemliga V\u00e4gen genom att f\u00f6rr\u00e5da sin egen Guru\u2026&nbsp;<\/p>\n\n\n\n<p>ANDRA FALLET<\/p>\n\n\n\n<p>I likhet med andra kollegor, l\u00e4rde jag k\u00e4nna Herr Efra\u00edn Villegas Quintero, som var en internationell instrukt\u00f6r och han var, det m\u00e5ste man s\u00e4ga, en sympatisk person. Denne v\u00e4n bes\u00f6kte M\u00e4stare Samael under de dagar n\u00e4r Avatarens h\u00e4lsa var ganska d\u00e5lig. Patriarken kommenterade, under dessa dagar, till den som skriver dessa rader:<\/p>\n\n\n\n<p>\u2500Broder Villegas har redan avslutat den femte Ormen av Eld och jag tror att jag b\u00f6r meddela studenterna att att han \u00e4r en M\u00e4stare!<\/p>\n\n\n\n<p>Min person tillade dessa ord till Avataren: &nbsp;<\/p>\n\n\n\n<p>\u2500<strong>N\u00e5v\u00e4l, ni \u00e4r Patriarken och vet b\u00e4ttre \u00e4n n\u00e5gon vad som ska g\u00f6ras, M\u00e4stare!<\/strong><\/p>\n\n\n\n<p>Vid ett best\u00e4mt tillf\u00e4lle, kallade V.M. Samel denne kollega till sitt sovrum eller sin d\u00f6dsb\u00e4dd och sade till honom:<\/p>\n\n\n\n<p>\u2500<strong>Du ska veta att namnet till ditt Sanna Vara \u00e4r DESOTO, men du b\u00f6r inte s\u00e4ga det till n\u00e5gon. Jag kommer att visa dig i det inre n\u00e4r du b\u00f6r g\u00f6ra det, har du f\u00f6rst\u00e5tt?<\/strong><\/p>\n\n\n\n<p>\u2500Ja, M\u00e4stare -svarade Villegas.<\/p>\n\n\n\n<p>Men, n\u00e4r den V\u00f6rdnadsv\u00e4rdes h\u00e4lsa f\u00f6rs\u00e4mrades och det b\u00f6rjade komma personer fr\u00e5n all\u00e1 breddgrader f\u00f6r att, p\u00e5 ett visst s\u00e4tt, ta farv\u00e4l av Avataren, hade denne kollega, Villegas, redan sagt namnet p\u00e5 sitt Sanna Vara&nbsp; till m\u00e5nga personer, och lydde p\u00e5 s\u00e5 s\u00e4tt inte Avataren. Senare vid kremeringen av Avatarens kropp, utn\u00e4mnde han sig sj\u00e4lv till <strong>Patriark 3<\/strong>, eftersom Herr Julio Medina Vizca\u00edno redan hade hunnit f\u00f6re och utn\u00e4mnt sig sj\u00e4lv till <strong>Patriark 2.<\/strong><\/p>\n\n\n\n<p>Om jag n\u00e4mner namnet p\u00e5 dessa tv\u00e5 individer g\u00f6r jag det f\u00f6r de redan har avlidit, annars skulle jag endast skriva initialerna till deras jordiska namn.<\/p>\n\n\n\n<p>TREDJE FALLET<\/p>\n\n\n\n<p>Gnosis historia var, under flera \u00e5r,&nbsp; full av m\u00e5nga f\u00f6rr\u00e4dare av Vattumannens Avatar. En av dem var en herre kallad David Le\u00f3n Valencaia, som var Bodhisattva till M\u00e4stare SANFRAGARATA. Denna l\u00e4rjunge hade lyckat resa alla sina Ormar av Ljus i Colombia n\u00e4r M\u00e4stare Samael \u00e4nnu bodde i Sierra Nevada de Santa Marta, colombianskt territorium. \u00c4ven om folk kom att kalla denna kollega, <strong>det Gyllene Ordet<\/strong> p\u00e5 grund av de predikningar som han gjorde, besl\u00f6t han sig f\u00f6r att \u00f6verge M\u00e4stare Samael och \u00f6verg\u00e5 till leden av en Svart Magiker som vid den tidpunkten d\u00f6k upp i dessa omr\u00e5den och lystrade till namnet <strong>Omar Cherenzi Lind<\/strong>. Denna Svarta magiker erbj\u00f6d David Le\u00f3n Valencia fler befattningar och mer makt under f\u00f6ruts\u00e4ttning att han \u00f6vergav Gnosis led och det gjorde han\u2026 Jag m\u00e5ste s\u00e4ga att det var ett h\u00e5rt moraliskt slag som Avataren tog emot p\u00e5 den tiden\u2026<\/p>\n\n\n\n<p>N\u00e5v\u00e4l, vad var det dolda sk\u00e4let till att dessa saker intr\u00e4ffade?<\/p>\n\n\n\n<p>SVAR: ett enda. Dessa Bodhisattvas VILLE INTE D\u00d6 PSYKOLOGISKT och EGOT, MIG SJ\u00c4LV, spelade dem ett d\u00e5ligt spratt, varken mer eller mindre \u00e4n detta. \u00c5 andra sidan, l\u00e4ngtade dessa Bodhisattvas endast efter krafter f\u00f6r att fascinera folk och det blev deras eget F\u00d6RD\u00c4RV<\/p>\n\n\n\n<p>SENSMORAL: DEN SOM G\u00c5R MED VARGAR L\u00c4R SIG ATT YLA! Detta kan h\u00e4nda vem som helst av oss om VI INTE G\u00d6R OSS TILL FIENDER AV OSS SJ\u00c4LVA. Detta \u00e4r fundamentalt att f\u00f6rst\u00e5 och att INSE DETTA\u2026 S\u00e5 l\u00e4nge som vi har EGOT LEVANDE kommer v\u00e5rt Medvetande att sova och vi kommer inte att kunna l\u00e4gga m\u00e4rke till Vilddjurets r\u00f6relser i v\u00e5rt inre och, \u00e4ven om vi befinner oss p\u00e5 avancerade delar av den Hemliga V\u00e4gen, kan det orsaka att vi faller i on\u00e5d och \u00f6verger den.<\/p>\n\n\n\n<p>L\u00e5t oss reflektera, v\u00e4nner, l\u00e5t oss reflektera <strong>S\u00c5 ATT VI INTE FALLER F\u00d6R FRESTELSEN!<\/strong><\/p>\n\n\n\n<p>Jag till\u00e4gger nu n\u00e5gra fraser till er som jag anser vara l\u00e4mpliga: &nbsp;<\/p>\n\n\n\n<p><strong><em>\u00abAtt kunna lyda \u00e4r den mest fullkomliga vetenskapen \u00bb.<\/em><br><\/strong>Tirso de Molina<\/p>\n\n\n\n<p><strong><em>\u00abEndast lydnaden ger r\u00e4tten att befalla \u00bb.<\/em><br><\/strong>Emerson<\/p>\n\n\n\n<p><strong><em>\u00abDet finns ingen passion som f\u00f6rblindar mer \u00e4n h\u00f6gmodet \u00bb.<\/em><br><\/strong>Bret\u00f3n de los Herreros<\/p>\n\n\n\n<p><strong><em>\u00abMotsp\u00e4nstigheten \u00e4r, utan tvivel, ett mycket allvarligt ont f\u00f6r den f\u00e5r oss att avvisa Andras r\u00e5d och klamra oss fast vid v\u00e5rt utl\u00e5tande och f\u00f6resats mot \u00f6verv\u00e4gandena av f\u00f6rsiktighet och r\u00e4ttvisa. Mot den b\u00f6r vi noggrant avv\u00e4rja oss f\u00f6r, d\u00e5 den har sin rot i h\u00f6gmodet, \u00e4r det en planta som l\u00e4tt utvecklas \u00bb.<\/em><br><\/strong>Balmes<\/p>\n\n\n\n<p><strong><em>\u00abDen person som det \u00e4r l\u00e4ttast att bedra och f\u00f6rr\u00e5da \u00e4r oss sj\u00e4lva. \u00bb.<\/em><br><\/strong>Lytton<\/p>\n\n\n\n<p class=\"has-text-align-center\"><strong><em>CALAMITATE DOCTI.<\/em><\/strong><br>\u2500\u2018Indoktrinerad av olycka\u2019\u2500.<br><strong>KWEN KHAN KHU<\/strong><\/p>\n","protected":false},"excerpt":{"rendered":"<p>finns det ett TRANSCENDENTALT SK\u00c4L till att k\u00e4mpa f\u00f6r detta uppvaknande och det \u00e4r inget annat \u00e4n att INTE G\u00c5 VILSE P\u00c5 DEN HEMLIGA V\u00c4GEN<\/p>\n","protected":false},"author":4,"featured_media":22097,"comment_status":"open","ping_status":"open","sticky":false,"template":"","format":"standard","meta":{"footnotes":"","_links_to":"","_links_to_target":""},"categories":[137],"tags":[],"contenido":[277],"fuente":[],"pilar":[],"fase":[],"conferencia":[],"read_online":[],"author_tax":[321],"class_list":["post-22903","post","type-post","status-publish","format-standard","has-post-thumbnail","hentry","category-psykologi","contenido-artiklar","author_tax-v-m-kwen-khan-khu-sv"],"_links":{"self":[{"href":"https:\/\/vopus.org\/sv\/wp-json\/wp\/v2\/posts\/22903","targetHints":{"allow":["GET"]}}],"collection":[{"href":"https:\/\/vopus.org\/sv\/wp-json\/wp\/v2\/posts"}],"about":[{"href":"https:\/\/vopus.org\/sv\/wp-json\/wp\/v2\/types\/post"}],"author":[{"embeddable":true,"href":"https:\/\/vopus.org\/sv\/wp-json\/wp\/v2\/users\/4"}],"replies":[{"embeddable":true,"href":"https:\/\/vopus.org\/sv\/wp-json\/wp\/v2\/comments?post=22903"}],"version-history":[{"count":0,"href":"https:\/\/vopus.org\/sv\/wp-json\/wp\/v2\/posts\/22903\/revisions"}],"wp:featuredmedia":[{"embeddable":true,"href":"https:\/\/vopus.org\/sv\/wp-json\/wp\/v2\/media\/22097"}],"wp:attachment":[{"href":"https:\/\/vopus.org\/sv\/wp-json\/wp\/v2\/media?parent=22903"}],"wp:term":[{"taxonomy":"category","embeddable":true,"href":"https:\/\/vopus.org\/sv\/wp-json\/wp\/v2\/categories?post=22903"},{"taxonomy":"post_tag","embeddable":true,"href":"https:\/\/vopus.org\/sv\/wp-json\/wp\/v2\/tags?post=22903"},{"taxonomy":"contenido","embeddable":true,"href":"https:\/\/vopus.org\/sv\/wp-json\/wp\/v2\/contenido?post=22903"},{"taxonomy":"fuente","embeddable":true,"href":"https:\/\/vopus.org\/sv\/wp-json\/wp\/v2\/fuente?post=22903"},{"taxonomy":"pilar","embeddable":true,"href":"https:\/\/vopus.org\/sv\/wp-json\/wp\/v2\/pilar?post=22903"},{"taxonomy":"fase","embeddable":true,"href":"https:\/\/vopus.org\/sv\/wp-json\/wp\/v2\/fase?post=22903"},{"taxonomy":"conferencia","embeddable":true,"href":"https:\/\/vopus.org\/sv\/wp-json\/wp\/v2\/conferencia?post=22903"},{"taxonomy":"read_online","embeddable":true,"href":"https:\/\/vopus.org\/sv\/wp-json\/wp\/v2\/read_online?post=22903"},{"taxonomy":"author_tax","embeddable":true,"href":"https:\/\/vopus.org\/sv\/wp-json\/wp\/v2\/author_tax?post=22903"}],"curies":[{"name":"wp","href":"https:\/\/api.w.org\/{rel}","templated":true}]}}