{"id":21625,"date":"2022-09-29T12:05:14","date_gmt":"2022-09-29T15:05:14","guid":{"rendered":"https:\/\/vopus.org\/el-misterio-de-la-voluntad-cristo\/"},"modified":"2022-09-29T12:05:15","modified_gmt":"2022-09-29T15:05:15","slug":"mysteriet-med-kristi-vilja","status":"publish","type":"post","link":"https:\/\/vopus.org\/sv\/mysteriet-med-kristi-vilja\/","title":{"rendered":"Mysteriet med Kristi vilja"},"content":{"rendered":"\n<p>Mycket k\u00e4ra v\u00e4nner:<\/p>\n\n\n\n<p>Med stort n\u00f6je v\u00e4nder jag mig till er f\u00f6r att f\u00f6rmedla n\u00e5gra kommentarer till er betr\u00e4ffande \u2026<\/p>\n\n\n\n<h2 class=\"has-text-align-center wp-block-heading\">\u2026MYSTERIET MED KRISTI VILJA<\/h2>\n\n\n\n<p>N\u00e4r vi b\u00f6rjade studera v\u00e5ra gnostiska l\u00e4ror och man f\u00f6rklarade suprasexualitetens heliga mysterier f\u00f6r oss, som ett medel f\u00f6r att en dag lyckas n\u00e5 fram till f\u00f6rv\u00e4rvandet av det som under \u00e5rhundraden har kallats de Vises Sten, s\u00e4ger man d\u00e5 att denna mystiska Sten \u00e4ven \u00e4r det r\u00f6da karbunklet , Solkonungen, den kubiska Stenen eller templets -det inre- h\u00f6rnsten, etc., etc., etc.<\/p>\n\n\n\n<p>Denna Sten -s\u00e4ger Gnosis- kan, f\u00f6rvisso, f\u00f6rvandla personlighetens bly till Andens Guld, och om vi g\u00e5r \u00e4nnu l\u00e4ngre visar man oss att denna v\u00e4lsignade Sten \u00e4r sj\u00e4lva Perfektionernas Herre eller den inre Kristus, etc., etc., etc.<\/p>\n\n\n\n<p>N\u00e4r en h\u00e4ngiven person har v\u00e4ckt Stella Maris Heliga Eld och dessa Eldar b\u00f6rjar att g\u00e5 upp genom ryggraden till hans eller hennes inre vehiklar -atomiska-, reser han p\u00e5 detta s\u00e4tt dessa l\u00e5gor p\u00e5 ett serpentint s\u00e4tt och d\u00e5 visar man oss att vi har rest den f\u00f6rsta eldormen, d\u00e4refter den andra, senare den tredje, etc., etc., etc. Men n\u00e4r en av dessa flammande l\u00e5gor g\u00e5r upp genom ryggraden i det som vi kallar den kausala kroppen, understryker man f\u00f6r oss att vi b\u00f6rjar f\u00f6rv\u00e4rva sann vilja, f\u00f6r innan detta fenomen intr\u00e4ffar har humanoiden inte ens en egen vilja, utan g\u00f6r alltid vad v\u00e5ra psykologiska aggregat vill eller vad Jagen i v\u00e5r psykologi vill. P\u00e5 detta s\u00e4tt kommer ett Jag att vilja en sak men ett annat kommer att vilja en annan sak, succesivt, och det \u00e4r beklagligt. Allt detta ligger mycket l\u00e5ngt fr\u00e5n den heliga individualiteten\u2026<\/p>\n\n\n\n<p>Detta vill, emellertid, inte s\u00e4ga att den rationella humanoiden fr\u00e5n en dag till n\u00e4sta redan g\u00f6r sitt Sanna Varas vilja, nej. Man b\u00f6rjar endast k\u00e4nna sig lite mer herre \u00f6ver sina handlingar och, om man har varit disciplinerad p\u00e5 sin v\u00e4g, b\u00f6rjar man d\u00e5 att detektera fler och fler psykiska aggregat i handling.<\/p>\n\n\n\n<p>Om s\u00e5 \u00e4r fallet, att om denna h\u00e4ngivna person redan har gjort den Hemliga V\u00e4gen i f\u00f6reg\u00e5ende existenser, p\u00e5pekar man f\u00f6r oss att han inte kommer att beh\u00f6va resa eldsormen i sin buddhiska natur och inte heller den som har att g\u00f6ra med hans Atman eller hans Innersta. Men, om denna h\u00e4ngivna person aldrig har betr\u00e4tt den Hemliga Stigen d\u00e5 m\u00e5ste han resa dessa tv\u00e5 serpentina krafter som tidigare n\u00e4mnts f\u00f6r att fullborda sin sj\u00e4lsliga struktur.<\/p>\n\n\n\n<p>N\u00e4r vi har n\u00e5tt hit \u00e4r det mycket intressant att man f\u00f6rklarar f\u00f6r oss det transcendentala faktum att denna femte Eldsorm, som vi redan har refererat till, \u00e4r den som avg\u00f6r vilken v\u00e4g det \u00e4r som denna h\u00e4ngivna person b\u00f6r f\u00f6lja, som nu \u00e4r en M\u00e4stare och inte ett simpelt rationellt d\u00e4ggdjur.<\/p>\n\n\n\n<p>Om denna M\u00e4stare tar emot indikationen fr\u00e5n sitt VARA att forts\u00e4tta stigen genom alkemisternas Direkta V\u00e4g eller den Torra V\u00e4gen, d\u00e5 b\u00f6r han f\u00f6rdjupa sig i det som Gnosis kallar Ljusets Ormar. Om denna M\u00e4stare, \u00e5 andra sidan, v\u00e4ljer att f\u00f6rdjupa sig i den Fuktiga V\u00e4gen eller Spiralstigen, d\u00e5 styr man sin f\u00e4rd mot de nirvaniska regionerna.<\/p>\n\n\n\n<p>Vad som \u00e4r intressant i allt detta, mycket uppskattade l\u00e4sare, \u00e4r det faktum att dessa m\u00e4n eller kvinnor som har g\u00e5tt i riktning mot s\u00f6kandet av Ljusets Ormar b\u00f6rjar leva processerna av den historiske Kristus, men nu i relation till deras inre Kristus.<\/p>\n\n\n\n<p>F\u00f6rst \u00e4r det \u00e4r bra att p\u00e5minna om att i denna femte Orm av Eld beslutar den inre Kristus att \u00f6verge den logoiska sf\u00e4ren tillh\u00f6rande den Kosmiska Chrestos f\u00f6r att inkarnera i sk\u00f6tet av den Gudomliga Modern eller Stella Maris, Havsjungfrun. Observera att det \u00e4r Han som beslutar sig f\u00f6r att komma f\u00f6r att hj\u00e4lpa den Adept som just har g\u00e5tt in i dessa Ormar av Ljus och kommer att f\u00f6lja honom under alla de \u00e5tta invigningar som integrerar denna andra del av det F\u00f6rsta invigande Berget.<\/p>\n\n\n\n<p>Denna andra del av det som har kallats det F\u00f6rsta Berget kulminerar med den inre Kristus nedstigande i en mycket helig grav d\u00e4r han kommer att stanna under en tid och en annan tid och h\u00e4lften av en tid\u2026<\/p>\n\n\n\n<p>Medan Perfektionernas Herre \u00e4r i sin grav-symboliskt talat-, forts\u00e4tter han \u00e4nnu att f\u00f6lja denna M\u00e4stare under den mytologiske Herkules nio f\u00f6rsta storverk \u2013 vilka nu svarar mot det man refererar till som det Andra invigande Berget -, vilka kommer att ha sin f\u00f6rveckling eller utveckling i Dantes nio kretsar, likaledes f\u00f6rbunda med helvetena till de nio planeterna i v\u00e5rt solsystem. Och vad h\u00e4nder i dessa arbeten&nbsp;som genomf\u00f6rs i dessa infernaliska regioner? Helt enkelt att den inre Kristus v\u00e4gleder den Gudomliga Modern i dessa titaniska uppgifter f\u00f6r att b\u00f6rja disintegrera den dolda sidan av det djuriska Egot.<\/p>\n\n\n\n<p>Det \u00e4r h\u00e4r, ivriga l\u00e4sare, jag vill att vi g\u00f6r oss medvetna om den extraordin\u00e4ra kraften av den INRE KRISTUS vilja, eftersom endast Han har den gudomliga intelligensen f\u00f6r att motverka Vilddjurets ondskefulla vilja, som Kabbala visar med siffran 666. Det \u00e4r d\u00e4rf\u00f6r som n\u00e4r vi studerar Sefirottr\u00e4det i det hebreiska Kabbala vi observerar att attributet till CHOKMAH -den inre Kristus- \u00e4r just precis intelligensen, eftersom visdomen \u00e4r attributet till Sefiroten BINAH -den Heliga Ande-\u2026<\/p>\n\n\n\n<p>Alla dessa ockultister som i b\u00f6rjan av nittonhundratalet skrev om viljans kraft, s\u00e5som till exempel Paul C. Jaget, eller de andra som trodde att viljan \u00e4r n\u00e5got inneboende i den rationella humanoiden, helt enkelt misstagit sig helt och h\u00e5llet. \u00c4nnu i v\u00e5ra dagar finns det m\u00e5nga personer som t\u00e4nker att dessa som har lyckats genomf\u00f6ra tre yrkesbanor: Medicin, Juridik och Litteraturvetenskap, \u00e4r mycket intelligenta personer och viljestarka, men i sj\u00e4lva verket \u00e4r det l\u00f6jligt, dessa personer \u00e4r mekaniska repetit\u00f6rer av det som de har h\u00e5llit p\u00e5 att g\u00f6ra under m\u00e5nga existenser, inget annat, punkt slut.<\/p>\n\n\n\n<p>Hela denna f\u00f6rmodade VILJA \u00e4r endast ett maktut\u00f6vande av VILDDJURET som p\u00e5 nytt manifesterar sig och som vi har refererat till i tidigare stycken.<\/p>\n\n\n\n<p>Viljan hos vetenskapsm\u00e4nnen som tillverkade atombomben och som provade den f\u00f6r f\u00f6rsta g\u00e5ngen \u00f6ver st\u00e4derna Hiroshima och Nagasaki n\u00e4r det Andra V\u00e4rldskriget var p\u00e5 v\u00e4g att sluta, har inget att g\u00f6ra med Kristi Vilja. Inte heller, l\u00e4sande v\u00e4nner, rymdkappl\u00f6pningen mellan kolosserna fr\u00e5n V\u00e4st och fr\u00e5n \u00d6st \u00e4r f\u00f6rbunden med Kristi vilja, utan den \u00e4r f\u00f6rbunden med Vilddjurets mirakel omn\u00e4mnda i den Heliga Johannes Apokalyps.<\/p>\n\n\n\n<p>Det \u00e4r d\u00e4rf\u00f6r som v\u00e5r Patriark konstant understryker f\u00f6r oss att den Inre Kristus \u00e4r v\u00e5r Salvador Salvandus, att han \u00e4r kapabel att f\u00f6rhandla med Lagens Herrar s\u00e5 att viss allvarlig karma, som inte till\u00e5ter oss att forts\u00e4tta leva den Hermetiska Stigen, kan annulleras f\u00f6r oss. Den inre Chrestos hanterar Lagen om Epigenesis perfekt, vilket till\u00e5ter honom att generera nya omst\u00e4ndigheter f\u00f6r att definitivt ta oss ut ur Samsaras Hjul eller hjulet av f\u00f6delse och d\u00f6d\u2026<\/p>\n\n\n\n<p>N\u00e4r Jobs \u00e5tta \u00e5r \u00e4r slut \u2013 i slutet av det Andra Bergets Mysterier- i vilka den inre Kristus f\u00f6rblivit inne i den Heliga Graven, reser han sig fr\u00e5n denna och s\u00e4tter sig p\u00e5 sin tron av guld f\u00f6r att ta hand om alla v\u00e5ra organiska och psykiska funktioner. Senare, f\u00f6r att kulminera sin gudomliga uppgift, slutf\u00f6r han den mytiske Herkules tre sista storverk med framg\u00e5ng, och kulminerar p\u00e5 s\u00e5 s\u00e4tt sitt arbete av Salvador Salvandus, det vill s\u00e4ga, han avslutar det s\u00e5 kallade Tredje Berget och han f\u00f6rvandlas till sj\u00e4lva praktens Sten eller de Vises Sten.<\/p>\n\n\n\n<p>H\u00e4r har vi, v\u00e4nner, storheten, makten och transcendensen av mysterierna med den inre Kristus vilja.<\/p>\n\n\n\n<p>Jag till\u00e4gger nu n\u00e5gra fraser f\u00f6r er reflektion:<\/p>\n\n\n\n<p><em>\u00ab<\/em><em>All makt hos m\u00e4nniskorna h\u00e4rr\u00f6r fr\u00e5n Gud <\/em><em>\u00bb.<\/em><br>Fray Luis fr\u00e5n Granada<\/p>\n\n\n\n<p><em>\u00ab<\/em><em>All makt \u00e4r plikt<\/em><em>\u00bb.<\/em><br>Victor Hugo<\/p>\n\n\n\n<p><em>\u00ab<\/em><em>Reflektionen \u00e4r sj\u00e4lens \u00f6ga <\/em><em>\u00bb.<\/em><br>J . B. Bossuet<\/p>\n\n\n\n<p><em>\u00ab<\/em><em>De Heliga Skrifterna \u00e4r den yttersta sanningen<\/em><em>\u00bb.<\/em><br>Leonardo da Vinci<\/p>\n\n\n\n<p><em>\u00abReligionen \u00e4r en kedja av guld som f\u00e4ster jorden vid den Eviges tron \u00bb.<\/em><br>Homeros<\/p>\n\n\n\n<p class=\"has-text-align-center\"><strong><em>ESSE QUAM VIDERI.<\/em><br><\/strong>\u2500\u2018Att vara hellre \u00e4n att f\u00f6refalla\u2019\u2500.<br><strong>KWEN KHAN KHU<\/strong><\/p>\n","protected":false},"excerpt":{"rendered":"<p>Mycket k\u00e4ra v\u00e4nner: Med stort n\u00f6je v\u00e4nder jag mig till er f\u00f6r att f\u00f6rmedla n\u00e5gra kommentarer till er betr\u00e4ffande \u2026 \u2026MYSTERIET MED KRISTI VILJA N\u00e4r vi b\u00f6rjade studera v\u00e5ra gnostiska l\u00e4ror och man f\u00f6rklarade suprasexualitetens heliga mysterier f\u00f6r oss, som ett medel f\u00f6r att en dag lyckas n\u00e5 fram till f\u00f6rv\u00e4rvandet av det som under [&hellip;]<\/p>\n","protected":false},"author":4,"featured_media":19824,"comment_status":"open","ping_status":"open","sticky":false,"template":"","format":"standard","meta":{"footnotes":"","_links_to":"","_links_to_target":""},"categories":[144,470],"tags":[],"contenido":[277],"fuente":[49],"pilar":[],"fase":[],"conferencia":[],"read_online":[],"author_tax":[321],"class_list":["post-21625","post","type-post","status-publish","format-standard","has-post-thumbnail","hentry","category-metafysik","category-meddelanden-vm-kwen-khan-khu","contenido-artiklar","fuente-maestro","author_tax-v-m-kwen-khan-khu-sv"],"_links":{"self":[{"href":"https:\/\/vopus.org\/sv\/wp-json\/wp\/v2\/posts\/21625","targetHints":{"allow":["GET"]}}],"collection":[{"href":"https:\/\/vopus.org\/sv\/wp-json\/wp\/v2\/posts"}],"about":[{"href":"https:\/\/vopus.org\/sv\/wp-json\/wp\/v2\/types\/post"}],"author":[{"embeddable":true,"href":"https:\/\/vopus.org\/sv\/wp-json\/wp\/v2\/users\/4"}],"replies":[{"embeddable":true,"href":"https:\/\/vopus.org\/sv\/wp-json\/wp\/v2\/comments?post=21625"}],"version-history":[{"count":0,"href":"https:\/\/vopus.org\/sv\/wp-json\/wp\/v2\/posts\/21625\/revisions"}],"wp:featuredmedia":[{"embeddable":true,"href":"https:\/\/vopus.org\/sv\/wp-json\/wp\/v2\/media\/19824"}],"wp:attachment":[{"href":"https:\/\/vopus.org\/sv\/wp-json\/wp\/v2\/media?parent=21625"}],"wp:term":[{"taxonomy":"category","embeddable":true,"href":"https:\/\/vopus.org\/sv\/wp-json\/wp\/v2\/categories?post=21625"},{"taxonomy":"post_tag","embeddable":true,"href":"https:\/\/vopus.org\/sv\/wp-json\/wp\/v2\/tags?post=21625"},{"taxonomy":"contenido","embeddable":true,"href":"https:\/\/vopus.org\/sv\/wp-json\/wp\/v2\/contenido?post=21625"},{"taxonomy":"fuente","embeddable":true,"href":"https:\/\/vopus.org\/sv\/wp-json\/wp\/v2\/fuente?post=21625"},{"taxonomy":"pilar","embeddable":true,"href":"https:\/\/vopus.org\/sv\/wp-json\/wp\/v2\/pilar?post=21625"},{"taxonomy":"fase","embeddable":true,"href":"https:\/\/vopus.org\/sv\/wp-json\/wp\/v2\/fase?post=21625"},{"taxonomy":"conferencia","embeddable":true,"href":"https:\/\/vopus.org\/sv\/wp-json\/wp\/v2\/conferencia?post=21625"},{"taxonomy":"read_online","embeddable":true,"href":"https:\/\/vopus.org\/sv\/wp-json\/wp\/v2\/read_online?post=21625"},{"taxonomy":"author_tax","embeddable":true,"href":"https:\/\/vopus.org\/sv\/wp-json\/wp\/v2\/author_tax?post=21625"}],"curies":[{"name":"wp","href":"https:\/\/api.w.org\/{rel}","templated":true}]}}