{"id":15804,"date":"2021-10-11T21:09:05","date_gmt":"2021-10-12T00:09:05","guid":{"rendered":"https:\/\/vopus.org\/tidens-ande\/"},"modified":"2021-10-11T21:09:05","modified_gmt":"2021-10-12T00:09:05","slug":"tidens-ande","status":"publish","type":"post","link":"https:\/\/vopus.org\/sv\/tidens-ande\/","title":{"rendered":"Tidens \u00e4nde"},"content":{"rendered":"\n<p>K\u00e4ra v\u00e4nner och l\u00e4sare:<\/p>\n\n\n\n<p>Det gl\u00e4der mig enormt att f\u00f6rmedla dessa PROFETISKA ord fr\u00e5n v\u00e5r v\u00e4lsignade AVATAR, V.M. Samael Aun Weor, betr\u00e4ffande:<\/p>\n\n\n\n<p>TIDENS \u00c4NDE<\/p>\n\n\n\n<p>H\u00e4r \u00e4r inneh\u00e5llet av den profetia som v\u00e5r heliga Guru gjorde p\u00e5 sin tid, och betr\u00e4ffande vilken vi m\u00e5ste vara djupt uppm\u00e4rksamma, framf\u00f6r allt betr\u00e4ffande det arbete som vi, p\u00e5 ett br\u00e5dskande s\u00e4tt, m\u00e5ste g\u00f6ra MED OSS SJ\u00c4LVA; l\u00e5t oss se detta budskap: <\/p>\n\n\n\n<p>\u00abVi befinner oss inf\u00f6r en stor naturkatastrof; detta \u00e4r uppenbart. Vetenskapsm\u00e4nnen vet redan att \u00f6ver v\u00e5r planet Jordens omloppsbana kommer en v\u00e4rld som de kallar den R\u00f6da Planeten. Den n\u00e4rmar sig, och vetenskapsm\u00e4nnen kommer att vilja avl\u00e4gsna den genom k\u00e4rnkraftsexplosioner, men allt kommer att vara f\u00f6rg\u00e4ves.<\/p>\n\n\n\n<p>Det kommer en tid n\u00e4r alla profetior kommer att uppfyllas. Muhammed talade redan tydligt om den jordb\u00e4vning som v\u00e4ntar oss sedan seklernas b\u00f6rjan. Han s\u00e4ger bokstavligen att bergen d\u00e5 kommer att falla s\u00f6nder och flyga genom luften, och falla ner gjorda till stoft. Detta inbjuder oss att reflektera. Detta skulle vara om\u00f6jligt om det inte fanns en jordb\u00e4vning. Men denna jordb\u00e4vning, varf\u00f6r skulle den intr\u00e4ffa? Denna h\u00e4ndelse skulle bara intr\u00e4ffa genom n\u00e4rmandet av en gigantisk v\u00e4rld, och det \u00e4r just precis detta som kommer att ske, mina k\u00e4ra br\u00f6der.<\/p>\n\n\n\n<p>Jag vill att ni reflekterar mycket djupt \u00f6ver de stunder som vi befinner oss i f\u00f6r n\u00e4rvarande. Vi lever verkligen i en sv\u00e5r epok. Vi befinner oss i tidens \u00e4nde, s\u00e5 som det s\u00e4gs i den Helige Johannes Apokalyps; vi befinner oss i b\u00f6rjan av slutet till hedningarnas era.<\/p>\n\n\n\n<p>Den gamla jorden, Atlantis, gick under p\u00e5 grund av vatten, och v\u00e5r nuvarande jord, den nuvarande, kommer att elimineras genom eld. Petrus talade tydligt om detta. I hans Andra Universella Epistel s\u00e4ger han att Jorden och de verk som d\u00e4r finns kommer att br\u00e4nnas upp av eld. Och detta \u00e4r sant, mina k\u00e4ra br\u00f6der; elementen, som brinner, kommer att bli omintetgjorda.<\/p>\n\n\n\n<p>Reflektera \u00f6ver detta, f\u00f6rdjupa er. Detta som jag s\u00e4ger har, f\u00f6rvisso, en anstrykning av tragedi, men det \u00e4r s\u00e5 att jag inte vill g\u00e5 miste om ett \u00f6gonblick f\u00f6r att p\u00e5kalla er uppm\u00e4rksamhet. Det \u00e4r n\u00f6dv\u00e4ndigt att ni lever i ett alert tillst\u00e5nd, framf\u00f6r allt i dessa sv\u00e5ra tider.<\/p>\n\n\n\n<p>I de naturliga orsakernas v\u00e4rld kunde jag uppleva denna framtid som v\u00e4ntar v\u00e5r planet Jorden. Vad jag s\u00e5g var, uppriktigt sagt, skr\u00e4mmande: Zodiakens tolv konstellationer framtr\u00e4dde \u2013 p\u00e5 ett symboliskt, pythagoreiskt, allegoriskt s\u00e4tt- som tolv skr\u00e4mmande hotande j\u00e4ttar, och fr\u00e5n dem kom det blixtar och \u00e5skknallar. Det f\u00f6ref\u00f6ll som om det redan d\u00e5, i dessa \u00f6gonblick, vore den slutliga katastrofen. <\/p>\n\n\n\n<p>Vid ett annat tillf\u00e4lle samtalade jag med min Gudomliga Moder Kundalini. Hon sa till mig:<\/p>\n\n\n\n<p>-Allt \u00e4r redan f\u00f6rlorat; v\u00e4rldens ondska \u00e4r s\u00e5 stor att den nu n\u00e5tt \u00e4nda upp till himlen. Det Stora Babylonien, modern till Jordens allt otuktsbedrivande och styggelser, kommer att f\u00f6rintas, och av hela denna illasinnade generation av huggormar kommer det inte att finnas kvar en sten p\u00e5 en sten.<\/p>\n\n\n\n<p>F\u00f6rv\u00e5nad, sade jag:<\/p>\n\n\n\n<p>-\u00c5h, min Moder! vi befinner oss i en \u00e5terv\u00e4ndsgr\u00e4nd.<\/p>\n\n\n\n<p>Den Dyrkansv\u00e4rda svarade:<\/p>\n\n\n\n<p>-Vill du g\u00f6ra en pakt med mig?<\/p>\n\n\n\n<p>-Naturligtvis vill jag det!<\/p>\n\n\n\n<p>-D\u00e5- fortsatte hon att s\u00e4ga- \u00f6ppnar du \u00e5terv\u00e4ndsgr\u00e4nden och jag d\u00f6dar dem.<\/p>\n\n\n\n<p>Att \u00f6ppna \u00e5terv\u00e4ndsgr\u00e4nden, mina k\u00e4ra br\u00f6der, \u00e4r vad vi h\u00e5ller p\u00e5 att g\u00f6ra. I dessa stunder h\u00e5ller vi p\u00e5 att forma Arm\u00e9n f\u00f6r V\u00e4rldens R\u00e4ddning. Saliga \u00e4r de som kan dra nytta av denna \u00e5terv\u00e4ndsgr\u00e4nd! F\u00f6r jag vill att ni ska veta p\u00e5 ett konkret s\u00e4tt, tydligt och definitivt att allt detta som ni f\u00f6r n\u00e4rvarande ser i v\u00e4rlden kommer att f\u00f6rst\u00f6ras. N\u00e4r denna planet som h\u00e5ller p\u00e5 att f\u00e4rdas i riktning mot v\u00e5r v\u00e4rld -mot planeten Jorden- b\u00f6rjar n\u00e4rma sig, kommer den, uppenbarligen, att br\u00e4nna allt som har liv med sin str\u00e5lning. Genom sitt n\u00e4rmande, kommer den flytande elden i Jordens inre att attraheras magnetiskt och d\u00e5 kommer vulkaner h\u00e4r och d\u00e4r och \u00f6verallt att f\u00e5 utbrott (vi kan observera att vulkaner f\u00f6r n\u00e4rvarande har b\u00f6rjat f\u00e5 utbrott \u00f6verallt och med ett imponerande raseri; detta intr\u00e4ffar i alla de fyra v\u00e4derstrecken av v\u00e5r v\u00e4rld), och det kommer att finnas skr\u00e4mmande jordb\u00e4vningar som aldrig tidigare sk\u00e5dats eller erfarits, och det kommer att finnas lava och aska \u00f6verallt.<\/p>\n\n\n\n<p>Idag, br\u00f6der, talar vi s\u00e5 som vi talade p\u00e5 Atlantis. Idag h\u00e5ller jag p\u00e5 att profetera s\u00e5 som jag \u00e4ven gjorde p\u00e5 den kontinent som sj\u00f6nk. Idag varnar jag s\u00e5 som jag varnade under den epoken. Det finns endast en skillnad f\u00f6r p\u00e5 den tiden sj\u00f6nk landomr\u00e5det Atlantis, med allt som fanns d\u00e4r, genom vatten; nu h\u00e5ller den p\u00e5 att g\u00e5 under genom eld. S\u00e5, mina k\u00e4ra br\u00f6der, efter den stora naturkatastrofen kommer det endast att finnas eld och vatten\u00e5nga; det kommer att finnas ett stort kaos, denna Jord kommer att bli obebodd. Men de utvalda kommer att h\u00e4mtas fr\u00e5n faran och tas till en viss plats i Stillahavet\u00bb.<\/p>\n\n\n\n<p>\u2500Extrakt fr\u00e5n det f\u00f6redrag som finns bevarat i den andra volymen av Det Femte Evangeliet titulerat \u00abApokalyptiska efterverkningar av Jaget\u00bb, <\/p>\n\n\n\n<p>sidorna 365, 366, 367\u2500. <\/p>\n\n\n\n<p><\/p>\n\n\n\n<p>Jag l\u00e4mnar er nu n\u00e5gra reflektioner:<\/p>\n\n\n\n<p><\/p>\n\n\n\n<p>\u00abDet anses att du pr\u00f6vas i sm\u00e4rta s\u00e5 att du inte blir nedslagen, det anses att du pr\u00f6vas i framg\u00e5ng s\u00e5 att du inte blir exalterad\u00bb.<\/p>\n\n\n\n<p> San Isidoro<\/p>\n\n\n\n<p>\u00abI detta sekel kan man inte godk\u00e4nna saker utan bevis; \u00e4ven myntet v\u00e4gs\u00bb.<\/p>\n\n\n\n<p> Quevedo<\/p>\n\n\n\n<p>\u00abDe folk som inte k\u00e4nner varandra m\u00e5ste skynda sig att l\u00e4ra k\u00e4nna varandra i likhet med de som kommer att sl\u00e5ss tillsammans\u00bb.<\/p>\n\n\n\n<p> Jos\u00e9 Mart\u00ed<\/p>\n\n\n\n<p>\u00abLyckligt folk k\u00e4nner inte till mycket om livet, sm\u00e4rtan \u00e4r m\u00e4nniskornas stora l\u00e4rare \u00bb.<\/p>\n\n\n\n<p> Anatole France<\/p>\n\n\n\n<p><\/p>\n\n\n\n<p>ARS MORIENDI.<\/p>\n\n\n\n<p>\u2500\u2018Konsten att d\u00f6\u2019\u2500.<\/p>\n\n\n\n<p>KWEN KHAN KHU<\/p>\n<!-- \/wp:paragraph \u2192","protected":false},"excerpt":{"rendered":"<p>K\u00e4ra v\u00e4nner och l\u00e4sare: Det gl\u00e4der mig enormt att f\u00f6rmedla dessa PROFETISKA ord fr\u00e5n v\u00e5r v\u00e4lsignade AVATAR, V.M. Samael Aun Weor, betr\u00e4ffande: TIDENS \u00c4NDE H\u00e4r \u00e4r inneh\u00e5llet av den profetia som v\u00e5r heliga Guru gjorde p\u00e5 sin tid, och betr\u00e4ffande vilken vi m\u00e5ste vara djupt uppm\u00e4rksamma, framf\u00f6r allt betr\u00e4ffande det arbete som vi, p\u00e5 ett [&hellip;]<\/p>\n","protected":false},"author":4,"featured_media":13388,"comment_status":"open","ping_status":"open","sticky":false,"template":"","format":"standard","meta":{"footnotes":"","_links_to":"","_links_to_target":""},"categories":[155,470],"tags":[],"contenido":[277],"fuente":[49],"pilar":[],"fase":[],"conferencia":[],"read_online":[],"author_tax":[321],"class_list":["post-15804","post","type-post","status-publish","format-standard","has-post-thumbnail","hentry","category-aktuella-handelser","category-meddelanden-vm-kwen-khan-khu","contenido-artiklar","fuente-maestro","author_tax-v-m-kwen-khan-khu-sv"],"_links":{"self":[{"href":"https:\/\/vopus.org\/sv\/wp-json\/wp\/v2\/posts\/15804","targetHints":{"allow":["GET"]}}],"collection":[{"href":"https:\/\/vopus.org\/sv\/wp-json\/wp\/v2\/posts"}],"about":[{"href":"https:\/\/vopus.org\/sv\/wp-json\/wp\/v2\/types\/post"}],"author":[{"embeddable":true,"href":"https:\/\/vopus.org\/sv\/wp-json\/wp\/v2\/users\/4"}],"replies":[{"embeddable":true,"href":"https:\/\/vopus.org\/sv\/wp-json\/wp\/v2\/comments?post=15804"}],"version-history":[{"count":0,"href":"https:\/\/vopus.org\/sv\/wp-json\/wp\/v2\/posts\/15804\/revisions"}],"wp:featuredmedia":[{"embeddable":true,"href":"https:\/\/vopus.org\/sv\/wp-json\/wp\/v2\/media\/13388"}],"wp:attachment":[{"href":"https:\/\/vopus.org\/sv\/wp-json\/wp\/v2\/media?parent=15804"}],"wp:term":[{"taxonomy":"category","embeddable":true,"href":"https:\/\/vopus.org\/sv\/wp-json\/wp\/v2\/categories?post=15804"},{"taxonomy":"post_tag","embeddable":true,"href":"https:\/\/vopus.org\/sv\/wp-json\/wp\/v2\/tags?post=15804"},{"taxonomy":"contenido","embeddable":true,"href":"https:\/\/vopus.org\/sv\/wp-json\/wp\/v2\/contenido?post=15804"},{"taxonomy":"fuente","embeddable":true,"href":"https:\/\/vopus.org\/sv\/wp-json\/wp\/v2\/fuente?post=15804"},{"taxonomy":"pilar","embeddable":true,"href":"https:\/\/vopus.org\/sv\/wp-json\/wp\/v2\/pilar?post=15804"},{"taxonomy":"fase","embeddable":true,"href":"https:\/\/vopus.org\/sv\/wp-json\/wp\/v2\/fase?post=15804"},{"taxonomy":"conferencia","embeddable":true,"href":"https:\/\/vopus.org\/sv\/wp-json\/wp\/v2\/conferencia?post=15804"},{"taxonomy":"read_online","embeddable":true,"href":"https:\/\/vopus.org\/sv\/wp-json\/wp\/v2\/read_online?post=15804"},{"taxonomy":"author_tax","embeddable":true,"href":"https:\/\/vopus.org\/sv\/wp-json\/wp\/v2\/author_tax?post=15804"}],"curies":[{"name":"wp","href":"https:\/\/api.w.org\/{rel}","templated":true}]}}