{"id":15739,"date":"2021-10-16T11:16:44","date_gmt":"2021-10-16T14:16:44","guid":{"rendered":"https:\/\/vopus.org\/till-dumhetens-svangningar\/"},"modified":"2021-10-20T15:26:13","modified_gmt":"2021-10-20T18:26:13","slug":"till-dumhetens-svangningar","status":"publish","type":"post","link":"https:\/\/vopus.org\/sv\/till-dumhetens-svangningar\/","title":{"rendered":"Till dumhetens sv\u00e4ngningar"},"content":{"rendered":"\n<p>K\u00e4ra v\u00e4nner:<\/p>\n\n\n\n<p>Jag framf\u00f6r n\u00e5gra ord till er f\u00f6r att f\u00f6rs\u00f6ka f\u00f6rst\u00e5 varf\u00f6r v\u00e5r v\u00e4rld gungar\u2026\u2026<\/p>\n\n\n\n<p>TILL DUMHETENS SV\u00c4NGNINGAR&#8230;<\/p>\n\n\n\n<p>V\u00e5ra l\u00e4ror utg\u00f6r en verklig SKATT AV LJUS f\u00f6r oss, p\u00e5 det s\u00e4tt som det beskrivs i Pistis Sophia. Dessa l\u00e4ror \u00e4r verkligen djupa, logiska, exakta och transcendentala, som helt r\u00f6jer undan de relativa teorier som det kryllar av likt ogr\u00e4s inom alla ordningar av v\u00e5rt sociala liv, det vill s\u00e4ga:<\/p>\n\n\n\n<p> a. Politisk ordning.<\/p>\n\n\n\n<p> b. Religi\u00f6s ordning.<\/p>\n\n\n\n<p> c. Filosofisk ordning.<\/p>\n\n\n\n<p> d. Ekonomisk ordning.<\/p>\n\n\n\n<p> e. Konstn\u00e4rlig ordning.<\/p>\n\n\n\n<p> f. Vetenskaplig ordning.<\/p>\n\n\n\n<p> g. Etisk ordning.<\/p>\n\n\n\n<p>Genom dessa har vi kommit att inse vad det sanna RELIGARE \u00e4r, vad som \u00e4r den sanna vetenskapen, hur vi kan l\u00e4ra k\u00e4nna oss sj\u00e4lva, hur vi kan modifiera v\u00e5r existens s\u00e5 att den tj\u00e4nar som en bro f\u00f6r att lyckas f\u00e5 verklig kontakt med det som vi kallar GUD, vilket \u00e4r den sanna mystiken, etc., etc., etc.<\/p>\n\n\n\n<p>Men, olyckligtvis, och s\u00e5 som vi har sagt TUSEN G\u00c5NGER och p\u00e5 olika s\u00e4tt, forts\u00e4tter detta budskap, underligt nog, att vara OBEGRIPLIGT f\u00f6r denna m\u00e4nsklighet. Till och med av v\u00e4ldigt m\u00e5nga av oss som tar del av denna, n\u00e5got som \u00e4r otroligt men det \u00e4r s\u00e5\u2026<\/p>\n\n\n\n<p>Om vi l\u00e4ser verket av v\u00e5r Patriark titulerad AVSL\u00d6JANDEN AV EN AVATAR, och mer konkret om vi bl\u00e4ddrar i kapitel VI i densamma, titulerad \u00abVARNINGAR SOM NATUREN GER\u00bb, blir vi m\u00e5ll\u00f6sa inf\u00f6r den STORA TRAGEDI som har att g\u00f6ra med v\u00e5r nuvarande m\u00e4nskliga ras. D\u00e4r, i detta kapitel, f\u00f6rklarar V.M. Samael aun Weor f\u00f6r oss hur den STORA V\u00c4RLDSKATASTROFEN kommer att utl\u00f6sas, n\u00e5got som redan \u00e4r p\u00e5 g\u00e5ng.<\/p>\n\n\n\n<p>Om vi s\u00f6ker efter nyheter finner vi f\u00e5 som har v\u00e5gat ber\u00e4tta f\u00f6r detta perversa samh\u00e4lle om ALLVARET I DET TIDER SOM VI LEVER I. Majoriteten av dessa nyhetsf\u00f6rmedlare \u00e4r till st\u00f6rsta del betalade F\u00d6R ATT TIGA och att inte oroa de blinda folkmassorna s\u00e5 att det FANTASILIV som vi alla lever INTE RASERAS \u2013 det vill s\u00e4ga: b\u00f6rsen i London, inte heller i Tokyo, inte heller den Amerikanska, etc., etc., etc. -, eftersom de s\u00e5 kallade HERRARNA I V\u00c4RLDEN, dessa som drar i tr\u00e5darna betr\u00e4ffande framtiden i v\u00e5rt vederv\u00e4rdiga samh\u00e4lle, inte vill att deras aff\u00e4rer och deras f\u00f6rm\u00f6genheter rasar samman, etc., etc., etc.<\/p>\n\n\n\n<p>S\u00e5dana \u00e4r omst\u00e4ndigheterna, k\u00e4ra l\u00e4sare, vi ser redan p\u00e5 ett upprepande s\u00e4tt JORDB\u00c4VNINGAR, VULKANER, \u00d6VERSV\u00c4MMNINGAR, HAVSSKALV, CYKLONER, ORKANER, JORDSKRED AV HELA BERG SOM FULLST\u00c4NDIGT BEGRAVER SAMH\u00c4LLEN, etc., etc., etc., FRUKTANSV\u00c4RDA BR\u00c4NDER, SN\u00d6FALL SOM TIDIGARE ALDRIG HAR SK\u00c5DATS och en l\u00e5ng f\u00f6ljd av OVISSA SITUATIONER vilka borde p\u00e5kalla den jordiska m\u00e4nsklighetens eftertanke. <\/p>\n\n\n\n<p>Men, folkmassorna forts\u00e4tter att vara HYPNOTISERADE av sina psykologiska aggregat och de t\u00e4nker bara p\u00e5 den ny generationen av IPhone telefoner som fungerar med den f\u00f6rmodade 5G eller 6G tekniken, p\u00e5 elbilar, p\u00e5 er\u00f6vringen av Mars -som om den planeten tillh\u00f6rde oss-, p\u00e5 nya raketer f\u00f6r att ansluta oss till den Internationella Rymdstationen, p\u00e5 nya sofistikerade och ultram\u00e4ktiga vapen f\u00f6r att d\u00f6da v\u00e5r medm\u00e4nniska, p\u00e5 de Olympiska Spelen i Tokyo, p\u00e5 den nya valuta som man har kallat BITCOIN, p\u00e5 mer och mer droger som TILL\u00c5TER MER NJUTNING I V\u00c5RT OTUKTSIDKANDE, p\u00e5 att legalisera droger som marijuana bland annat, p\u00e5 att byta K\u00d6N \u00e4ven om det betyder att G\u00c5 MOT NATUREN, p\u00e5 INYMPNINGAR FR\u00c5N KADAVER i levande personer, vilka \u00e4r sjuka, f\u00f6r att till\u00e5ta dem att forts\u00e4tta att vara galna i detta liv som man erbjuder dem, etc., etc., etc.<\/p>\n\n\n\n<p>Nu handlar det inte om, v\u00e4nner, att komma ih\u00e5g vad forntida profeter redan har f\u00f6rutsagt genom att ha f\u00e5tt en glimt av SLUTET P\u00c5 DENNA ARISKA RAS, nej. Nu handlar det om fakta vilka, VETESNKAPLIGT, HAR BEVISATS och vilka h\u00e5ller p\u00e5 att intr\u00e4ffa just nu, under det att ni l\u00e4ser dessa sidor.<\/p>\n\n\n\n<p>Det \u00e4r redan bekr\u00e4ftat att de magnetiska polerna i v\u00e5r v\u00e4rld h\u00e5ller p\u00e5 att \u00e4ndra l\u00e4ge, och h\u00e5ller p\u00e5 att omkullkasta de \u00e5rstider som naturen hade vant oss vid. F\u00f6r n\u00e5gra dagar sedan kunde vi se s\u00e4llsamma bilder som visade oss att det b\u00f6rjat v\u00e4xa v\u00e4ldigt m\u00e5nga tr\u00e4d i sj\u00e4lva Saharas \u00f6ken. Hur kan vi tolka detta? Enorma isblock fr\u00e5n Arktis och fr\u00e5n Antarktis h\u00e5ller p\u00e5 att separeras fr\u00e5n b\u00e4gge kalotterna och f\u00e4rdas just nu p\u00e5 haven och \u00f6kar d\u00e5, uppenbarligen, fl\u00f6dena i hav, floder, sj\u00f6ar, etc., etc., etc. <\/p>\n\n\n\n<p>Vid den tid n\u00e4r v\u00e5r Avatar var h\u00e4r med oss, f\u00f6ruts\u00e5g han att en enorm planet, SJU G\u00c5NGER ST\u00d6RRE \u00c4N JUPITER, hade en omloppsbana runt en sol fr\u00e5n ett annat solsystem som kallas TYLAR. Och v\u00e5r Patriark sade tydligt till oss: \u00abHerc\u00f3lubus, med dess gigantiska kretslopp, kommer att n\u00e4rma sig mer och mer och kommer att p\u00e5verka flera planeter i v\u00e5rt Solsystem\u2026 Indirekt kommer den att p\u00e5verka Venus och Mars, men v\u00e5r v\u00e4rld kommer direkt att p\u00e5verkas\u2026 Allt detta betyder att vi kommer att n\u00e4rvara vid en ny \u00e4ndring av Jordens axlar, vilket kommer att framkalla en stor katastrof\u2026 Miljontals personer kommer att d\u00f6. Denna v\u00e4rld visade sig \u00e4ven i slutet av kontinenten Atlantis och orsakade utpl\u00e5ningen av den Rasen. Tidigare hade den visat sig n\u00e4r Lemurien n\u00e5tt sitt slut och, mycket riktigt, kontinenten Mu sj\u00f6nk ner under Stillahavets vatten\u00bb&#8230;<\/p>\n\n\n\n<p>D\u00e4rf\u00f6r, uppskattade l\u00e4sare, vad som h\u00e5ller p\u00e5 att intr\u00e4ffa \u00c4R INTE N\u00c5GOT NYTT, utan det \u00e4r en h\u00e4ndelse som upprepar sig varje 26 000 \u00e5r p\u00e5 ett cykliskt s\u00e4tt. Detta tillh\u00f6r den kosmiska mekaniken och visar sig vara oundvikligt.<\/p>\n\n\n\n<p>Och n\u00e4r det g\u00e4ller oss, vi som f\u00f6rs\u00f6ker leva Gnosis, vad h\u00e5ller vi p\u00e5 att g\u00f6ra med oss sj\u00e4lva? Har vi m\u00f6jligtvis en best\u00e5ende dynamik i arbetet som till\u00e5ter oss att f\u00e5 hj\u00e4lp i dessa kritiska stunder? Vilken \u00e4r denna dynamik? Hur m\u00e5nga meditationer h\u00e5ller vi p\u00e5 att g\u00f6ra? Hur m\u00e5nga praktiker genomf\u00f6r vi varje dag f\u00f6r att f\u00f6rs\u00f6ka \u00f6ka v\u00e5rt procenttal av Medvetande? \u00c4r vi i f\u00e4rd med att sublimera v\u00e5r ARCANUM A.Z.F.? Forts\u00e4tter vi, i varje stund, med v\u00e5ra mekaniska reaktioner? Forts\u00e4tter vi identifierade med allt som h\u00e4nder runt omkring oss? Etc., etc., etc.<\/p>\n\n\n\n<p>Nu, mer \u00e4n n\u00e5gonsin, har den s\u00e5 kallade NIONDE TIMMEN n\u00e5tt oss alla, vi som k\u00e4nner till den Hermetiska V\u00e4gen. D\u00e5 h\u00e5ller vi p\u00e5 att bli granskade i det inre f\u00f6r att fr\u00e5n denna m\u00e4nsklighet v\u00e4lja ut den som det l\u00f6nar sig att HJ\u00c4LPA, det \u00e4r v\u00e4rt att s\u00e4ga, f\u00f6r att BLI R\u00c4DDAD\u2026 Direktiven \u00e4r redan givna av de FYRA ELEMENTENS herrar och dessa direktiv s\u00e4ger: \u00abG\u00d6R SLUT P\u00c5 DENNA RAS, F\u00d6R DEN HAR MISSLYCKATS!\u00bb. S\u00e5dan \u00e4r, f\u00f6ljaktligen, den dom som har utf\u00e4rdats.<\/p>\n\n\n\n<p>Eftersom GUDOMLIGHETEN ALLTID AGERAR MED BARMH\u00c4RTIGHET OCH R\u00c4TTVISA, s\u00e5 genom att f\u00f6rst v\u00e4dja till det VITA BR\u00d6DRASKAPET eftersom den redan h\u00e5ller p\u00e5 att, och \u00e4r i f\u00e4rd med att f\u00f6rflytta h\u00f6gre m\u00e4nskligheter f\u00f6r att observera hela det pseudo-m\u00e4nskliga samh\u00e4lle som vi utg\u00f6r, med syftet att r\u00e4dde den som inger hopp. P\u00e5 detta s\u00e4tt, h\u00e5ller man, f\u00f6ljaktligen, p\u00e5 med att g\u00f6ra en FOLKR\u00c4KNING som kommer att m\u00f6jligg\u00f6ra, i sin tid och i sin timme, en massiv r\u00e4ddning av de sj\u00e4lar som har, \u00e5tminstone, ett arbete av MYSTISK D\u00d6D som \u00e4r signifikativt, tillsammans med dygder s\u00e5som \u00c4RLIGHET, UPPRIKTIGHET OCH EN DJUP L\u00c4NGTAN EFTER ATT VILJA BLI B\u00c4TTRE\u2026<\/p>\n\n\n\n<p>Jag talar om n\u00e5got som jag har fullkomlig k\u00e4nnedom om och som inte har n\u00e5got att g\u00f6ra med ANTAGANDEN eller L\u00d6JEV\u00c4CKANDE FANATISM som m\u00e5nga sekter har vant oss vid. M\u00e5 den som har f\u00f6rst\u00e5nd f\u00f6rst\u00e5 och den som har h\u00f6rsel h\u00f6ra, f\u00f6r h\u00e4r finns det visdom\u2026!<\/p>\n\n\n\n<p>\u00abVar vaksamma och framh\u00e4rda, det finns \u00e4nnu tid f\u00f6r er!\u00bb, p\u00e5minns vi av i en av v\u00e5ra ceremonier\u2026<\/p>\n\n\n\n<p>Praktisera INTERIORISERING mer och mer och f\u00f6rs\u00f6k att i varje \u00f6gonblick sk\u00e4rpa SJ\u00c4LVOBSERVATIONEN, b\u00e4gge ingredienserna kommer att leda er till framg\u00e5ng! <\/p>\n\n\n\n<p>Jag avslutar detta meddelande med n\u00e5gra reflektioner som \u00e4r passande och i \u00f6verensst\u00e4mmelse med det som tidigare har framlagts:<\/p>\n\n\n\n<p>\u00abM\u00e4nniskan g\u00f6r inga framsteg utom med hj\u00e4lp av uppoffringen; alltid n\u00e4r det finns en framg\u00e5ng, kan man vara s\u00e4ker p\u00e5 att det finns en martyr\u00bb.<\/p>\n\n\n\n<p>Concepci\u00f3n Arenal<\/p>\n\n\n\n<p>\u00abDen som lovar med stor l\u00e4ttvindighet, kommer l\u00e5ngsamt att \u00e5ngra sig\u00bb.<\/p>\n\n\n\n<p>Alonso de Ercilla<\/p>\n\n\n\n<p>\u00abN\u00e4r det g\u00e4ller alla saker beror framg\u00e5ng p\u00e5 f\u00f6rberedelse; utan f\u00f6rberedelse h\u00e4nder det alltid ett misslyckande. N\u00e4r vad som ska s\u00e4gas har best\u00e4mts i f\u00f6rv\u00e4g, kommer det inte att finnas sv\u00e5righeter med att genomf\u00f6ra det. N\u00e4r ett handlingss\u00e4tt har best\u00e4mts i f\u00f6rv\u00e4g, kommer det inte att finnas anledning till gr\u00e4melse. N\u00e4r de generella principerna har best\u00e4mts i f\u00f6rv\u00e4g, finns det ingen villr\u00e5dighet betr\u00e4ffande vad som ska g\u00f6ras\u00bb.<\/p>\n\n\n\n<p>Konfucius<\/p>\n\n\n\n<p>\u00abDet tillh\u00f6r de visa att idag vara p\u00e5 sin vakt inf\u00f6r morgondagen och inte riskera allt p\u00e5 en dag\u00bb.<\/p>\n\n\n\n<p>Cervantes<\/p>\n\n\n\n<p>\u00abTankarna \u00e4r ihoprullade tapisserier; reflektionen vecklar ut dem och visar dem offentligt\u00bb.<\/p>\n\n\n\n<p>Tem\u00edstocles<\/p>\n\n\n\n<p>FATA VIAM INVENIENT.<\/p>\n\n\n\n<p>\u2500\u2018\u00d6dena kommer att finna sin v\u00e4g\u2019\u2500.<\/p>\n\n\n\n<p><p>KWEN KHAN KHU<\/p>\n<!-- \/wp:paragraph \u2192--><\/p>\n","protected":false},"excerpt":{"rendered":"<p>K\u00e4ra v\u00e4nner: Jag framf\u00f6r n\u00e5gra ord till er f\u00f6r att f\u00f6rs\u00f6ka f\u00f6rst\u00e5 varf\u00f6r v\u00e5r v\u00e4rld gungar\u2026\u2026 TILL DUMHETENS SV\u00c4NGNINGAR&#8230; V\u00e5ra l\u00e4ror utg\u00f6r en verklig SKATT AV LJUS f\u00f6r oss, p\u00e5 det s\u00e4tt som det beskrivs i Pistis Sophia. Dessa l\u00e4ror \u00e4r verkligen djupa, logiska, exakta och transcendentala, som helt r\u00f6jer undan de relativa teorier som [&hellip;]<\/p>\n","protected":false},"author":4,"featured_media":12963,"comment_status":"open","ping_status":"open","sticky":false,"template":"","format":"standard","meta":{"footnotes":"","_links_to":"","_links_to_target":""},"categories":[126,155,470],"tags":[],"contenido":[277],"fuente":[49],"pilar":[],"fase":[],"conferencia":[],"read_online":[],"author_tax":[321],"class_list":["post-15739","post","type-post","status-publish","format-standard","has-post-thumbnail","hentry","category-antropologi","category-aktuella-handelser","category-meddelanden-vm-kwen-khan-khu","contenido-artiklar","fuente-maestro","author_tax-v-m-kwen-khan-khu-sv"],"_links":{"self":[{"href":"https:\/\/vopus.org\/sv\/wp-json\/wp\/v2\/posts\/15739","targetHints":{"allow":["GET"]}}],"collection":[{"href":"https:\/\/vopus.org\/sv\/wp-json\/wp\/v2\/posts"}],"about":[{"href":"https:\/\/vopus.org\/sv\/wp-json\/wp\/v2\/types\/post"}],"author":[{"embeddable":true,"href":"https:\/\/vopus.org\/sv\/wp-json\/wp\/v2\/users\/4"}],"replies":[{"embeddable":true,"href":"https:\/\/vopus.org\/sv\/wp-json\/wp\/v2\/comments?post=15739"}],"version-history":[{"count":0,"href":"https:\/\/vopus.org\/sv\/wp-json\/wp\/v2\/posts\/15739\/revisions"}],"wp:featuredmedia":[{"embeddable":true,"href":"https:\/\/vopus.org\/sv\/wp-json\/wp\/v2\/media\/12963"}],"wp:attachment":[{"href":"https:\/\/vopus.org\/sv\/wp-json\/wp\/v2\/media?parent=15739"}],"wp:term":[{"taxonomy":"category","embeddable":true,"href":"https:\/\/vopus.org\/sv\/wp-json\/wp\/v2\/categories?post=15739"},{"taxonomy":"post_tag","embeddable":true,"href":"https:\/\/vopus.org\/sv\/wp-json\/wp\/v2\/tags?post=15739"},{"taxonomy":"contenido","embeddable":true,"href":"https:\/\/vopus.org\/sv\/wp-json\/wp\/v2\/contenido?post=15739"},{"taxonomy":"fuente","embeddable":true,"href":"https:\/\/vopus.org\/sv\/wp-json\/wp\/v2\/fuente?post=15739"},{"taxonomy":"pilar","embeddable":true,"href":"https:\/\/vopus.org\/sv\/wp-json\/wp\/v2\/pilar?post=15739"},{"taxonomy":"fase","embeddable":true,"href":"https:\/\/vopus.org\/sv\/wp-json\/wp\/v2\/fase?post=15739"},{"taxonomy":"conferencia","embeddable":true,"href":"https:\/\/vopus.org\/sv\/wp-json\/wp\/v2\/conferencia?post=15739"},{"taxonomy":"read_online","embeddable":true,"href":"https:\/\/vopus.org\/sv\/wp-json\/wp\/v2\/read_online?post=15739"},{"taxonomy":"author_tax","embeddable":true,"href":"https:\/\/vopus.org\/sv\/wp-json\/wp\/v2\/author_tax?post=15739"}],"curies":[{"name":"wp","href":"https:\/\/api.w.org\/{rel}","templated":true}]}}