{"id":7911,"date":"2019-07-16T13:22:39","date_gmt":"2019-07-16T13:22:39","guid":{"rendered":"https:\/\/vopus.org\/magia-cristica-azteca\/"},"modified":"2021-02-09T17:12:06","modified_gmt":"2021-02-09T16:12:06","slug":"magia-cristica-azteca","status":"publish","type":"post","link":"https:\/\/vopus.org\/sr\/magia-cristica-azteca\/","title":{"rendered":"Aste\u010dka hristi\u010dka magija"},"content":{"rendered":"\n<div class=\"wp-block-columns has-2-columns is-layout-flex wp-container-core-columns-is-layout-9d6595d7 wp-block-columns-is-layout-flex\">\n<div class=\"wp-block-column is-layout-flow wp-block-column-is-layout-flow\">\n<figure class=\"wp-block-image\"><img decoding=\"async\" src=\"\/wp-content\/uploads\/2019\/06\/es-saw-magia_cristica_azteca-2-455x490.png\" alt=\"Aste\u010dka hristi\u010dka magija\" \/><\/figure>\n<\/div>\n\n\n\n<div class=\"wp-block-column is-layout-flow wp-block-column-is-layout-flow\">\n<p>Kada se u zori kreacije Bog \u017ertvovao u sopstvenoj vatri da bi se rodila kreacija, iz ni\u010dega koje sadr\u017ei sve, pojavila se prva dualna manifestacija: Omeyocan. Od tada pa do dana\u0161njih dana ljudska vrsta je tra\u017eila onog prvobitnog Boga, a Asteci su razvili jednu spoznaju ovog Boga, koja je zaista duboka i ostavljena je kao nasle\u0111e u njihovim mitovima.Ovo delo V.M. Samaela Aun Weora jeste istinsko \u010dudo spoznaje, kako o onom svetom narodu koji se u Zlatnoj epohi veoma mnogo pribli\u017eio bo\u017eanstvu, tako i o istinama koje su mamnifestovali u svojoj mitologiji, u svojoj mistici i u svom dubokom po\u0161tovanju i obo\u017eavanju onog Boga Oca-Majke i kog su ostavili kao nasle\u0111e u svojim tekstovima i skulpturama uklesanim u tvrdom kamenu. Pripremi se, \u010ditao\u010de, za putovanje u pro\u0161lost kojim da razume\u0161 svoju sada\u0161njost i pripremi\u0161 svoju budu\u0107nost.<\/p>\n<\/div>\n<\/div>\n","protected":false},"excerpt":{"rendered":"<p>Kada se u zori kreacije Bog \u017ertvovao u sopstvenoj vatri da bi se rodila kreacija, iz ni\u010dega koje sadr\u017ei sve, pojavila se prva dualna manifestacija: Omeyocan. Od tada pa do dana\u0161njih dana lju&#8230;<\/p>\n","protected":false},"author":5,"featured_media":7912,"comment_status":"open","ping_status":"open","sticky":false,"template":"","format":"standard","meta":{"footnotes":"","_links_to":"","_links_to_target":""},"categories":[125],"tags":[],"contenido":[279],"fuente":[49],"pilar":[],"fase":[],"conferencia":[],"read_online":[102],"author_tax":[318],"class_list":["post-7911","post","type-post","status-publish","format-standard","has-post-thumbnail","hentry","category-antropologija","contenido-knjige","fuente-maestro","read_online-solo-tienda","author_tax-v-m-samael-aun-weor-sr"],"_links":{"self":[{"href":"https:\/\/vopus.org\/sr\/wp-json\/wp\/v2\/posts\/7911","targetHints":{"allow":["GET"]}}],"collection":[{"href":"https:\/\/vopus.org\/sr\/wp-json\/wp\/v2\/posts"}],"about":[{"href":"https:\/\/vopus.org\/sr\/wp-json\/wp\/v2\/types\/post"}],"author":[{"embeddable":true,"href":"https:\/\/vopus.org\/sr\/wp-json\/wp\/v2\/users\/5"}],"replies":[{"embeddable":true,"href":"https:\/\/vopus.org\/sr\/wp-json\/wp\/v2\/comments?post=7911"}],"version-history":[{"count":0,"href":"https:\/\/vopus.org\/sr\/wp-json\/wp\/v2\/posts\/7911\/revisions"}],"wp:featuredmedia":[{"embeddable":true,"href":"https:\/\/vopus.org\/sr\/wp-json\/wp\/v2\/media\/7912"}],"wp:attachment":[{"href":"https:\/\/vopus.org\/sr\/wp-json\/wp\/v2\/media?parent=7911"}],"wp:term":[{"taxonomy":"category","embeddable":true,"href":"https:\/\/vopus.org\/sr\/wp-json\/wp\/v2\/categories?post=7911"},{"taxonomy":"post_tag","embeddable":true,"href":"https:\/\/vopus.org\/sr\/wp-json\/wp\/v2\/tags?post=7911"},{"taxonomy":"contenido","embeddable":true,"href":"https:\/\/vopus.org\/sr\/wp-json\/wp\/v2\/contenido?post=7911"},{"taxonomy":"fuente","embeddable":true,"href":"https:\/\/vopus.org\/sr\/wp-json\/wp\/v2\/fuente?post=7911"},{"taxonomy":"pilar","embeddable":true,"href":"https:\/\/vopus.org\/sr\/wp-json\/wp\/v2\/pilar?post=7911"},{"taxonomy":"fase","embeddable":true,"href":"https:\/\/vopus.org\/sr\/wp-json\/wp\/v2\/fase?post=7911"},{"taxonomy":"conferencia","embeddable":true,"href":"https:\/\/vopus.org\/sr\/wp-json\/wp\/v2\/conferencia?post=7911"},{"taxonomy":"read_online","embeddable":true,"href":"https:\/\/vopus.org\/sr\/wp-json\/wp\/v2\/read_online?post=7911"},{"taxonomy":"author_tax","embeddable":true,"href":"https:\/\/vopus.org\/sr\/wp-json\/wp\/v2\/author_tax?post=7911"}],"curies":[{"name":"wp","href":"https:\/\/api.w.org\/{rel}","templated":true}]}}