{"id":7592,"date":"2019-07-16T13:23:02","date_gmt":"2019-07-16T13:23:02","guid":{"rendered":"https:\/\/vopus.org\/rosa-ignea\/"},"modified":"2022-09-20T10:46:45","modified_gmt":"2022-09-20T13:46:45","slug":"trandafirul-ignic","status":"publish","type":"post","link":"https:\/\/vopus.org\/ro\/trandafirul-ignic\/","title":{"rendered":"Trandafirul ignic"},"content":{"rendered":"\n<div class=\"wp-block-columns has-2-columns is-layout-flex wp-container-core-columns-is-layout-9d6595d7 wp-block-columns-is-layout-flex\">\n<div class=\"wp-block-column is-layout-flow wp-block-column-is-layout-flow\">\n<figure class=\"wp-block-image\"><img decoding=\"async\" src=\"\/wp-content\/uploads\/2019\/06\/es-saw-rosa_ignea-2-455x490.png\" alt=\"Trandafirul ignic\"\/><\/figure>\n<\/div>\n\n\n\n<div class=\"wp-block-column is-layout-flow wp-block-column-is-layout-flow\">\n<p>\u0218apte \u0219erpi se ridic\u0103 pe spatele lui Krishna, \u0219apte sunt candelabrele dinaintea tronului din Apocalips\u0103, \u0219apte chakre str\u0103lucesc \u00een anatomia metafizic\u0103, at\u00e2t \u00een cultura Orientului c\u00e2t \u0219i a popoarelor mezo-americane. Focul str\u0103luce\u0219te \u00een interiorul fiec\u0103ruia dintre noi \u0219i, a\u0219a cum spunea chiar Mahomed, se ridic\u0103 pe spatele ini\u021biatului, umpl\u00e2ndu-l cu lumin\u0103 \u0219i via\u021b\u0103 (etern\u0103).<\/p>\n\n\n\n<p>\u00cen aceast\u0103 capodoper\u0103 intitulat\u0103 <strong>Trandafirul Ignic<\/strong>, distinsul V.M. Samael Aun Weor, Avatarul prezentei Ere a V\u0103rs\u0103torului, ne las\u0103 mo\u0219tenire, al\u0103turi de practicile cu elementalii naturii \u0219i de revela\u021biile cu privire la for\u021bele propriei noastre Fiin\u021be, miracolele pe care Focul Sacru, odat\u0103 trezit \u00een yoghin, este capabil s\u0103 realizeze, activ\u00e2nd to\u021bi trandafirii ignici care dorm, a\u0219tept\u00e2nd momentul trezirii lor&#8230;, \u0219i a noastr\u0103&#8230;<\/p>\n<\/div>\n<\/div>\n","protected":false},"excerpt":{"rendered":"<p>\u00cen aceast\u0103 capodoper\u0103 intitulat\u0103 Trandafirul Ignic, distinsul V.M. Samael Aun Weor, Avatarul prezentei Ere a V\u0103rs\u0103torului, ne las\u0103 mo\u0219tenire, al\u0103turi de practicile cu elementalii naturii \u0219i de revela\u021biile cu privire la for\u021bele propriei noastre Fiin\u021be<\/p>\n","protected":false},"author":5,"featured_media":7593,"comment_status":"open","ping_status":"open","sticky":false,"template":"","format":"standard","meta":{"footnotes":"","_links_to":"","_links_to_target":""},"categories":[31,142],"tags":[],"contenido":[278],"fuente":[49],"pilar":[],"fase":[],"conferencia":[],"read_online":[102],"author_tax":[317],"class_list":["post-7592","post","type-post","status-publish","format-standard","has-post-thumbnail","hentry","category-metafisica","category-metafizica","contenido-carti","fuente-maestro","read_online-solo-tienda","author_tax-v-m-samael-aun-weor-ro"],"_links":{"self":[{"href":"https:\/\/vopus.org\/ro\/wp-json\/wp\/v2\/posts\/7592","targetHints":{"allow":["GET"]}}],"collection":[{"href":"https:\/\/vopus.org\/ro\/wp-json\/wp\/v2\/posts"}],"about":[{"href":"https:\/\/vopus.org\/ro\/wp-json\/wp\/v2\/types\/post"}],"author":[{"embeddable":true,"href":"https:\/\/vopus.org\/ro\/wp-json\/wp\/v2\/users\/5"}],"replies":[{"embeddable":true,"href":"https:\/\/vopus.org\/ro\/wp-json\/wp\/v2\/comments?post=7592"}],"version-history":[{"count":0,"href":"https:\/\/vopus.org\/ro\/wp-json\/wp\/v2\/posts\/7592\/revisions"}],"wp:featuredmedia":[{"embeddable":true,"href":"https:\/\/vopus.org\/ro\/wp-json\/wp\/v2\/media\/7593"}],"wp:attachment":[{"href":"https:\/\/vopus.org\/ro\/wp-json\/wp\/v2\/media?parent=7592"}],"wp:term":[{"taxonomy":"category","embeddable":true,"href":"https:\/\/vopus.org\/ro\/wp-json\/wp\/v2\/categories?post=7592"},{"taxonomy":"post_tag","embeddable":true,"href":"https:\/\/vopus.org\/ro\/wp-json\/wp\/v2\/tags?post=7592"},{"taxonomy":"contenido","embeddable":true,"href":"https:\/\/vopus.org\/ro\/wp-json\/wp\/v2\/contenido?post=7592"},{"taxonomy":"fuente","embeddable":true,"href":"https:\/\/vopus.org\/ro\/wp-json\/wp\/v2\/fuente?post=7592"},{"taxonomy":"pilar","embeddable":true,"href":"https:\/\/vopus.org\/ro\/wp-json\/wp\/v2\/pilar?post=7592"},{"taxonomy":"fase","embeddable":true,"href":"https:\/\/vopus.org\/ro\/wp-json\/wp\/v2\/fase?post=7592"},{"taxonomy":"conferencia","embeddable":true,"href":"https:\/\/vopus.org\/ro\/wp-json\/wp\/v2\/conferencia?post=7592"},{"taxonomy":"read_online","embeddable":true,"href":"https:\/\/vopus.org\/ro\/wp-json\/wp\/v2\/read_online?post=7592"},{"taxonomy":"author_tax","embeddable":true,"href":"https:\/\/vopus.org\/ro\/wp-json\/wp\/v2\/author_tax?post=7592"}],"curies":[{"name":"wp","href":"https:\/\/api.w.org\/{rel}","templated":true}]}}