{"id":7150,"date":"2019-07-16T13:23:26","date_gmt":"2019-07-16T13:23:26","guid":{"rendered":"https:\/\/vopus.org\/tratado-de-medicina-oculta-y-magia-practica\/"},"modified":"2022-09-20T12:04:33","modified_gmt":"2022-09-20T15:04:33","slug":"tratat-de-medicina-oculta-si-magie-practica","status":"publish","type":"post","link":"https:\/\/vopus.org\/ro\/tratat-de-medicina-oculta-si-magie-practica\/","title":{"rendered":"Tratat de medicin\u0103 ocult\u0103 \u0219i magie practic\u0103"},"content":{"rendered":"\n<div class=\"wp-block-columns has-2-columns is-layout-flex wp-container-core-columns-is-layout-9d6595d7 wp-block-columns-is-layout-flex\">\n<div class=\"wp-block-column is-layout-flow wp-block-column-is-layout-flow\">\n<figure class=\"wp-block-image\"><img decoding=\"async\" src=\"\/wp-content\/uploads\/2019\/06\/es-saw-tratado_medicina_oculta_magia_practica-5-455x490.png\" alt=\"Tratat de medicin\u0103 ocult\u0103 \u0219i magie practic\u0103\"\/><\/figure>\n<\/div>\n\n\n\n<div class=\"wp-block-column is-layout-flow wp-block-column-is-layout-flow\">\n<p>Un manual practic pentru exerci\u021biul unei medicini ancestrale, necunoscut\u0103 pentru galenii acestei epoci, \u00een care se eviden\u021biaz\u0103 faptul c\u0103 nu sunt plantele \u00een sine cele care vindec\u0103, ci sufletul acestora, \u00een \u0219tiin\u021ba cunoscut\u0103 cu numele de Elementoterapie. Este, f\u0103r\u0103 \u00eendoial\u0103, o oper\u0103 excep\u021bional\u0103 \u0219i indispensabil\u0103 care con\u021bine sute de formule pentru a oferi o solu\u021bie multor boli, unele dintre ele etichetate ca fiind incurabile de c\u0103tre medicina oficial\u0103. Toate acestea \u00eenso\u021bite de un compendiu de practici magice prin care studentul va putea s\u0103 se preschimbe \u00eentr-un adev\u0103rat teurg pentru a experimenta, la persoana \u00eent\u00e2i, marile realit\u0103\u021bi ale lumilor paralele.<\/p>\n<\/div>\n<\/div>\n","protected":false},"excerpt":{"rendered":"<p>Un manual practic pentru exerci\u021biul unei medicini ancestrale, necunoscut\u0103 pentru galenii acestei epoci, \u00een care se eviden\u021biaz\u0103 faptul c\u0103 nu sunt plantele \u00een sine cele care vindec\u0103, ci suflet&#8230;<\/p>\n","protected":false},"author":5,"featured_media":7151,"comment_status":"open","ping_status":"open","sticky":false,"template":"","format":"standard","meta":{"footnotes":"","_links_to":"","_links_to_target":""},"categories":[31,142],"tags":[],"contenido":[278],"fuente":[49],"pilar":[],"fase":[],"conferencia":[],"read_online":[102],"author_tax":[317],"class_list":["post-7150","post","type-post","status-publish","format-standard","has-post-thumbnail","hentry","category-metafisica","category-metafizica","contenido-carti","fuente-maestro","read_online-solo-tienda","author_tax-v-m-samael-aun-weor-ro"],"_links":{"self":[{"href":"https:\/\/vopus.org\/ro\/wp-json\/wp\/v2\/posts\/7150","targetHints":{"allow":["GET"]}}],"collection":[{"href":"https:\/\/vopus.org\/ro\/wp-json\/wp\/v2\/posts"}],"about":[{"href":"https:\/\/vopus.org\/ro\/wp-json\/wp\/v2\/types\/post"}],"author":[{"embeddable":true,"href":"https:\/\/vopus.org\/ro\/wp-json\/wp\/v2\/users\/5"}],"replies":[{"embeddable":true,"href":"https:\/\/vopus.org\/ro\/wp-json\/wp\/v2\/comments?post=7150"}],"version-history":[{"count":0,"href":"https:\/\/vopus.org\/ro\/wp-json\/wp\/v2\/posts\/7150\/revisions"}],"wp:featuredmedia":[{"embeddable":true,"href":"https:\/\/vopus.org\/ro\/wp-json\/wp\/v2\/media\/7151"}],"wp:attachment":[{"href":"https:\/\/vopus.org\/ro\/wp-json\/wp\/v2\/media?parent=7150"}],"wp:term":[{"taxonomy":"category","embeddable":true,"href":"https:\/\/vopus.org\/ro\/wp-json\/wp\/v2\/categories?post=7150"},{"taxonomy":"post_tag","embeddable":true,"href":"https:\/\/vopus.org\/ro\/wp-json\/wp\/v2\/tags?post=7150"},{"taxonomy":"contenido","embeddable":true,"href":"https:\/\/vopus.org\/ro\/wp-json\/wp\/v2\/contenido?post=7150"},{"taxonomy":"fuente","embeddable":true,"href":"https:\/\/vopus.org\/ro\/wp-json\/wp\/v2\/fuente?post=7150"},{"taxonomy":"pilar","embeddable":true,"href":"https:\/\/vopus.org\/ro\/wp-json\/wp\/v2\/pilar?post=7150"},{"taxonomy":"fase","embeddable":true,"href":"https:\/\/vopus.org\/ro\/wp-json\/wp\/v2\/fase?post=7150"},{"taxonomy":"conferencia","embeddable":true,"href":"https:\/\/vopus.org\/ro\/wp-json\/wp\/v2\/conferencia?post=7150"},{"taxonomy":"read_online","embeddable":true,"href":"https:\/\/vopus.org\/ro\/wp-json\/wp\/v2\/read_online?post=7150"},{"taxonomy":"author_tax","embeddable":true,"href":"https:\/\/vopus.org\/ro\/wp-json\/wp\/v2\/author_tax?post=7150"}],"curies":[{"name":"wp","href":"https:\/\/api.w.org\/{rel}","templated":true}]}}