{"id":7020,"date":"2019-07-16T13:23:48","date_gmt":"2019-07-16T13:23:48","guid":{"rendered":"https:\/\/vopus.org\/revelaciones-de-la-conciencia\/"},"modified":"2022-09-21T19:26:03","modified_gmt":"2022-09-21T22:26:03","slug":"revelatii-ale-constiintei","status":"publish","type":"post","link":"https:\/\/vopus.org\/ro\/revelatii-ale-constiintei\/","title":{"rendered":"Revela\u021bii ale Con\u0219tiin\u021bei"},"content":{"rendered":"\n<div class=\"wp-block-columns has-2-columns is-layout-flex wp-container-core-columns-is-layout-9d6595d7 wp-block-columns-is-layout-flex\">\n<div class=\"wp-block-column is-layout-flow wp-block-column-is-layout-flow\">\n<figure class=\"wp-block-image\"><img decoding=\"async\" src=\"\/wp-content\/uploads\/2019\/06\/es-kkk-revelaciones_conciencia-1-455x490.png\" alt=\"Revela\u021bii ale Con\u0219tiin\u021bei\"\/><\/figure>\n<\/div>\n\n\n\n<div class=\"wp-block-column is-layout-flow wp-block-column-is-layout-flow\">\n<p>Se spune c\u0103 omul \u00een\u021belept mediteaz\u0103 pentru a \u00een\u021belege prin experien\u021ba adev\u0103rului. Cu toate acestea, \u00eentre a experimenta ceea ce este real \u0219i a \u0219ti s\u0103-l explice, exist\u0103 un abis pe care foarte pu\u021bini, de-a lungul istoriei, au \u0219tiut s\u0103-l traverseze.<\/p>\n\n\n\n<p>\u00cen <strong>REVELA\u021aII ALE CON\u0218TIIN\u021aEI<\/strong>, cititorul va g\u0103si lumina acelei experien\u021be mistice, explicat\u0103 de autor, V.M. Kwen Khan Khu, \u00eentr-o manier\u0103 inteligibil\u0103 \u0219i practic\u0103 \u00een acela\u0219i timp. \u0218i numai din aceast\u0103 lumin\u0103 se nasc adev\u0103rata filosofie, care se ocup\u0103 de adev\u0103ruri absolute \u0219i poezia transcendental\u0103.  Toate acestea \u0219i multe alte lucruri va avea cel care \u00ee\u0219i pune aten\u021bia \u00een aceast\u0103 oper\u0103. Cu condi\u021bia de a p\u0103stra mintea deschis\u0103 \u0219i inima activ\u0103. Acesta este sfatul pe care \u00eel d\u0103m oricui cite\u0219te acest tratat, astfel \u00eenc\u00e2t \u00een\u021belegerea acestor r\u00e2nduri extraordinare s\u0103 poat\u0103 prinde via\u021b\u0103 \u00een el.<\/p>\n<\/div>\n<\/div>\n","protected":false},"excerpt":{"rendered":"<p>Se spune c\u0103 omul \u00een\u021belept mediteaz\u0103 pentru a \u00een\u021belege prin experien\u021ba adev\u0103rului. Cu toate acestea, \u00eentre a experimenta ceea ce este real \u0219i a \u0219ti s\u0103-l explice, exist\u0103 un abis pe care foarte&#8230;<\/p>\n","protected":false},"author":4,"featured_media":7021,"comment_status":"open","ping_status":"open","sticky":false,"template":"","format":"standard","meta":{"footnotes":"","_links_to":"","_links_to_target":""},"categories":[31,142],"tags":[],"contenido":[278],"fuente":[49],"pilar":[],"fase":[],"conferencia":[],"read_online":[102,306],"author_tax":[326],"class_list":["post-7020","post","type-post","status-publish","format-standard","has-post-thumbnail","hentry","category-metafisica","category-metafizica","contenido-carti","fuente-maestro","read_online-solo-tienda","read_online-librarie","author_tax-v-m-kwen-khan-khu-ro"],"_links":{"self":[{"href":"https:\/\/vopus.org\/ro\/wp-json\/wp\/v2\/posts\/7020","targetHints":{"allow":["GET"]}}],"collection":[{"href":"https:\/\/vopus.org\/ro\/wp-json\/wp\/v2\/posts"}],"about":[{"href":"https:\/\/vopus.org\/ro\/wp-json\/wp\/v2\/types\/post"}],"author":[{"embeddable":true,"href":"https:\/\/vopus.org\/ro\/wp-json\/wp\/v2\/users\/4"}],"replies":[{"embeddable":true,"href":"https:\/\/vopus.org\/ro\/wp-json\/wp\/v2\/comments?post=7020"}],"version-history":[{"count":0,"href":"https:\/\/vopus.org\/ro\/wp-json\/wp\/v2\/posts\/7020\/revisions"}],"wp:featuredmedia":[{"embeddable":true,"href":"https:\/\/vopus.org\/ro\/wp-json\/wp\/v2\/media\/7021"}],"wp:attachment":[{"href":"https:\/\/vopus.org\/ro\/wp-json\/wp\/v2\/media?parent=7020"}],"wp:term":[{"taxonomy":"category","embeddable":true,"href":"https:\/\/vopus.org\/ro\/wp-json\/wp\/v2\/categories?post=7020"},{"taxonomy":"post_tag","embeddable":true,"href":"https:\/\/vopus.org\/ro\/wp-json\/wp\/v2\/tags?post=7020"},{"taxonomy":"contenido","embeddable":true,"href":"https:\/\/vopus.org\/ro\/wp-json\/wp\/v2\/contenido?post=7020"},{"taxonomy":"fuente","embeddable":true,"href":"https:\/\/vopus.org\/ro\/wp-json\/wp\/v2\/fuente?post=7020"},{"taxonomy":"pilar","embeddable":true,"href":"https:\/\/vopus.org\/ro\/wp-json\/wp\/v2\/pilar?post=7020"},{"taxonomy":"fase","embeddable":true,"href":"https:\/\/vopus.org\/ro\/wp-json\/wp\/v2\/fase?post=7020"},{"taxonomy":"conferencia","embeddable":true,"href":"https:\/\/vopus.org\/ro\/wp-json\/wp\/v2\/conferencia?post=7020"},{"taxonomy":"read_online","embeddable":true,"href":"https:\/\/vopus.org\/ro\/wp-json\/wp\/v2\/read_online?post=7020"},{"taxonomy":"author_tax","embeddable":true,"href":"https:\/\/vopus.org\/ro\/wp-json\/wp\/v2\/author_tax?post=7020"}],"curies":[{"name":"wp","href":"https:\/\/api.w.org\/{rel}","templated":true}]}}