{"id":6941,"date":"2019-07-16T13:23:48","date_gmt":"2019-07-16T13:23:48","guid":{"rendered":"https:\/\/vopus.org\/regreso-del-buddha-maitreya-el\/"},"modified":"2021-03-24T22:53:12","modified_gmt":"2021-03-24T21:53:12","slug":"regreso-del-buddha-maitreya-el","status":"publish","type":"post","link":"https:\/\/vopus.org\/ro\/regreso-del-buddha-maitreya-el\/","title":{"rendered":"\u00centoarcerea lui Buddha-Maitreya"},"content":{"rendered":"\n<div class=\"wp-block-columns has-2-columns is-layout-flex wp-container-core-columns-is-layout-9d6595d7 wp-block-columns-is-layout-flex\">\n<div class=\"wp-block-column is-layout-flow wp-block-column-is-layout-flow\">\n<figure class=\"wp-block-image\"><img decoding=\"async\" src=\"\/wp-content\/uploads\/2019\/06\/es-gu-regreso_buddha_maitreya-1-455x490.png\" alt=\"\u00centoarcerea lui Buddha-Maitreya\" \/><\/figure><div style=\"text-align: center\">\n\t\t\t<a href=\"https:\/\/libros.ageac.org\/libro\/RO-gu-intoarcerea_lui_buddha_maitreya\" target=\"_blank\">\n\t\t\t\t<button>\n\t\t\t\t\t<i class=\"fa fa-shopping-cart\"><\/i> Comand\u0103\n\t\t\t\t<\/button>\n\t\t\t<\/a><\/div>\n<\/div>\n\n\n\n<div class=\"wp-block-column is-layout-flow wp-block-column-is-layout-flow\">\n<p>St\u0103 scris c\u0103 \u00een vremurile zei\u021bei Kali, c\u00e2nd oamenii au uitat de sufletele lor \u2013folosind cuvintele Venerabilului Melchisedec\u2013 Vishnu va lua corp fizic pentru a le oferi oamenilor ultima \u0219ans\u0103 de izb\u0103vire.\n \u0218i st\u0103 scris \u00een toate tradi\u021biile antice, \u00eencep\u00e2nd cu lumea ebraic\u0103, p\u00e2n\u0103 la cea aztec\u0103 etc.\n \u00centr-un ceas bun, domnul Gregorio Urcola a luat condeiul pentru a clarifica aceste lucruri \u0219i a sublinia omul care \u0219i-a asumat o sarcin\u0103 at\u00e2t de mare \u2013V.M. Samael Aun Weor\u2013 reu\u0219ind astfel s\u0103 indice oamenilor momentul apocaliptic care se preg\u0103te\u0219te pe planeta P\u0103m\u00e2nt \u0219i calea de urmat pentru cei care doresc s\u0103 se aleag\u0103 pentru a fi salva\u021bi prin propriile fapte.<\/p>\n<\/div>\n<\/div>\n<div style=\"text-align: center;\">\n\t<a href=\"https:\/\/libros.ageac.org\/libro\/RO-gu-intoarcerea_lui_buddha_maitreya\" target=\"_blank\"  class=\"grve-btn grve-bg-primary-2 grve-bg-hover-primary-1\" \n\t\t\tstyle=\"font-size: 80% !important;padding: 10px; text-transform: initial;margin-bottom: 20px;\">\n\t\t<span class=\"dashicons dashicons-cart\"><\/span> <span>Cump\u0103r\u0103 \"\u00centoarcerea lui Buddha-Maitreya\" \u00een magazinul nostru online<\/span>\n\t<\/a>\n<\/div>","protected":false},"excerpt":{"rendered":"<p>St\u0103 scris c\u0103 \u00een vremurile zei\u021bei Kali, c\u00e2nd oamenii au uitat de sufletele lor \u2013folosind cuvintele Venerabilului Melchisedec\u2013 Vishnu va lua corp fizic pentru a le oferi oamenilor ultima \u0219ans\u0103&#8230;<\/p>\n","protected":false},"author":14,"featured_media":6942,"comment_status":"open","ping_status":"open","sticky":false,"template":"","format":"standard","meta":{"footnotes":"","_links_to":"","_links_to_target":""},"categories":[31,142],"tags":[],"contenido":[278],"fuente":[50],"pilar":[],"fase":[],"conferencia":[],"read_online":[102,306],"author_tax":[338],"class_list":["post-6941","post","type-post","status-publish","format-standard","has-post-thumbnail","hentry","category-metafisica","category-metafizica","contenido-carti","fuente-editorial","read_online-solo-tienda","read_online-librarie","author_tax-gregorio-urcola-ro"],"_links":{"self":[{"href":"https:\/\/vopus.org\/ro\/wp-json\/wp\/v2\/posts\/6941","targetHints":{"allow":["GET"]}}],"collection":[{"href":"https:\/\/vopus.org\/ro\/wp-json\/wp\/v2\/posts"}],"about":[{"href":"https:\/\/vopus.org\/ro\/wp-json\/wp\/v2\/types\/post"}],"author":[{"embeddable":true,"href":"https:\/\/vopus.org\/ro\/wp-json\/wp\/v2\/users\/14"}],"replies":[{"embeddable":true,"href":"https:\/\/vopus.org\/ro\/wp-json\/wp\/v2\/comments?post=6941"}],"version-history":[{"count":0,"href":"https:\/\/vopus.org\/ro\/wp-json\/wp\/v2\/posts\/6941\/revisions"}],"wp:featuredmedia":[{"embeddable":true,"href":"https:\/\/vopus.org\/ro\/wp-json\/wp\/v2\/media\/6942"}],"wp:attachment":[{"href":"https:\/\/vopus.org\/ro\/wp-json\/wp\/v2\/media?parent=6941"}],"wp:term":[{"taxonomy":"category","embeddable":true,"href":"https:\/\/vopus.org\/ro\/wp-json\/wp\/v2\/categories?post=6941"},{"taxonomy":"post_tag","embeddable":true,"href":"https:\/\/vopus.org\/ro\/wp-json\/wp\/v2\/tags?post=6941"},{"taxonomy":"contenido","embeddable":true,"href":"https:\/\/vopus.org\/ro\/wp-json\/wp\/v2\/contenido?post=6941"},{"taxonomy":"fuente","embeddable":true,"href":"https:\/\/vopus.org\/ro\/wp-json\/wp\/v2\/fuente?post=6941"},{"taxonomy":"pilar","embeddable":true,"href":"https:\/\/vopus.org\/ro\/wp-json\/wp\/v2\/pilar?post=6941"},{"taxonomy":"fase","embeddable":true,"href":"https:\/\/vopus.org\/ro\/wp-json\/wp\/v2\/fase?post=6941"},{"taxonomy":"conferencia","embeddable":true,"href":"https:\/\/vopus.org\/ro\/wp-json\/wp\/v2\/conferencia?post=6941"},{"taxonomy":"read_online","embeddable":true,"href":"https:\/\/vopus.org\/ro\/wp-json\/wp\/v2\/read_online?post=6941"},{"taxonomy":"author_tax","embeddable":true,"href":"https:\/\/vopus.org\/ro\/wp-json\/wp\/v2\/author_tax?post=6941"}],"curies":[{"name":"wp","href":"https:\/\/api.w.org\/{rel}","templated":true}]}}