{"id":6755,"date":"2019-07-18T10:40:03","date_gmt":"2019-07-18T10:40:03","guid":{"rendered":"https:\/\/vopus.org\/v-m-samael-aun-weor-padre-de-la-antropologia-gnostica\/"},"modified":"2022-08-31T08:48:50","modified_gmt":"2022-08-31T11:48:50","slug":"v-m-samael-aun-weor-parintele-antropologiei-gnostice","status":"publish","type":"post","link":"https:\/\/vopus.org\/ro\/v-m-samael-aun-weor-parintele-antropologiei-gnostice\/","title":{"rendered":"V.M. Samael Aun Weor \u2013 P\u0103rintele Antropologiei Gnostice"},"content":{"rendered":"\n<p>V.M. Samael Aun Weor, antropolog \u0219i sociolog contemporan, a fost un investigator \u00eenn\u0103scut. \u0218i-a dedicat \u00eentreaga via\u021b\u0103 aprofund\u0103rii marilor adev\u0103ruri pe care diversele civiliza\u021bii le-au l\u0103sat mo\u0219tenire omenirii sub diferite forme de manifestare: filosofie, religie, art\u0103 \u0219i \u0219tiin\u021b\u0103.<\/p>\n\n\n\n<p>S-a n\u0103scut fizic pe 6 martie 1917 \u00een ora\u0219ul Bogota, Columbia.<\/p>\n\n\n\n<p>Enormele sale nelini\u0219ti spirituale i-au fost caracteristice din primele luni de existen\u021b\u0103. Educat \u00een religia oficial\u0103 a poporului, sim\u021bea venera\u021bie \u0219i respect fa\u021b\u0103 de tot ce era mistic.<\/p>\n\n\n\n<p>La 9 ani apar\u021binea unei religii \u00een care s-a v\u0103zut obligat s\u0103 studieze Scripturile Sacre \u0219i latina. Fiind \u00eenc\u0103 foarte mic \u0219i-a abandonat c\u0103minul pentru a intra pe drumul vie\u021bii \u0219i aici a \u00eenceput s\u0103 investigheze cu privire la Drumul Secret.<\/p>\n\n\n\n<p>La 12 ani cerceta \u0219i investiga pe terenul spiritismului \u0219i studia nenum\u0103rate opere de metafizic\u0103 \u00een care, cu pasiune, ob\u021bine rezultate magnifice. A c\u0103l\u0103torit foarte de t\u00e2n\u0103r prin diverse locuri din lume, f\u0103r\u0103 a-\u0219i pierde interesul pentru nelini\u0219tile sale multiple de tip filosofic, metafizic, psihologic \u0219i \u0219tiin\u021bific.<\/p>\n\n\n\n<p>La 16 ani, cu nelini\u0219ti infinite, analiza problemele spiritului \u00een lumina \u0219tiin\u021bei moderne.<\/p>\n\n\n\n<p>Educat \u00een bunele maniere \u0219i f\u0103r\u0103 a exersa oratoria pentru a vorbi \u00een public, la 17 ani d\u0103dea conferin\u021be \u00een Societatea Teozofic\u0103. Ulterior s-a dedicat din plin practicii Raja-Yoga, Bhakti-Yoga, Karma-Yoga, Jnana-Yoga etc.<\/p>\n\n\n\n<p>La 18 ani a intrat \u00een \u0219coala Roza-Cruce veche, institu\u021bie venerabil\u0103 fondat\u0103 de dr. Krumm-Heller (V.M. Huiracocha).<\/p>\n\n\n\n<p>\u00cembibat de at\u00e2tea teorii, n\u0103zuia cu nelini\u0219te s\u0103-\u0219i reg\u0103seasc\u0103 vechiul drum, \u201ecalea t\u0103i\u0219ului de cu\u021bit\u201d. La 19 ani s-a hot\u0103r\u00e2t s\u0103 treac\u0103 de la teorie la practic\u0103, experiment\u00e2nd de trei ori ceea ce se nume\u0219te \u00een Orient \u201evidul iluminator\u201d, ceea ce a l\u0103sat \u00een psihicul \u0219i \u00een sufletul s\u0103u o experien\u021b\u0103 de neuitat.<\/p>\n\n\n\n<p>Avea 28 de ani c\u00e2nd s-a c\u0103s\u0103torit cu so\u021bia sa, pe care Samael o numea afectuos \u201enegrita\u201d.<\/p>\n\n\n\n<p>\u00cen anul 1958, a reu\u0219it unirea a trei importante mi\u0219c\u0103ri spirituale, \u00een ceea ce s-a cunoscut drept AGLA (Ac\u021biunea Gnostic\u0103 Eliberatoare a Amerindiei).<\/p>\n\n\n\n<p>La 33 de ani i s-a \u00eencredin\u021bat imensa sarcin\u0103 de a difuza masiv Gnoza. Dup\u0103 aceea, destinul \u00eei poart\u0103 pa\u0219ii spre nord, travers\u00e2nd \u021b\u0103ri ca Panama, Costa Rica, El Salvador etc., stabilindu-se \u00een cele din urm\u0103 \u00een M\u00e9xico D.F., unde revolu\u021bioneaz\u0103 complet metodele sale de predare, stabilind aici Sediul Mondial al marii Mi\u0219c\u0103ri Gnostice Interna\u021bionale.<\/p>\n\n\n\n<p>Pe 24 decembrie 1977, la v\u00e2rsta de 60 de ani, V.M. Samael Aun Weor s-a dez\u00eencarnat.<\/p>\n\n\n\n<p>Viziteaz\u0103 <a href=\"https:\/\/samael.org\/ro\/\"><strong>Samael.org<\/strong><\/a> pentru a g\u0103si o bibliografie mai extins\u0103, scris\u0103 de discipolul s\u0103u fidel, <a href=\"\/ro\/biografia-oscar-uzcategui-q-v-m-kwen-khan-khu\/\"><strong>V.M. Kwen Khan Khu<\/strong><\/a>.<\/p>\n","protected":false},"excerpt":{"rendered":"<p>V.M. Samael Aun Weor, antropolog \u0219i sociolog contemporan, a fost un investigator \u00eenn\u0103scut. \u0218i-a dedicat \u00eentreaga via\u021b\u0103 aprofund\u0103rii marilor adev\u0103ruri pe care diversele civiliza\u021bii le-au l\u0103sat mo\u0219tenire omenirii sub diferite forme de manifestare: filosofie, religie, art\u0103 \u0219i \u0219tiin\u021b\u0103. S-a n\u0103scut fizic pe 6 martie 1917 \u00een ora\u0219ul Bogota, Columbia. Enormele sale nelini\u0219ti spirituale i-au fost [&hellip;]<\/p>\n","protected":false},"author":6,"featured_media":6756,"comment_status":"open","ping_status":"open","sticky":false,"template":"","format":"standard","meta":{"footnotes":"","_links_to":"","_links_to_target":""},"categories":[186],"tags":[],"contenido":[275],"fuente":[50],"pilar":[],"fase":[],"conferencia":[],"read_online":[],"author_tax":[346],"class_list":["post-6755","post","type-post","status-publish","format-standard","has-post-thumbnail","hentry","category-biografii","contenido-articole","fuente-editorial","author_tax-vopus-editorial-ro"],"_links":{"self":[{"href":"https:\/\/vopus.org\/ro\/wp-json\/wp\/v2\/posts\/6755","targetHints":{"allow":["GET"]}}],"collection":[{"href":"https:\/\/vopus.org\/ro\/wp-json\/wp\/v2\/posts"}],"about":[{"href":"https:\/\/vopus.org\/ro\/wp-json\/wp\/v2\/types\/post"}],"author":[{"embeddable":true,"href":"https:\/\/vopus.org\/ro\/wp-json\/wp\/v2\/users\/6"}],"replies":[{"embeddable":true,"href":"https:\/\/vopus.org\/ro\/wp-json\/wp\/v2\/comments?post=6755"}],"version-history":[{"count":0,"href":"https:\/\/vopus.org\/ro\/wp-json\/wp\/v2\/posts\/6755\/revisions"}],"wp:featuredmedia":[{"embeddable":true,"href":"https:\/\/vopus.org\/ro\/wp-json\/wp\/v2\/media\/6756"}],"wp:attachment":[{"href":"https:\/\/vopus.org\/ro\/wp-json\/wp\/v2\/media?parent=6755"}],"wp:term":[{"taxonomy":"category","embeddable":true,"href":"https:\/\/vopus.org\/ro\/wp-json\/wp\/v2\/categories?post=6755"},{"taxonomy":"post_tag","embeddable":true,"href":"https:\/\/vopus.org\/ro\/wp-json\/wp\/v2\/tags?post=6755"},{"taxonomy":"contenido","embeddable":true,"href":"https:\/\/vopus.org\/ro\/wp-json\/wp\/v2\/contenido?post=6755"},{"taxonomy":"fuente","embeddable":true,"href":"https:\/\/vopus.org\/ro\/wp-json\/wp\/v2\/fuente?post=6755"},{"taxonomy":"pilar","embeddable":true,"href":"https:\/\/vopus.org\/ro\/wp-json\/wp\/v2\/pilar?post=6755"},{"taxonomy":"fase","embeddable":true,"href":"https:\/\/vopus.org\/ro\/wp-json\/wp\/v2\/fase?post=6755"},{"taxonomy":"conferencia","embeddable":true,"href":"https:\/\/vopus.org\/ro\/wp-json\/wp\/v2\/conferencia?post=6755"},{"taxonomy":"read_online","embeddable":true,"href":"https:\/\/vopus.org\/ro\/wp-json\/wp\/v2\/read_online?post=6755"},{"taxonomy":"author_tax","embeddable":true,"href":"https:\/\/vopus.org\/ro\/wp-json\/wp\/v2\/author_tax?post=6755"}],"curies":[{"name":"wp","href":"https:\/\/api.w.org\/{rel}","templated":true}]}}