{"id":6195,"date":"2020-07-14T22:39:44","date_gmt":"2020-07-14T20:39:44","guid":{"rendered":"https:\/\/vopus.org\/cataclismo-es-fr-en-ro\/"},"modified":"2021-02-21T18:42:14","modified_gmt":"2021-02-21T17:42:14","slug":"cataclismo-es-fr-en-ro","status":"publish","type":"post","link":"https:\/\/vopus.org\/ro\/cataclismo-es-fr-en-ro\/","title":{"rendered":"Cataclism"},"content":{"rendered":"\n<p>Aprecia\u021bi cititori \u0219i cititoare<\/p>\n\n\n\n<p>M\u0103 gr\u0103besc s\u0103 v\u0103 transmit un text al V.M. Samael Aun Weor pe care, la momentul s\u0103u, el a dorit s\u0103 \u00eel publice, acum mult timp, \u0219i apoi a fost inclus ca \u0219i capitol \u00een unul dintre MESAJELE SALE DE CR\u0102CIUN. \u00cens\u0103, chiar dac\u0103 este posibil s\u0103 fi cunoscut acest text, consider important ca voi to\u021bi s\u0103 fi\u021bi la curent cu privire la evenimentele care se apropie, av\u00e2nd \u00een vedere descrierea pe care ne-o face Maestrul Samael \u00een acest articol publicat, la \u00eenceput cu titlul:<\/p>\n\n\n\n<p class=\"has-text-align-center\"><strong>CATACLISM<\/strong><\/p>\n\n\n\n<p><em>\u00abVers. 12-27: \u201e\u0218i m-am uitat c\u00e2nd el a rupt pecetea a&nbsp;\u0219asea,&nbsp;\u0219i&nbsp;iat\u0103 c\u0103 s-a f\u0103cut un mare cutremur de p\u0103m\u00e2nt; \u0219i Soarele s-a f\u0103cut negru ca un sac de siliciu, \u0219i luna s-a f\u0103cut toat\u0103 ca s\u00e2ngele,&nbsp;\u0219i&nbsp;stelele au c\u0103zut din cer pe P\u0103m\u00e2nt cum cad smochinele din smochin c\u00e2nd este scuturat de un v\u00e2nt puternic. \u0218i cerul s-a \u00eendep\u0103rtat ca o carte de piele pe care o faci sul, \u0219i&nbsp;to\u021bi&nbsp;ziceau&nbsp;mun\u021bilor&nbsp;\u0219i&nbsp;st\u00e2ncilor:&nbsp;C\u0103de\u021bi&nbsp;peste noi&nbsp;\u0219i&nbsp;ascunde\u021bi-ne de&nbsp;Fa\u021ba&nbsp;Celui ce&nbsp;\u0219ade&nbsp;pe scaunul de domnie&nbsp;\u0219i&nbsp;de m\u00e2nia Mielului, c\u0103ci a venit ziua cea mare a m\u00e2niei Lui&nbsp;\u0219i&nbsp;cine poate sta \u00een picioare?\u201d<\/em><\/p>\n\n\n\n<p><em>\u0218i s-a \u00eent\u00e2mplat ca \u00eentr-o zi oarecare, afl\u00e2ndu-m\u0103 \u00een afara corpului fizic \u00een stare de NIRVIKALPA-SAMADHI, a trebuit s\u0103 intru \u00een contact mistic&nbsp;transcendental&nbsp;cu al treilea aspect al lui MAHA-KUNDALINI (Proserpina, Hecate, Coatlicue, binecuv\u00e2ntata ZEI\u021a\u0102 MAM\u0102 MOARTE, teroare de iubire \u0219i lege).<\/em><\/p>\n\n\n\n<p><em>Atunci lu\u0103 Ea cuv\u00e2ntul pentru a spune:<\/em><\/p>\n\n\n\n<p><em>&#8211; Deja totul este pierdut, r\u0103ul lumii este at\u00e2t de mare \u00eenc\u00e2t a ajuns p\u00e2n\u0103 la cer. Babilonia cea mare, mama tuturor fornica\u021biilor \u0219i&nbsp;abomina\u021biunilor&nbsp;P\u0103m\u00e2ntului, va fi distrus\u0103 \u0219i din toat\u0103 aceast\u0103 pervers\u0103 civiliza\u021bie de vipere nu va r\u0103m\u00e2ne piatr\u0103 peste piatr\u0103.<\/em><\/p>\n\n\n\n<p><em>&#8211; O, Mama mea! \u2013i-am r\u0103spuns. Atunci ne afl\u0103m \u00een fa\u021ba unui drum f\u0103r\u0103 ie\u0219ire?<\/em><\/p>\n\n\n\n<p><em>Trecute c\u00e2teva minute de impun\u0103toare lini\u0219te exclam\u0103 Adorabila:<\/em><\/p>\n\n\n\n<p><em>&#8211; Vrei s\u0103 faci o \u00een\u021belegere cu mine?<\/em><\/p>\n\n\n\n<p><em>&#8211; Da, da, da! \u2013 a fost r\u0103spunsul meu.<\/em><\/p>\n\n\n\n<p><em>&#8211; Atunci tu deschizi acel drum f\u0103r\u0103 ie\u0219ire \u0219i eu \u00eei ucid&#8230;<\/em><\/p>\n\n\n\n<p><em>Astfel au fost cuvintele ei&#8230;<\/em><\/p>\n\n\n\n<p><em>Acum este evident c\u0103 \u00een\u021belegerea este \u00een desf\u0103\u0219urare; \u00een timp ce noi pred\u0103m mesajul pentru Noua Er\u0103 a V\u0103rs\u0103torului, Ea \u00eei elimin\u0103; cuv\u00e2ntul Divinei Mame Natur\u0103 mereu se \u00eendepline\u0219te&#8230;<\/em><\/p>\n\n\n\n<p><em>Nu este de prisos s\u0103 ne aducem aminte cu o anumit\u0103 emfaz\u0103 de milionul de mor\u021bi din Pakistan (anul 1970) \u0219i de cei \u0219aizeci de mii de mor\u021bi din cauza cutremurelor din Peru din acela\u0219i an&#8230;<\/em><\/p>\n\n\n\n<p><em>Oameni de \u0219tiin\u021b\u0103 ai Universit\u0103\u021bii din Columbia au informat public de faptul c\u0103 exist\u0103 o gigantic\u0103 falie \u00een diferitele oceane, rezultant\u0103 din diversele activit\u0103\u021bi telurice din ultimii ani. Are cel pu\u021bin 90.000 de kilometri lungime, cu o l\u0103\u021bime medie de patruzeci \u0219i o ad\u00e2ncime de aproximativ doi \u0219i jum\u0103tate.<\/em><\/p>\n\n\n\n<p><em>Falia \u00eencepe din Atlantic \u0219i ajunge p\u00e2n\u0103 la Indian \u0219i de la&nbsp;Antarctica&nbsp;p\u00e2n\u0103 la Arctic. \u00cenconjoar\u0103 continentul american precum \u0219i cel asiatic, oprindu-se \u00een centrul imensului inel de falii submarine din \u00eentreg Oceanul Pacific.<\/em><\/p>\n\n\n\n<p><em>Se dovede\u0219te evident \u0219i manifest c\u0103 teribilele cr\u0103p\u0103turi submarine citate mai sus \u00ee\u0219i au baza fundamental\u0103 \u00een calota polar\u0103 antarctic\u0103, aproape de Polul Sud, \u0219i se dovede\u0219te deosebit de curios cum, tocmai acolo s-a g\u0103sit ap\u0103 cald\u0103 \u00eenconjurat\u0103 de c\u0103tre ghe\u021burile polare la foarte multe grade sub zero.<\/em><\/p>\n\n\n\n<p><em>C\u0103 falia iese din&nbsp;Antarctica&nbsp;\u0219i c\u0103l\u0103tore\u0219te foarte aproape de Capul Horn este ceva care deja este pe deplin verificat; se dovede\u0219te foarte interesant\u0103 bifurca\u021bia \u00een dou\u0103 ramifica\u021bii: una care se \u00eendreapt\u0103 c\u0103tre Est \u0219i alta care se pierde \u00een Occident.<\/em><\/p>\n\n\n\n<p><em>Am fost informa\u021bi \u00een mod oportun de faptul c\u0103 fisurarea din Oceanul Pacific urmeaz\u0103 o traiectorie sinuoas\u0103, aproape delimit\u00e2nd coasta continentului american, \u00een a\u0219a fel \u00eenc\u00e2t trece prin Chile, Peru, Ecuador, Nicaragua, El Salvador, Guatemala, Oaxaca \u0219i Guerrero (\u00een Mexic), golful California, Seattle (Statele Unite), Vancouver (\u00een Canada) \u0219i Alaska.<\/em><\/p>\n\n\n\n<p><em>Ni s-a spus c\u0103 \u00een Alaska respectiva fisurare se sf\u0103r\u00e2m\u0103 totalmente pentru a continua de-a lungul faimoaselor Insule Aleutine \u0219i c\u0103 o ramifica\u021bie traverseaz\u0103 \u00eentreaga Alaska, deoarece cutremurele din Fairbanks, care se g\u0103se\u0219te \u00een centrul peninsulei, au fost foarte speciale, ca acela care a avut loc \u00een martie 1964.<\/em><\/p>\n\n\n\n<p><em>Ni s-a explicat clar (iar acest lucru este ceva pentru care mul\u021bumim) c\u0103 ramifica\u021bia deja verificat\u0103 din Insulele Aleutine merge p\u00e2n\u0103 \u00een Tokio (Japonia), ating\u00e2nd insulele Sapporo (Hokkaido), Oahua, Waohua, Kawailora \u0219i altele.<\/em><\/p>\n\n\n\n<p><em>Ni s-a semnalat cu \u00eentreag\u0103 claritate meridian\u0103 c\u0103 din Japonia pleac\u0103 dou\u0103 ramifica\u021bii secundare c\u0103tre Hawaii, \u00eens\u0103 principala falie continu\u0103 c\u0103tre Filipine \u0219i Noua Zeelanda, de unde se \u00eentoarce la punctul ei de plecare original, la misterioasa&nbsp;Antarctica, \u00eenchiz\u00e2ndu-se astfel un cerc teribil \u0219i periculos.<\/em><\/p>\n\n\n\n<p><em>Trebuie s\u0103 fim absolut siguri de faptul c\u0103 falia Atlanticului \u00ee\u0219i are bazele \u00een Marea Norvegiei. C\u0103 \u00een traiectoria sa trece prin fa\u021ba Spaniei, Portugaliei \u0219i o parte a Africii, este ceva care sub nicio form\u0103 nu trebuie s\u0103 ne surprind\u0103. Suntem foarte siguri de faptul c\u0103 respectiva fisur\u0103 se termin\u0103 aproape de Guineea portughez\u0103.<\/em><\/p>\n\n\n\n<p><em>Ramifica\u021bia din Orient:<\/em><\/p>\n\n\n\n<p><em>Fisura extraordinar\u0103 care se \u00eendreapt\u0103 c\u0103tre estul lumii se na\u0219te, a\u0219a cum deja s-a spus, \u00een misterioasa&nbsp;Antarctica&nbsp;\u0219i trece prin fa\u021ba Capului Buna Speran\u021b\u0103, Madagascar \u0219i Marea Arabiei pentru a se sf\u00e2r\u0219i \u00een Oceanul Indian.<\/em><\/p>\n\n\n\n<p><em>Orice studiu analitic judicios realizat cu privire la acest sistem de falii ne demonstreaz\u0103 \u00een form\u0103 evident\u0103 \u0219i manifest\u0103 c\u0103 pericolul maxim se g\u0103se\u0219te \u00een Pacific.<\/em><\/p>\n\n\n\n<p><em>Nu \u00eencape nici cea mai mic\u0103 \u00eendoial\u0103 c\u0103 falia Pacificului va da na\u0219tere foarte cur\u00e2nd unor \u00eensp\u0103im\u00e2nt\u0103toare cataclisme mondiale. Nu exist\u0103 \u00eendoial\u0103 c\u0103 locurile cele mai pedepsite de cutremure \u0219i tsunami-uri sunt localizate, \u00een mod exact, \u00een Oceanul Pacific \u0219i corespund cu paralelele Americii \u0219i ale Asiei&#8230;<\/em><\/p>\n\n\n\n<p><em>De exemplu:<\/em><\/p>\n\n\n\n<p><em>Aleutinele formeaz\u0103, ele \u00eensele, o linie aproximativ\u0103 cu paralela 50 nord. Japonia, aproape pe aceea\u0219i paralel\u0103 cu San Francisco, California (este curios c\u0103 acum au loc cutremure \u00een serie pe aceast\u0103 peninsul\u0103 aduc\u00e2nd prejudicii ora\u0219ului Los Angeles \u0219i altor localit\u0103\u021bi vecine).<\/em><\/p>\n\n\n\n<p><em>Formosa, Hawaii \u0219i Golful Californiei se afl\u0103 pe Tropicul Racului. Filipine \u0219i Guatemala se afl\u0103 pe paralela 15 sud. Noua Zeeland\u0103 \u0219i Republica Chile se afl\u0103 pe paralela 40 sud.<\/em><\/p>\n\n\n\n<p><em>C\u0103 exist\u0103 o rela\u021bie \u00eentre o falie \u0219i alt\u0103 falie este ceva ce sub nicio form\u0103 nu trebuie s\u0103 ne cauzeze mirare; nu ar fi ciudat ca enorma falie care \u00een aceste clipe pune \u00een pericol \u00eentreaga peninsul\u0103 California s\u0103 se g\u0103seasc\u0103 intim asociat\u0103 cu \u00eentreg sistemul de cr\u0103p\u0103turi din Pacific.<\/em><\/p>\n\n\n\n<p><em>Marea este leag\u0103nul \u0219i sepulcrul p\u0103m\u00e2nturilor, insulelor, peninsulelor, continentelor etc., etc., etc. Oric\u00e2t de puternice \u0219i stabile ar p\u0103rea toate diferitele aspecte geologice ale acestei lumi, pot s\u0103 fie transformate totalmente prin intermediul sistemului de falii submarine.<\/em><\/p>\n\n\n\n<p><em>Nu este nevoie s\u0103 facem supozi\u021bii: este urgent s\u0103 \u0219tim s\u0103 de acei nou\u0103 sau zece mii de kilometri de fisuri submarine, \u00een unele locuri de pe P\u0103m\u00e2nt s-a ajuns p\u00e2n\u0103 la punctul de a se pune \u00een contact direct focul din interiorul P\u0103m\u00e2ntului cu apa oceanului&#8230;<\/em><\/p>\n\n\n\n<p><em>Elementul ignic din interiorul lumii se g\u0103se\u0219te, \u00een aceste momente, \u00een agita\u021bie; presiuni \u0219i vapori se accentueaz\u0103 din clip\u0103 \u00een clip\u0103&#8230; O neobi\u0219nuit\u0103 activitate vulcanic\u0103 se intensific\u0103 pe \u00eentreaga planet\u0103 P\u0103m\u00e2nt, av\u00e2nd \u00een vedere c\u0103 presiuni \u0219i vapori caut\u0103 punctul cu cea mai mic\u0103 rezisten\u021b\u0103; tremur\u0103 P\u0103m\u00e2ntul, cutremurele vor deveni din ce \u00een ce mai intense, se umfl\u0103 scoar\u021bele cele mai rezistente p\u00e2n\u0103 c\u00e2nd vor ajunge \u00eentr-o zi s\u0103 explodeze&#8230;<\/em><\/p>\n\n\n\n<p><em>Toate ora\u0219ele \u0219i popoarele lumii vor c\u0103dea asemenea castelelor de c\u0103r\u021bi f\u0103cute&nbsp;cenu\u0219i&nbsp;\u0219i un sunet foarte straniu va ie\u0219i din profunzimile marine.<\/em><\/p>\n\n\n\n<p><em>\u0218i st\u0103 scris cu cuvinte de foc \u00een Cartea Legii c\u0103 vor fi at\u00e2t de mul\u021bi mor\u021bii precum nisipul m\u0103rii \u0219i nu va exista leac. Lumea a intrat \u00eentr-o mare criz\u0103. P\u0103m\u00e2ntul tot se va acoperi cu vapori. Planeta P\u0103m\u00e2nt, \u00eencetul cu \u00eencetul va intra \u00een plin\u0103 activitate vulcanic\u0103; \u00een toate p\u0103r\u021bile craterele vor arunca vapori nocivi,&nbsp;cenu\u0219i, foc&#8230; Cerul se va \u00eentuneca \u00eempiedic\u00e2nd trecerea luminii solare. Frigul se va preschimba \u00eentr-un \u00eensp\u0103im\u00e2nt\u0103tor congelant&#8230;<\/em><\/p>\n\n\n\n<p><em>Ghe\u021burile polare, t\u00e2r\u00e2te de teribile valuri de furtun\u0103, vor naviga c\u0103tre zona ecuatorial\u0103, r\u0103cind atmosfera, provoc\u00e2nd&nbsp;decompens\u0103ri&nbsp;\u00een aer, cicloane mortale care vor nimici popoare \u00eentregi, ploi toren\u021biale, furtuni,&nbsp;etc., etc., etc. \u00cen astfel de circumstan\u021be va fi imposibil de tr\u0103it. Rasa Arian\u0103 (adic\u0103, rasa noastr\u0103) va ajunge la finalul s\u0103u apocaliptic.<\/em><\/p>\n\n\n\n<p><em>Epoca de Fier \u00een care ne afl\u0103m coincide \u00een mod \u00een\u021belept cu ciclul ELECTROCHIMIC. Respectivul ciclu a debutat odat\u0103 cu cultura greco-roman\u0103 \u0219i se va sf\u00e2r\u0219i \u00een anul 2500. Cataclismele finalului de KALI-YUGA deja au ini\u021biat, v\u00e2rsta neagr\u0103 se termin\u0103 \u00een abis&#8230;<\/em><\/p>\n\n\n\n<p><em>FIE CA PACEA S\u0102 FIE CU VOI TO\u021aI\u00bb.<\/em><\/p>\n\n\n\n<p>Samael Aun Weor<\/p>\n\n\n\n<p>S\u0103 reflect\u0103m acum, r\u0103bd\u0103tor cititor, la urm\u0103toarele fraze:<\/p>\n\n\n\n<p><strong><em>\u201ePedeapsa intr\u0103 \u00een inima omului din momentul \u00een care comite crima.\u201d<\/em><\/strong><br>Hesiod<\/p>\n\n\n\n<p><strong><em>\u201ePrima pedeaps\u0103 a vinovatului este aceea c\u0103 nu va putea niciodat\u0103 s\u0103 fie achitat de tribunalul con\u0219tiin\u021bei sale.\u201d<\/em><\/strong><br>Juvenal<\/p>\n\n\n\n<p><strong><em>\u201eCel ce scuip\u0103 cerul, \u00eei cade pe spinare.\u201d<\/em><\/strong><br>Juan de Torres<\/p>\n\n\n\n<p><strong><em>\u201eLucreaz\u0103 s\u0103 \u00eempiedici delicte ca s\u0103 nu fie nevoie de pedepse.\u201d<\/em><\/strong><br>Confucius<\/p>\n\n\n\n<p class=\"has-text-align-center\"><strong><em>SOR NON OMNIBVS AEQUE.<\/em><\/strong><br>\u2500\u2018Soarta nu este egal\u0103 pentru to\u021bi\u2019\u2500. <br>Kwen Khan Khu<\/p>\n","protected":false},"excerpt":{"rendered":"<p>Aprecia\u021bi cititori \u0219i cititoare M\u0103 gr\u0103besc s\u0103 v\u0103 transmit un text al V.M. Samael Aun Weor pe care, la momentul s\u0103u, el a dorit s\u0103 \u00eel publice, acum mult timp, \u0219i apoi a fost inclus ca \u0219i capitol \u00een unul dintre MESAJELE SALE DE CR\u0102CIUN. \u00cens\u0103, chiar dac\u0103 este posibil s\u0103 fi cunoscut acest text, [&hellip;]<\/p>\n","protected":false},"author":4,"featured_media":6196,"comment_status":"open","ping_status":"open","sticky":false,"template":"","format":"standard","meta":{"footnotes":"","_links_to":"","_links_to_target":""},"categories":[124,153],"tags":[],"contenido":[275],"fuente":[49],"pilar":[],"fase":[],"conferencia":[],"read_online":[],"author_tax":[326],"class_list":["post-6195","post","type-post","status-publish","format-standard","has-post-thumbnail","hentry","category-antropologie","category-actualitate","contenido-articole","fuente-maestro","author_tax-v-m-kwen-khan-khu-ro"],"_links":{"self":[{"href":"https:\/\/vopus.org\/ro\/wp-json\/wp\/v2\/posts\/6195","targetHints":{"allow":["GET"]}}],"collection":[{"href":"https:\/\/vopus.org\/ro\/wp-json\/wp\/v2\/posts"}],"about":[{"href":"https:\/\/vopus.org\/ro\/wp-json\/wp\/v2\/types\/post"}],"author":[{"embeddable":true,"href":"https:\/\/vopus.org\/ro\/wp-json\/wp\/v2\/users\/4"}],"replies":[{"embeddable":true,"href":"https:\/\/vopus.org\/ro\/wp-json\/wp\/v2\/comments?post=6195"}],"version-history":[{"count":0,"href":"https:\/\/vopus.org\/ro\/wp-json\/wp\/v2\/posts\/6195\/revisions"}],"wp:featuredmedia":[{"embeddable":true,"href":"https:\/\/vopus.org\/ro\/wp-json\/wp\/v2\/media\/6196"}],"wp:attachment":[{"href":"https:\/\/vopus.org\/ro\/wp-json\/wp\/v2\/media?parent=6195"}],"wp:term":[{"taxonomy":"category","embeddable":true,"href":"https:\/\/vopus.org\/ro\/wp-json\/wp\/v2\/categories?post=6195"},{"taxonomy":"post_tag","embeddable":true,"href":"https:\/\/vopus.org\/ro\/wp-json\/wp\/v2\/tags?post=6195"},{"taxonomy":"contenido","embeddable":true,"href":"https:\/\/vopus.org\/ro\/wp-json\/wp\/v2\/contenido?post=6195"},{"taxonomy":"fuente","embeddable":true,"href":"https:\/\/vopus.org\/ro\/wp-json\/wp\/v2\/fuente?post=6195"},{"taxonomy":"pilar","embeddable":true,"href":"https:\/\/vopus.org\/ro\/wp-json\/wp\/v2\/pilar?post=6195"},{"taxonomy":"fase","embeddable":true,"href":"https:\/\/vopus.org\/ro\/wp-json\/wp\/v2\/fase?post=6195"},{"taxonomy":"conferencia","embeddable":true,"href":"https:\/\/vopus.org\/ro\/wp-json\/wp\/v2\/conferencia?post=6195"},{"taxonomy":"read_online","embeddable":true,"href":"https:\/\/vopus.org\/ro\/wp-json\/wp\/v2\/read_online?post=6195"},{"taxonomy":"author_tax","embeddable":true,"href":"https:\/\/vopus.org\/ro\/wp-json\/wp\/v2\/author_tax?post=6195"}],"curies":[{"name":"wp","href":"https:\/\/api.w.org\/{rel}","templated":true}]}}