{"id":18195,"date":"2022-04-16T11:51:00","date_gmt":"2022-04-16T14:51:00","guid":{"rendered":"https:\/\/vopus.org\/?p=18195"},"modified":"2022-04-07T12:01:54","modified_gmt":"2022-04-07T15:01:54","slug":"pictura-sfantul-ieronim","status":"publish","type":"post","link":"https:\/\/vopus.org\/ro\/pictura-sfantul-ieronim\/","title":{"rendered":"Pictura Sf\u00e2ntul Ieronim"},"content":{"rendered":"\n<p>Mult stima\u021bi prieteni\/prietene<\/p>\n\n\n\n<p>Permite\u021bi-mi s\u0103 aprofundez azi \u00een c\u00e2teva explica\u021bii rela\u021bionate cu opera lui Leonardo da Vinci intitulat\u0103:<\/p>\n\n\n\n<p class=\"has-text-align-center\"><strong>SF\u00c2NTUL IERONIM<\/strong><\/p>\n\n\n\n<p>Este interesant s\u0103 \u0219tim c\u0103 aceast\u0103 oper\u0103, dup\u0103 p\u0103rerea unora, \u00eel reprezint\u0103 \u0219i pe Sf\u00e2ntul Gherasim \u0219i nu doar pe Sf\u00e2ntul Ieronim. De aceea, vreau s\u0103 v\u0103 trimit c\u00e2teva comentarii ale unor speciali\u0219ti intelectualoizi cu privire la Sf\u00e2ntul Gherasim.<\/p>\n\n\n\n<p>\u201ePotrivit istorisirilor, \u00eentr-o zi c\u00e2nd c\u0103lug\u0103rul se plimba pe malurile Iordanului s-a apropiat de el un leu r\u0103nit. Gherasim i-a examinat laba \u0219i i-a scos un spin ascu\u021bit. Leul a r\u0103mas de atunci al\u0103turi de el \u0219i s-a transformat \u00eentr-un animal bl\u00e2nd. C\u0103lug\u0103rii i-au dat \u00een grij\u0103 lui Gherasim un m\u0103gar care era la m\u0103n\u0103stire \u0219i cu care aduceau apa. \u00centr-o zi ni\u0219te negustori arabi au furat animalul iar Gherasim l-a acuzat pe leu c\u0103 l-ar fi m\u00e2ncat, drept pentru care l-a pus pe el s\u0103 \u00eenceap\u0103 s\u0103 mearg\u0103 dup\u0103 ap\u0103. Dup\u0103 un timp, negustorii s-au \u00eentors iar leul a recuperat m\u0103garul. Gherasim \u0219i-a recunoscut gre\u0219eala \u0219i i-a dat numele de Iordan.\u201d<\/p>\n\n\n\n<p>Cert este, dragi cititori, c\u0103 este vorba despre Sf\u00e2ntul Ieronim. \u00cen aceast\u0103 oper\u0103, potrivit unor istorici, penitentul are \u00een m\u00e2na sa dreapt\u0103 o piatr\u0103 pentru a se pedepsi. Potrivit lor semnul loviturii sau auto-pedepsei se poate vedea pe pieptul s\u0103u. \u00cens\u0103, piatra pe care o are Sf\u00e2ntul Ieronim face referire la \u201epiatra de poticnire\u201d sau \u201epiatra de scandal\u201d despre care ne vorbea mereu Pavel din Tars.<\/p>\n\n\n\n<p>Peisajul din jurul scenei este foarte auster \u0219i st\u00e2ncos. Privirea sa de c\u0103in\u021b\u0103 este \u00eendreptat\u0103 spre o biseric\u0103, potrivit schi\u021bei.<\/p>\n\n\n\n<p>Forma de piatr\u0103 care se afl\u0103 sub m\u00e2na sa \u00eentins\u0103 atrage aten\u021bia, deoarece pare de asemenea cupola unei biserici, \u00eens\u0103 totodat\u0103 se poate asocia cu un atanor alchimic. Evident c\u0103 Sf\u00e2ntul Ieronim, c\u0103it, \u0219tia foarte bine c\u0103 rasa uman\u0103 atentase \u00eempotriva bisericii iubirii, aceasta este motivul privirii sale.<\/p>\n\n\n\n<p>Pe de alt\u0103 parte, aproape de el vedem un leu, al c\u0103rui corp \u0219i coad\u0103 par s\u0103 reprezinte litera S, vie aluzie la Focul Sacru, focul care ne m\u00e2ntuie\u0219te. Rana din pieptul Sf\u00e2ntului Ieronim reprezint\u0103 enorma durere moral\u0103 pe care ajungem s\u0103 o sim\u021bim atunci c\u00e2nd \u0219tim c\u0103 am atentat \u00eempotriva Spiritului Sf\u00e2nt, Sf\u00e2nta Conciliere.<\/p>\n\n\n\n<figure class=\"wp-block-image size-large\"><img decoding=\"async\" width=\"960\" height=\"1359\" src=\"https:\/\/vopus.org\/wp-content\/uploads\/2022\/04\/jeronimo1-960x1359.jpg\" alt=\"\" class=\"wp-image-18176\" srcset=\"https:\/\/vopus.org\/wp-content\/uploads\/2022\/04\/jeronimo1-960x1359.jpg 960w, https:\/\/vopus.org\/wp-content\/uploads\/2022\/04\/jeronimo1-480x679.jpg 480w, https:\/\/vopus.org\/wp-content\/uploads\/2022\/04\/jeronimo1-768x1087.jpg 768w, https:\/\/vopus.org\/wp-content\/uploads\/2022\/04\/jeronimo1.jpg 538w\" sizes=\"(max-width: 960px) 100vw, 960px\" \/><\/figure>\n\n\n\n<p>S\u0103 se observe coada leului reprezent\u00e2nd litera S \u00eempreun\u0103 cu corpul acestuia.<\/p>\n\n\n\n<figure class=\"wp-block-image size-large\"><img decoding=\"async\" width=\"960\" height=\"1157\" src=\"https:\/\/vopus.org\/wp-content\/uploads\/2022\/04\/jeronimo2-960x1157.jpg\" alt=\"\" class=\"wp-image-18187\" srcset=\"https:\/\/vopus.org\/wp-content\/uploads\/2022\/04\/jeronimo2-960x1157.jpg 960w, https:\/\/vopus.org\/wp-content\/uploads\/2022\/04\/jeronimo2-480x578.jpg 480w, https:\/\/vopus.org\/wp-content\/uploads\/2022\/04\/jeronimo2-768x926.jpg 768w, https:\/\/vopus.org\/wp-content\/uploads\/2022\/04\/jeronimo2.jpg 529w\" sizes=\"(max-width: 960px) 100vw, 960px\" \/><\/figure>\n\n\n\n<p class=\"has-text-align-center\">Detaliu cu chipul sf\u00e2ntului \u0219i schi\u021ba bisericii<\/p>\n\n\n\n<p>Ad\u0103ug\u0103m aceste cuvinte ale Maestrului Samael pe care, tocmai, le-am g\u0103sit \u00een cartea <em>Cele \u0219apte cuvinte<\/em>, pagina 25:<\/p>\n\n\n\n<p>\u201eBiblia luteran\u0103 se bazeaz\u0103 pe lucr\u0103rile Sf\u00e2ntului Ieronim, care sunt inten\u021bionat defectuoase, c\u0103ci Sf\u00e2ntul Ieronim, \u00een conformitate cu ordinele pe care le-a primit de la Papa Damas, a trebuit s\u0103 conduc\u0103 lucrurile \u00een acord cu interesele catolicismului roman. Sf\u00e2ntul Ieronim a fost adev\u0103ratul autor al Vulgatei latine.\u201d<\/p>\n\n\n\n<p>Fie cu voi to\u021bi binecuv\u00e2nt\u0103rile lui Parabrahma pentru toat\u0103 eternitatea.<\/p>\n\n\n\n<p>V\u0103 adaug c\u00e2teva fraze pentru reflec\u021bia voastr\u0103:<\/p>\n\n\n\n<p><strong><em>\u201eCon\u0219tiin\u021ba omului drept r\u00e2de de \u00een\u0219el\u0103ciunile faimei.\u201d<\/em><\/strong><br>Ovidiu<\/p>\n\n\n\n<p><strong><em>\u201eArmonia se ob\u021bine prin virtute.\u201d<\/em><\/strong><br>Platon<\/p>\n\n\n\n<p><strong><em>\u201eIubirea purific\u0103 spiritul \u0219i alimenteaz\u0103 fantezia; iubirea pur\u0103, iubirea sf\u00e2nt\u0103, iubirea f\u0103r\u0103 interese rele \u0219i f\u0103r\u0103 inten\u021bii josnice, este aspira\u021bia cea mai elevat\u0103 a Spiritului, strofa nemuritoare pe care o c\u00e2nt\u0103 \u00een cor toate fiin\u021bele crea\u021biei, de la atomul care se rote\u0219te la contactul luminii \u0219i c\u0103ldurii p\u00e2n\u0103 la admirabila ma\u0219in\u0103rie care \u00eent\u0103re\u0219te a\u0219trii \u00een elipsele lor gigantice, \u00een cercurile pe care le traseaz\u0103 ve\u0219nic pe albastrul imenselor ceruri.\u201d<\/em><\/strong><br>Rub\u00e9n Dar\u00edo<\/p>\n\n\n\n<p><strong><em>\u201eIubirea este cel mai benign \u0219i cel mai bun moralism.\u201d<\/em><\/strong><br>Bacon<\/p>\n\n\n\n<p><strong><em>\u201eIubirea se aseam\u0103n\u0103 cu un arbore: se \u00eenclin\u0103 prin propria-i greutate, este ad\u00e2nc \u00eenr\u0103d\u0103cinat\u0103 \u00een toat\u0103 Fiin\u021ba noastr\u0103 \u0219i uneori continu\u0103 s\u0103 re\u00eenverzeasc\u0103 \u00een ruinele unei inimi.\u201d<\/em><\/strong><br>Victor Hugo<\/p>\n\n\n\n<p class=\"has-text-align-center\"><strong><em>SIC TRANSIT GLORIA MUNDI.<\/em><\/strong><br><strong>\u2500<\/strong>\u201eAstfel trece gloria acestei lumi.\u201d\u2500<br><strong>KWEN KHAN KHU<\/strong><\/p>\n","protected":false},"excerpt":{"rendered":"<p>Mult stima\u021bi prieteni\/prietene Permite\u021bi-mi s\u0103 aprofundez azi \u00een c\u00e2teva explica\u021bii rela\u021bionate cu opera lui Leonardo da Vinci intitulat\u0103: SF\u00c2NTUL IERONIM Este interesant s\u0103 \u0219tim c\u0103 aceast\u0103 oper\u0103, dup\u0103 p\u0103rerea unora, \u00eel reprezint\u0103 \u0219i pe Sf\u00e2ntul Gherasim \u0219i nu doar pe Sf\u00e2ntul Ieronim. De aceea, vreau s\u0103 v\u0103 trimit c\u00e2teva comentarii ale unor speciali\u0219ti intelectualoizi cu [&hellip;]<\/p>\n","protected":false},"author":4,"featured_media":18165,"comment_status":"open","ping_status":"open","sticky":false,"template":"","format":"standard","meta":{"footnotes":"","_links_to":"","_links_to_target":""},"categories":[124,469],"tags":[],"contenido":[275],"fuente":[49],"pilar":[],"fase":[],"conferencia":[],"read_online":[],"author_tax":[326],"class_list":["post-18195","post","type-post","status-publish","format-standard","has-post-thumbnail","hentry","category-antropologie","category-mesaje-vm-kwen-khan-khu","contenido-articole","fuente-maestro","author_tax-v-m-kwen-khan-khu-ro"],"_links":{"self":[{"href":"https:\/\/vopus.org\/ro\/wp-json\/wp\/v2\/posts\/18195","targetHints":{"allow":["GET"]}}],"collection":[{"href":"https:\/\/vopus.org\/ro\/wp-json\/wp\/v2\/posts"}],"about":[{"href":"https:\/\/vopus.org\/ro\/wp-json\/wp\/v2\/types\/post"}],"author":[{"embeddable":true,"href":"https:\/\/vopus.org\/ro\/wp-json\/wp\/v2\/users\/4"}],"replies":[{"embeddable":true,"href":"https:\/\/vopus.org\/ro\/wp-json\/wp\/v2\/comments?post=18195"}],"version-history":[{"count":0,"href":"https:\/\/vopus.org\/ro\/wp-json\/wp\/v2\/posts\/18195\/revisions"}],"wp:featuredmedia":[{"embeddable":true,"href":"https:\/\/vopus.org\/ro\/wp-json\/wp\/v2\/media\/18165"}],"wp:attachment":[{"href":"https:\/\/vopus.org\/ro\/wp-json\/wp\/v2\/media?parent=18195"}],"wp:term":[{"taxonomy":"category","embeddable":true,"href":"https:\/\/vopus.org\/ro\/wp-json\/wp\/v2\/categories?post=18195"},{"taxonomy":"post_tag","embeddable":true,"href":"https:\/\/vopus.org\/ro\/wp-json\/wp\/v2\/tags?post=18195"},{"taxonomy":"contenido","embeddable":true,"href":"https:\/\/vopus.org\/ro\/wp-json\/wp\/v2\/contenido?post=18195"},{"taxonomy":"fuente","embeddable":true,"href":"https:\/\/vopus.org\/ro\/wp-json\/wp\/v2\/fuente?post=18195"},{"taxonomy":"pilar","embeddable":true,"href":"https:\/\/vopus.org\/ro\/wp-json\/wp\/v2\/pilar?post=18195"},{"taxonomy":"fase","embeddable":true,"href":"https:\/\/vopus.org\/ro\/wp-json\/wp\/v2\/fase?post=18195"},{"taxonomy":"conferencia","embeddable":true,"href":"https:\/\/vopus.org\/ro\/wp-json\/wp\/v2\/conferencia?post=18195"},{"taxonomy":"read_online","embeddable":true,"href":"https:\/\/vopus.org\/ro\/wp-json\/wp\/v2\/read_online?post=18195"},{"taxonomy":"author_tax","embeddable":true,"href":"https:\/\/vopus.org\/ro\/wp-json\/wp\/v2\/author_tax?post=18195"}],"curies":[{"name":"wp","href":"https:\/\/api.w.org\/{rel}","templated":true}]}}