{"id":17533,"date":"2022-02-09T16:38:00","date_gmt":"2022-02-09T19:38:00","guid":{"rendered":"https:\/\/vopus.org\/?p=17533"},"modified":"2022-02-08T09:55:48","modified_gmt":"2022-02-08T12:55:48","slug":"misterul-gnostic-care-il-inconjoara-pe-ioan-botezatorul","status":"publish","type":"post","link":"https:\/\/vopus.org\/ro\/misterul-gnostic-care-il-inconjoara-pe-ioan-botezatorul\/","title":{"rendered":"Misterul gnostic care \u00eel \u00eenconjoar\u0103 pe Ioan Botez\u0103torul"},"content":{"rendered":"\n<p>Mult iubi\u021bi cititori,<\/p>\n\n\n\n<p>Cu imens\u0103 bucurie m\u0103 apropii din nou de voi, \u00een aceast\u0103 oportunitate pentru a v\u0103 vorbi despre precursorul V.M. Aberamentho \u2013Isus din Nazaret. M\u0103 refer la:<\/p>\n\n\n\n<p class=\"has-text-align-center\"><strong>MISTERUL GNOSTIC CARE \u00ceL \u00ceNCONJOAR\u0102 PE IOAN BOTEZ\u0102TORUL<\/strong><\/p>\n\n\n\n<figure class=\"wp-block-image size-large\"><img decoding=\"async\" width=\"960\" height=\"1243\" src=\"https:\/\/vopus.org\/wp-content\/uploads\/2022\/02\/juan-bautista-960x1243.jpg\" alt=\"\" class=\"wp-image-17505\" srcset=\"https:\/\/vopus.org\/wp-content\/uploads\/2022\/02\/juan-bautista-960x1243.jpg 960w, https:\/\/vopus.org\/wp-content\/uploads\/2022\/02\/juan-bautista-480x621.jpg 480w, https:\/\/vopus.org\/wp-content\/uploads\/2022\/02\/juan-bautista-768x994.jpg 768w, https:\/\/vopus.org\/wp-content\/uploads\/2022\/02\/juan-bautista.jpg 643w\" sizes=\"(max-width: 960px) 100vw, 960px\" \/><\/figure>\n\n\n\n<p>Cu to\u021bii \u0219tim c\u0103 Ioan Botez\u0103torul a fost capabil s\u0103 reuneasc\u0103 mul\u021bimi \u00een jurul s\u0103u explic\u00e2ndu-le misterele autosalv\u0103rii eterne. De aceea el d\u0103dea Arcanul A.Z.F. \u0219i aceasta se simboliza duc\u00e2ndu-l pe neofit p\u00e2n\u0103 la un r\u00e2u \u00een care se introducea cu tot corpul, pentru a indica prin aceasta c\u0103 persoana se va dedica \u00eencep\u00e2nd din acel moment s\u0103 cure\u021be karma pe care o acumulase din cauza fornica\u021biilor sale.<\/p>\n\n\n\n<p>Interesante au fost \u00eentotdeauna cuvintele lui Ioan Botez\u0103torul c\u00e2nd a exclamat: <strong>\u201eEu v\u0103 botez cu ap\u0103, dar dup\u0103 mine va veni altul care v\u0103 va boteza cu foc, cu Spirit!\u201d<\/strong>, referindu-se clar la Marele Kabir din Galileea: Jeshu\u00e1.<\/p>\n\n\n\n<p>Este important s\u0103 le facem cunoscut colegelor \u0219i colegilor no\u0219tri faptul c\u0103 <strong>Ioan Botez\u0103torul<\/strong> era un alt individ sacru care a reu\u0219it s\u0103 \u00ee\u0219i \u00eencarneze <strong>Cristosul intim<\/strong>. Ioan era cunoscut pentru teribilele sale discursuri despre necesitatea <strong>c\u0103in\u021bei<\/strong> pentru a ne putea \u00eentoarce la ceruri \u2013de Con\u0219tiin\u021b\u0103.<\/p>\n\n\n\n<p>Aceast\u0103 p\u00e2nz\u0103 \u00een ulei a marelui Maestru Leonardo da Vinci poart\u0103 drept titlu <strong><em>Sf\u00e2ntul Ioan Botez\u0103torul<\/em><\/strong>.<\/p>\n\n\n\n<p>V\u0103 adaug dou\u0103 imagini ale aceleia\u0219i opere picturale: una \u00een care se vede Ioan Botez\u0103torul \u00eenv\u0103luit \u00een umbre sau \u00eentuneric \u0219i alta \u00een care s-a reu\u0219it s\u0103 se scoat\u0103 \u00een eviden\u021b\u0103 contrastele pentru a se putea aprecia detaliile operei.<\/p>\n\n\n\n<p>Observ\u00e2nd chipul lui <strong>Ioan Botez\u0103torul<\/strong> putem g\u0103sit pe acesta un z\u00e2mbet enigmatic pe care unii cercet\u0103tori \u00eel asemuiesc cu z\u00e2mbetul <strong>Giocondei sau Mona Lisa<\/strong> \u2013reprezentare aceasta din urm\u0103 a Mamei Divine a lui Leonardo \u00eensu\u0219i.<\/p>\n\n\n\n<p><strong>Ioan Botez\u0103torul<\/strong> ne este ar\u0103tat semidezbr\u0103cat, acoperit \u00eentotdeauna cu o piele de berbec sau de leopard. Este interesant s\u0103 vedem bra\u021bul drept indic\u00e2nd \u00eenspre ceruri cu degetul ar\u0103t\u0103tor, \u00een timp ce cu bra\u021bul st\u00e2ng \u00ee\u0219i apropie m\u00e2na de inim\u0103. Aceast\u0103 postur\u0103 nu urm\u0103re\u0219te alt scop dec\u00e2t s\u0103 ne spun\u0103: la Tat\u0103l care se afl\u0103 \u00een secret putem ajunge doar prin intermediul focurilor inimii, adic\u0103, f\u0103c\u00e2nd merite \u00een inim\u0103!<\/p>\n\n\n\n<p>P\u0103rul lung al lui <strong>Ioan Botez\u0103torul<\/strong> face aluzie la puternica for\u021b\u0103 sexual\u0103 pe care el o avea, rela\u021bionat\u0103 evident cu castitatea sa. S\u0103 ne amintim de <strong>Samson<\/strong> \u0219i extraordinara for\u021b\u0103 fizic\u0103 pe care o de\u021binea. Nimeni nu \u0219tia de unde provenea acea for\u021b\u0103 p\u00e2n\u0103 c\u00e2nd \u00eensu\u0219i <strong>Samson<\/strong> i-a spus Dalilei secretul originii for\u021bei lui. Totul rezida \u00een p\u0103rul s\u0103u. Din punct de vedere gnostic \u0219tim c\u0103 acel p\u0103r era o referire la p\u0103rul pubian, adic\u0103, la poten\u021ba sa sexual\u0103. De aceea se spune c\u0103 \u00een timp ce dormea \u2013<strong>adic\u0103: \u00een momente \u00een care a uitat de sine \u00eensu\u0219i<\/strong>\u2013<strong>, a c\u0103zut sexual \u0219i a r\u0103mas orbit animic \u0219i f\u0103r\u0103 for\u021bele Tat\u0103lui<\/strong>\u2026<\/p>\n\n\n\n<p>Exist\u0103 multe comentarii cu privire la chipul \u0219i expresia pe care o are <strong>Ioan Botez\u0103torul <\/strong>\u00een aceast\u0103 reprezentare artistic\u0103, \u00een clar\u0103 contradic\u021bie cu intransigentul \u0219i austerul predicator pe care \u00eel indic\u0103 scripturile biblice.<\/p>\n\n\n\n<p>De asemenea este interesant s\u0103 subliniem c\u0103 Leonardo da Vinci a f\u0103cut un adev\u0103rat joc de lumini c\u00e2nd a realizat aceast\u0103 oper\u0103, ca \u0219i cum ar fi vrut s\u0103 ne spun\u0103: <strong><em>Lux in tenebris lucet!<\/em><\/strong>, \u201elumina str\u0103luce\u0219te \u00een tenebre\u201d.<\/p>\n\n\n\n<p>Evanghelia lui <strong><em>Ioan Botez\u0103torul <\/em><\/strong>este str\u00e2ns rela\u021bionat\u0103 cu <strong>moartea Eului, a Egoului pluralizat<\/strong>. Acela a fost motivul pentru care a sf\u00e2r\u0219it fiind <strong>decapitat<\/strong> ca punct culminant al proceselor sale de eliberare\u2026<\/p>\n\n\n\n<figure class=\"wp-block-image size-large\"><img decoding=\"async\" width=\"960\" height=\"1258\" src=\"https:\/\/vopus.org\/wp-content\/uploads\/2022\/02\/juan-bautista2-960x1258.jpg\" alt=\"\" class=\"wp-image-17516\" srcset=\"https:\/\/vopus.org\/wp-content\/uploads\/2022\/02\/juan-bautista2-960x1258.jpg 960w, https:\/\/vopus.org\/wp-content\/uploads\/2022\/02\/juan-bautista2-480x629.jpg 480w, https:\/\/vopus.org\/wp-content\/uploads\/2022\/02\/juan-bautista2-768x1006.jpg 768w, https:\/\/vopus.org\/wp-content\/uploads\/2022\/02\/juan-bautista2.jpg 1144w\" sizes=\"(max-width: 960px) 100vw, 960px\" \/><\/figure>\n\n\n\n<p>Ceva care ne atrage aten\u021bia \u00een aceast\u0103 p\u00e2nz\u0103 este faptul c\u0103 artistul Leonardo da Vinci ne arat\u0103 un IOAN BOTEZ\u0102TORUL \u00een plin\u0103 tinere\u021be. Aceasta are un motiv: este pentru a ne indica tuturor c\u0103 trebuie s\u0103 profit\u0103m de for\u021bele tinere\u021bii noastre pentru a \u00eencepe s\u0103 lucr\u0103m la ob\u021binerea Pietrei Filosofale, c\u0103ci peregrinajul p\u00e2n\u0103 la \u00cemp\u0103r\u0103\u021bia Tat\u0103lui cere toat\u0103 aten\u021bia noastr\u0103 \u0219i toate for\u021bele noastre vitale. Nu am putea s\u0103 pretindem s\u0103 lucr\u0103m din greu \u00een Arcanul A.Z.F. \u0219i \u00een moartea noastr\u0103 psihologic\u0103 atunci c\u00e2nd corpul nostru fizic este deja extrem de epuizat. Pur \u0219i simplu nu am rezista.<\/p>\n\n\n\n<p>Patriarhul nostru, V.M. Samael Aun Weor, ne spune cu privire la acest mare Ini\u021biat urm\u0103toarele:<\/p>\n\n\n\n<p>\u201eIrod s-a temut de mul\u021bime pentru c\u0103 \u00eel considera pe Ioan ca pe un Profet. \u00cen capitolul XI din Evanghelia lui Matei se vorbe\u0219te despre Ioan Botez\u0103torul ca despre un adev\u0103rat Jina, un Om Ceresc, un Semizeu, superior Profe\u021bilor, \u00eentruc\u00e2t Isus \u00eensu\u0219i spune despre el:<\/p>\n\n\n\n<p>\u00ab\u00cen adev\u0103r v\u0103 spun c\u0103 el este mai mult dec\u00e2t un profet, c\u0103ci despre el st\u0103 scris: Iat\u0103 c\u0103 \u00eel trimit pe \u00eengerul meu \u00eenaintea ta, pentru ca s\u0103 mearg\u0103 \u00een fa\u021ba ta \u00eenso\u021bindu-te \u0219i cur\u0103\u021bindu-\u021bi calea. Dintre oamenii n\u0103scu\u021bi din femeie, nu s-a ridicat altul mai mare dec\u00e2t el, de\u0219i el este mai mic dec\u00e2t cel care este mai mic \u00een \u00cemp\u0103r\u0103\u021bia Cerurilor, \u0219i dac\u0103 vre\u021bi, a\u0219adar, s\u0103-l primi\u021bi, s\u0103 \u0219ti\u021bi c\u0103 el este acel Ilie despre care ni se spune c\u0103 va veni\u2026 Cel ce are urechi de auzit s\u0103 aud\u0103\u00bb.<\/p>\n\n\n\n<p>Aceste cuvinte ale Marelui Kabir Isus leag\u0103 dou\u0103 mari personaje ebraice \u00een unul singur. Ioan Botez\u0103torul decapitat de desfr\u00e2nata Salomeea, a fost cu adev\u0103rat foarte via re\u00eencarnare a lui Ilie, Profetul celui Prea\u00eenalt. To\u021bi \u00een\u021belep\u021bii din trecut \u0219i-au z\u0103mislit copiii prin opera \u0219i gra\u021bia Spiritului Sf\u00e2nt. Zaharia s-a surprins atunci c\u00e2nd \u00eengerul l-a vestit despre na\u0219terea lui Ioan Botez\u0103torul.<\/p>\n\n\n\n<p>Ioan a fost de asemenea z\u0103mislit prin opera \u0219i gra\u021bia Spiritului Sf\u00e2nt \u0219i un \u00eenger a fost cel care i-a vestit lui Zaharia c\u0103 femeia lui, deja \u00een v\u00e2rst\u0103, avea s\u0103 conceap\u0103 un fiu. Orice Avatara are un precursor. Isus a avut precursorul s\u0103u \u0219i acesta a fost Ioan Botez\u0103torul. Ioan Botez\u0103torul, f\u0103r\u0103 \u00eendoial\u0103, tr\u0103ie\u0219te \u00een lumea vital\u0103, adic\u0103 \u00een Eden, \u00een Paradis. Ioan Botez\u0103torul este un adev\u0103rat iluminat, un <em>Christus<\/em>, cineva care a \u00eencarnat deja \u00een el \u00eensu\u0219i verbul, cuv\u00e2ntul, Cristosul intim\u201d.<\/p>\n\n\n\n<p>Teribile cuvinte, iubi\u021bi cititori, care ne \u00eemping la reflec\u021bii profunde asupra misterelor pe care le cuprinde <strong>Drumul Secret<\/strong> care azi ne-a fost dezv\u0103luit de <strong>Gnoz\u0103<\/strong>.<\/p>\n\n\n\n<p>V\u0103 adaug c\u00e2teva fraze pentru a reflecta la ele?<\/p>\n\n\n\n<p><strong><em>\u201e\u00centotdeauna exist\u0103 o providen\u021b\u0103 care ne inspir\u0103 s\u0103 alin\u0103m cele mai stringente nevoi ale semenilor no\u0219tri.\u201d<\/em><\/strong><br>Goethe<\/p>\n\n\n\n<p><strong><em>\u201eProviden\u021bei \u00eei place s\u0103 fie tentat\u0103. Acesta este secretul omului care triumf\u0103.\u201d<\/em><\/strong><br>Bernard Shaw<\/p>\n\n\n\n<p><strong><em>\u201eTrebuie s\u0103 fii pasionat doar de ceea ce \u021bi se \u00eent\u00e2mpl\u0103 \u0219i vine destinat de la providen\u021b\u0103; c\u0103ci ce ar putea s\u0103-\u021bi fie mai oportun?\u201d<\/em><\/strong><br>Marc Aureliu<\/p>\n\n\n\n<p><strong><em>\u201e\u00cenclin\u0103-te \u00een fa\u021ba providen\u021bei.\u201d<\/em><\/strong><br>Virgiliu<\/p>\n\n\n\n<p><strong><em>\u201eCeea ce cerul a poruncit s\u0103 se \u00eent\u00e2mple nu este s\u00e2rguin\u021b\u0103 nici \u00een\u021belepciune uman\u0103 care s\u0103 poat\u0103 preveni.\u201d<\/em><\/strong><br>Cervantes<\/p>\n\n\n\n<p class=\"has-text-align-center\"><strong><em>VERUM GAUDIUM RES SEVERA EST.<\/em><\/strong><br>\u2500\u201eAdev\u0103rata bucurie este un lucru serios.\u201d\u2500<br><strong>KWEN KHAN KHU<\/strong><\/p>\n","protected":false},"excerpt":{"rendered":"<p>Mult iubi\u021bi cititori, Cu imens\u0103 bucurie m\u0103 apropii din nou de voi, \u00een aceast\u0103 oportunitate pentru a v\u0103 vorbi despre precursorul V.M. Aberamentho \u2013Isus din Nazaret. M\u0103 refer la: MISTERUL GNOSTIC CARE \u00ceL \u00ceNCONJOAR\u0102 PE IOAN BOTEZ\u0102TORUL Cu to\u021bii \u0219tim c\u0103 Ioan Botez\u0103torul a fost capabil s\u0103 reuneasc\u0103 mul\u021bimi \u00een jurul s\u0103u explic\u00e2ndu-le misterele autosalv\u0103rii [&hellip;]<\/p>\n","protected":false},"author":4,"featured_media":17527,"comment_status":"open","ping_status":"open","sticky":false,"template":"","format":"standard","meta":{"footnotes":"","_links_to":"","_links_to_target":""},"categories":[124,469],"tags":[],"contenido":[275],"fuente":[49],"pilar":[],"fase":[],"conferencia":[],"read_online":[],"author_tax":[326],"class_list":["post-17533","post","type-post","status-publish","format-standard","has-post-thumbnail","hentry","category-antropologie","category-mesaje-vm-kwen-khan-khu","contenido-articole","fuente-maestro","author_tax-v-m-kwen-khan-khu-ro"],"_links":{"self":[{"href":"https:\/\/vopus.org\/ro\/wp-json\/wp\/v2\/posts\/17533","targetHints":{"allow":["GET"]}}],"collection":[{"href":"https:\/\/vopus.org\/ro\/wp-json\/wp\/v2\/posts"}],"about":[{"href":"https:\/\/vopus.org\/ro\/wp-json\/wp\/v2\/types\/post"}],"author":[{"embeddable":true,"href":"https:\/\/vopus.org\/ro\/wp-json\/wp\/v2\/users\/4"}],"replies":[{"embeddable":true,"href":"https:\/\/vopus.org\/ro\/wp-json\/wp\/v2\/comments?post=17533"}],"version-history":[{"count":0,"href":"https:\/\/vopus.org\/ro\/wp-json\/wp\/v2\/posts\/17533\/revisions"}],"wp:featuredmedia":[{"embeddable":true,"href":"https:\/\/vopus.org\/ro\/wp-json\/wp\/v2\/media\/17527"}],"wp:attachment":[{"href":"https:\/\/vopus.org\/ro\/wp-json\/wp\/v2\/media?parent=17533"}],"wp:term":[{"taxonomy":"category","embeddable":true,"href":"https:\/\/vopus.org\/ro\/wp-json\/wp\/v2\/categories?post=17533"},{"taxonomy":"post_tag","embeddable":true,"href":"https:\/\/vopus.org\/ro\/wp-json\/wp\/v2\/tags?post=17533"},{"taxonomy":"contenido","embeddable":true,"href":"https:\/\/vopus.org\/ro\/wp-json\/wp\/v2\/contenido?post=17533"},{"taxonomy":"fuente","embeddable":true,"href":"https:\/\/vopus.org\/ro\/wp-json\/wp\/v2\/fuente?post=17533"},{"taxonomy":"pilar","embeddable":true,"href":"https:\/\/vopus.org\/ro\/wp-json\/wp\/v2\/pilar?post=17533"},{"taxonomy":"fase","embeddable":true,"href":"https:\/\/vopus.org\/ro\/wp-json\/wp\/v2\/fase?post=17533"},{"taxonomy":"conferencia","embeddable":true,"href":"https:\/\/vopus.org\/ro\/wp-json\/wp\/v2\/conferencia?post=17533"},{"taxonomy":"read_online","embeddable":true,"href":"https:\/\/vopus.org\/ro\/wp-json\/wp\/v2\/read_online?post=17533"},{"taxonomy":"author_tax","embeddable":true,"href":"https:\/\/vopus.org\/ro\/wp-json\/wp\/v2\/author_tax?post=17533"}],"curies":[{"name":"wp","href":"https:\/\/api.w.org\/{rel}","templated":true}]}}