{"id":12931,"date":"2021-03-27T02:14:15","date_gmt":"2021-03-27T01:14:15","guid":{"rendered":"https:\/\/vopus.org\/entrevista-con-el-v-m-kwen-khan-khu-03-04-2021\/"},"modified":"2021-03-27T22:22:22","modified_gmt":"2021-03-27T21:22:22","slug":"entrevista-con-el-v-m-kwen-khan-khu-03-04-2021","status":"publish","type":"post","link":"https:\/\/vopus.org\/ro\/entrevista-con-el-v-m-kwen-khan-khu-03-04-2021\/","title":{"rendered":"Interviu cu V.M. Kwen Khan Khu (03\/04\/2021)"},"content":{"rendered":"\n<p>Stima\u021bi prieteni.<br><br>E o bucurie s\u0103 v\u0103 anun\u021b\u0103m c\u0103 pe 3 aprilie 2021, Radio Maitreya va realiza un nou interviu V.M. Kwen Khan Khu. \u00cel pute\u021bi asculta prin intermediul urm\u0103torului link: <a href=\"http:\/\/radiomaitreya.org\">radiomaitreya.org<\/a>.<br><br>Respectivul interviu va avea loc la orele 15h de M\u00e9xico D. F., \u0219i se va numi<\/p>\n\n\n\n<h2 class=\"has-text-align-center wp-block-heading\"><strong>\u201e\u00cen pragul colapsului mondial\u201d.<\/strong><\/h2>\n\n\n\n<p>Sper\u0103m c\u0103 aceste informa\u021bii v\u0103 intereseaz\u0103 \u0219i c\u0103 ne vom vedea la acest eveniment important \u00een aceste vremuri at\u00e2t de incerte pe care le tr\u0103im.<br><br>Cordial,<br>Radio\u00a0Maitreya<\/p>\n\n\n\n<div class=\"wp-block-image\"><figure class=\"aligncenter size-large\"><img decoding=\"async\" width=\"960\" height=\"1357\" src=\"https:\/\/vopus.org\/wp-content\/uploads\/2021\/03\/Publicidad-entrevista_abril-2021_1-960x1357.jpg\" alt=\"\" class=\"wp-image-12916\" srcset=\"https:\/\/vopus.org\/wp-content\/uploads\/2021\/03\/Publicidad-entrevista_abril-2021_1-960x1357.jpg 960w, https:\/\/vopus.org\/wp-content\/uploads\/2021\/03\/Publicidad-entrevista_abril-2021_1-480x678.jpg 480w, https:\/\/vopus.org\/wp-content\/uploads\/2021\/03\/Publicidad-entrevista_abril-2021_1-768x1086.jpg 768w\" sizes=\"(max-width: 960px) 100vw, 960px\" \/><\/figure><\/div>\n","protected":false},"excerpt":{"rendered":"<p>Stima\u021bi prieteni. E o bucurie s\u0103 v\u0103 anun\u021b\u0103m c\u0103 pe 3 aprilie 2021, Radio Maitreya va realiza un nou interviu V.M. Kwen Khan Khu. \u00cel pute\u021bi asculta prin intermediul urm\u0103torului link: radiomaitreya.org. Respectivul interviu va avea loc la orele 15h de M\u00e9xico D. F., \u0219i se va numi \u201e\u00cen pragul colapsului mondial\u201d. Sper\u0103m c\u0103 aceste [&hellip;]<\/p>\n","protected":false},"author":6,"featured_media":12903,"comment_status":"open","ping_status":"open","sticky":false,"template":"","format":"standard","meta":{"footnotes":"","_links_to":"","_links_to_target":""},"categories":[153],"tags":[],"contenido":[275],"fuente":[49],"pilar":[],"fase":[],"conferencia":[],"read_online":[],"author_tax":[346],"class_list":["post-12931","post","type-post","status-publish","format-standard","has-post-thumbnail","hentry","category-actualitate","contenido-articole","fuente-maestro","author_tax-vopus-editorial-ro"],"_links":{"self":[{"href":"https:\/\/vopus.org\/ro\/wp-json\/wp\/v2\/posts\/12931","targetHints":{"allow":["GET"]}}],"collection":[{"href":"https:\/\/vopus.org\/ro\/wp-json\/wp\/v2\/posts"}],"about":[{"href":"https:\/\/vopus.org\/ro\/wp-json\/wp\/v2\/types\/post"}],"author":[{"embeddable":true,"href":"https:\/\/vopus.org\/ro\/wp-json\/wp\/v2\/users\/6"}],"replies":[{"embeddable":true,"href":"https:\/\/vopus.org\/ro\/wp-json\/wp\/v2\/comments?post=12931"}],"version-history":[{"count":0,"href":"https:\/\/vopus.org\/ro\/wp-json\/wp\/v2\/posts\/12931\/revisions"}],"wp:featuredmedia":[{"embeddable":true,"href":"https:\/\/vopus.org\/ro\/wp-json\/wp\/v2\/media\/12903"}],"wp:attachment":[{"href":"https:\/\/vopus.org\/ro\/wp-json\/wp\/v2\/media?parent=12931"}],"wp:term":[{"taxonomy":"category","embeddable":true,"href":"https:\/\/vopus.org\/ro\/wp-json\/wp\/v2\/categories?post=12931"},{"taxonomy":"post_tag","embeddable":true,"href":"https:\/\/vopus.org\/ro\/wp-json\/wp\/v2\/tags?post=12931"},{"taxonomy":"contenido","embeddable":true,"href":"https:\/\/vopus.org\/ro\/wp-json\/wp\/v2\/contenido?post=12931"},{"taxonomy":"fuente","embeddable":true,"href":"https:\/\/vopus.org\/ro\/wp-json\/wp\/v2\/fuente?post=12931"},{"taxonomy":"pilar","embeddable":true,"href":"https:\/\/vopus.org\/ro\/wp-json\/wp\/v2\/pilar?post=12931"},{"taxonomy":"fase","embeddable":true,"href":"https:\/\/vopus.org\/ro\/wp-json\/wp\/v2\/fase?post=12931"},{"taxonomy":"conferencia","embeddable":true,"href":"https:\/\/vopus.org\/ro\/wp-json\/wp\/v2\/conferencia?post=12931"},{"taxonomy":"read_online","embeddable":true,"href":"https:\/\/vopus.org\/ro\/wp-json\/wp\/v2\/read_online?post=12931"},{"taxonomy":"author_tax","embeddable":true,"href":"https:\/\/vopus.org\/ro\/wp-json\/wp\/v2\/author_tax?post=12931"}],"curies":[{"name":"wp","href":"https:\/\/api.w.org\/{rel}","templated":true}]}}