{"id":7854,"date":"2019-07-16T13:22:39","date_gmt":"2019-07-16T13:22:39","guid":{"rendered":"https:\/\/vopus.org\/diccionario-mantrico\/"},"modified":"2021-02-14T02:56:24","modified_gmt":"2021-02-14T01:56:24","slug":"diccionario-mantrico","status":"publish","type":"post","link":"https:\/\/vopus.org\/pt-br\/diccionario-mantrico\/","title":{"rendered":"Dicion\u00e1rio m\u00e2ntrico"},"content":{"rendered":"\n<div class=\"wp-block-columns has-2-columns is-layout-flex wp-container-core-columns-is-layout-9d6595d7 wp-block-columns-is-layout-flex\">\n<div class=\"wp-block-column is-layout-flow wp-block-column-is-layout-flow\">\n<figure class=\"wp-block-image\"><img decoding=\"async\" src=\"\/wp-content\/uploads\/2019\/06\/es-saw-diccionario_mantrico-3-455x490.png\" alt=\"Dicion\u00e1rio m\u00e2ntrico\" \/><\/figure><div style=\"text-align: center\">\n\t\t\t<a href=\"https:\/\/libros.ageac.org\/pt\/livro\/pt-saw-dicionario_mantrico\" target=\"_blank\">\n\t\t\t\t<button>\n\t\t\t\t\t<i class=\"fa fa-shopping-cart\"><\/i> Comprar\n\t\t\t\t<\/button>\n\t\t\t<\/a><\/div>\n<\/div>\n\n\n\n<div class=\"wp-block-column is-layout-flow wp-block-column-is-layout-flow\">\n<p>Mantra \u00e9 palavra de poder. Todas as antigas tradi\u00e7\u00f5es dizem, como o Cristianismo, que no princ\u00edpio era o verbo e tudo por ele havia sido criado. Hoje a ci\u00eancia materialista n\u00e3o encontrou a mat\u00e9ria, em seu lugar somente encontrou vibra\u00e7\u00e3o, a ponto de que Einstein afirmou: &#8220;Nada acontece at\u00e9 que algo se mova.&#8221; Tal \u00e9 o poder da palavra. O Buddha Maitreya e Kalki Avatara &#8211; V. M. Samael Aun Weor &#8211; aportou aos tempos modernos a sabedoria do verbo, entregando uma infinidade de mantras para que possamos empregar seu poder para nosso bem e o da humana esp\u00e9cie. Nesta obra s\u00e3o recompilados todos esses mantras de maneira ordenada e explicado seus significados e modo correto de pron\u00fancia. Nunca antes o poder m\u00e1gico do verbo m\u00e2ntrico esteve ao alcance de toda a humanidade, e com isso a responsabilidade de us\u00e1-lo com retid\u00e3o.<\/p>\n<\/div>\n<\/div>\n<div style=\"text-align: center;\">\n\t<a href=\"https:\/\/libros.ageac.org\/pt\/livro\/pt-saw-dicionario_mantrico\" target=\"_blank\"  class=\"grve-btn grve-bg-primary-2 grve-bg-hover-primary-1\" \n\t\t\tstyle=\"font-size: 80% !important;padding: 10px; text-transform: initial;margin-bottom: 20px;\">\n\t\t<span class=\"dashicons dashicons-cart\"><\/span> <span>Compre \"Dicion\u00e1rio m\u00e2ntrico\" em nossa loja<\/span>\n\t<\/a>\n<\/div>","protected":false},"excerpt":{"rendered":"<p>Mantra \u00e9 palavra de poder. Todas as antigas tradi\u00e7\u00f5es dizem, como o Cristianismo, que no princ\u00edpio era o verbo e tudo por ele havia sido criado. Hoje a ci\u00eancia materialista n\u00e3o encontrou a m&#8230;<\/p>\n","protected":false},"author":5,"featured_media":7855,"comment_status":"open","ping_status":"open","sticky":false,"template":"","format":"standard","meta":{"footnotes":"","_links_to":"","_links_to_target":""},"categories":[141],"tags":[],"contenido":[284],"fuente":[49],"pilar":[],"fase":[],"conferencia":[],"read_online":[102,310],"author_tax":[316],"class_list":["post-7854","post","type-post","status-publish","format-standard","has-post-thumbnail","hentry","category-metafisica-pt-br","contenido-livros","fuente-maestro","read_online-solo-tienda","read_online-apenas-na-loja","author_tax-v-m-samael-aun-weor-pt-br"],"_links":{"self":[{"href":"https:\/\/vopus.org\/pt-br\/wp-json\/wp\/v2\/posts\/7854","targetHints":{"allow":["GET"]}}],"collection":[{"href":"https:\/\/vopus.org\/pt-br\/wp-json\/wp\/v2\/posts"}],"about":[{"href":"https:\/\/vopus.org\/pt-br\/wp-json\/wp\/v2\/types\/post"}],"author":[{"embeddable":true,"href":"https:\/\/vopus.org\/pt-br\/wp-json\/wp\/v2\/users\/5"}],"replies":[{"embeddable":true,"href":"https:\/\/vopus.org\/pt-br\/wp-json\/wp\/v2\/comments?post=7854"}],"version-history":[{"count":0,"href":"https:\/\/vopus.org\/pt-br\/wp-json\/wp\/v2\/posts\/7854\/revisions"}],"wp:featuredmedia":[{"embeddable":true,"href":"https:\/\/vopus.org\/pt-br\/wp-json\/wp\/v2\/media\/7855"}],"wp:attachment":[{"href":"https:\/\/vopus.org\/pt-br\/wp-json\/wp\/v2\/media?parent=7854"}],"wp:term":[{"taxonomy":"category","embeddable":true,"href":"https:\/\/vopus.org\/pt-br\/wp-json\/wp\/v2\/categories?post=7854"},{"taxonomy":"post_tag","embeddable":true,"href":"https:\/\/vopus.org\/pt-br\/wp-json\/wp\/v2\/tags?post=7854"},{"taxonomy":"contenido","embeddable":true,"href":"https:\/\/vopus.org\/pt-br\/wp-json\/wp\/v2\/contenido?post=7854"},{"taxonomy":"fuente","embeddable":true,"href":"https:\/\/vopus.org\/pt-br\/wp-json\/wp\/v2\/fuente?post=7854"},{"taxonomy":"pilar","embeddable":true,"href":"https:\/\/vopus.org\/pt-br\/wp-json\/wp\/v2\/pilar?post=7854"},{"taxonomy":"fase","embeddable":true,"href":"https:\/\/vopus.org\/pt-br\/wp-json\/wp\/v2\/fase?post=7854"},{"taxonomy":"conferencia","embeddable":true,"href":"https:\/\/vopus.org\/pt-br\/wp-json\/wp\/v2\/conferencia?post=7854"},{"taxonomy":"read_online","embeddable":true,"href":"https:\/\/vopus.org\/pt-br\/wp-json\/wp\/v2\/read_online?post=7854"},{"taxonomy":"author_tax","embeddable":true,"href":"https:\/\/vopus.org\/pt-br\/wp-json\/wp\/v2\/author_tax?post=7854"}],"curies":[{"name":"wp","href":"https:\/\/api.w.org\/{rel}","templated":true}]}}