{"id":6457,"date":"2023-03-03T13:10:50","date_gmt":"2023-03-03T16:10:50","guid":{"rendered":"https:\/\/vopus.org\/oracion-a-la-madre-divina-para-la-comprension-del-yo\/"},"modified":"2023-03-03T13:10:51","modified_gmt":"2023-03-03T16:10:51","slug":"oracao-a-mae-divina-para-a-compreensao-do-eu","status":"publish","type":"post","link":"https:\/\/vopus.org\/pt-br\/oracao-a-mae-divina-para-a-compreensao-do-eu\/","title":{"rendered":"Ora\u00e7\u00e3o \u00e0 M\u00e3e Divina para a compreens\u00e3o do eu"},"content":{"rendered":"\n<p>O disc\u00edpulo aprender\u00e1 a <strong>pedir ajuda de sua M\u00e3e Interior Profunda<\/strong> para a compreens\u00e3o das entidades energ\u00e9ticas que personificam seus defeitos psicol\u00f3gicos.<\/p>\n\n\n\n<p>Primeiramente, se sentar\u00e1 em uma poltrona confort\u00e1vel e far\u00e1 uma an\u00e1lise profunda de um de seus defeitos psicol\u00f3gicos que o molestam mais durante esta temporada. Se se tratasse, por exemplo, de um defeito de ira, analisar\u00e1 situa\u00e7\u00f5es onde tenha se manifestado tal defeito, e colocar\u00e1 a aten\u00e7\u00e3o nas manifesta\u00e7\u00f5es da ira em todos os centros de sua m\u00e1quina. Analisar\u00e1 os pensamentos que gera esse Eu, as emoc\u00f5es que se destacam, o comportamento equivocado que produz, suas manifesta\u00e7\u00f5es no centro instintivo e no centro sexual.<\/p>\n\n\n\n<p>O importante \u00e9 que o estudante sinta dor e remorso pela maneira de sentir, pensar e agir que tem devido aos defeitos que abriga em sua psique.<\/p>\n\n\n\n<p>Uma vez feita esta reflex\u00e3o, o estudante <strong>invocar\u00e1 sua M\u00e3e Divina, utilizando o mantra SOLU SIGI SIG<\/strong>, que se pronuncia desta maneira:<br>SSSSSOOOOOLLLLLUUUUU, SSSSSIIIIIGGGGGIIIII, SSSSSIIIIIGGGGG.<\/p>\n\n\n\n<p>Vocalizar\u00e1 letra por letra, alongando o som de cada letra, tal como aqui acabamos de indicar. O importante \u00e9 prolongar o som de cada vogal. A vogal S \u00e9 como um assovio doce e suave.<\/p>\n\n\n\n<p>O estudante pedir\u00e1 com palavras simples luz, compreens\u00e3o e morte nos defeitos psicol\u00f3gicos que acaba de analisar. Ent\u00e3o, o estudante ficar\u00e1 com a mente em paz, em profunda medita\u00e7\u00e3o. Dessa forma surgir\u00e1 de maneira natural a compreens\u00e3o de seus estados psicol\u00f3gicos equivocados.<\/p>\n\n\n\n<p>Se procede da mesma forma para qualquer outro defeito psicol\u00f3gico, seja qual for (orgulho, vaidade, lux\u00faria, gula, soberba, pregui\u00e7a, etc., etc.).<\/p>\n\n\n\n<p class=\"has-text-align-right\"><strong>Samael Aun Weor<\/strong><br><em>Rosa \u00cdgnea, cap\u00edtulo 31<\/em><br><em>Ora\u00e7\u00e3o \u00e0 M\u00e3e Divina para a compreens\u00e3o do eu<\/em><\/p>\n","protected":false},"excerpt":{"rendered":"<p>O disc\u00edpulo aprender\u00e1 a pedir ajuda de sua M\u00e3e Interior Profunda para a compreens\u00e3o das entidades energ\u00e9ticas que personificam seus defeitos psicol\u00f3gicos.<\/p>\n","protected":false},"author":5,"featured_media":6458,"comment_status":"open","ping_status":"open","sticky":false,"template":"","format":"standard","meta":{"footnotes":"","_links_to":"","_links_to_target":""},"categories":[206,214],"tags":[],"contenido":[296],"fuente":[49],"pilar":[],"fase":[],"conferencia":[],"read_online":[],"author_tax":[316],"class_list":["post-6457","post","type-post","status-publish","format-standard","has-post-thumbnail","hentry","category-meditacao","category-misticismo-pt-br","contenido-praticas","fuente-maestro","author_tax-v-m-samael-aun-weor-pt-br"],"_links":{"self":[{"href":"https:\/\/vopus.org\/pt-br\/wp-json\/wp\/v2\/posts\/6457","targetHints":{"allow":["GET"]}}],"collection":[{"href":"https:\/\/vopus.org\/pt-br\/wp-json\/wp\/v2\/posts"}],"about":[{"href":"https:\/\/vopus.org\/pt-br\/wp-json\/wp\/v2\/types\/post"}],"author":[{"embeddable":true,"href":"https:\/\/vopus.org\/pt-br\/wp-json\/wp\/v2\/users\/5"}],"replies":[{"embeddable":true,"href":"https:\/\/vopus.org\/pt-br\/wp-json\/wp\/v2\/comments?post=6457"}],"version-history":[{"count":0,"href":"https:\/\/vopus.org\/pt-br\/wp-json\/wp\/v2\/posts\/6457\/revisions"}],"wp:featuredmedia":[{"embeddable":true,"href":"https:\/\/vopus.org\/pt-br\/wp-json\/wp\/v2\/media\/6458"}],"wp:attachment":[{"href":"https:\/\/vopus.org\/pt-br\/wp-json\/wp\/v2\/media?parent=6457"}],"wp:term":[{"taxonomy":"category","embeddable":true,"href":"https:\/\/vopus.org\/pt-br\/wp-json\/wp\/v2\/categories?post=6457"},{"taxonomy":"post_tag","embeddable":true,"href":"https:\/\/vopus.org\/pt-br\/wp-json\/wp\/v2\/tags?post=6457"},{"taxonomy":"contenido","embeddable":true,"href":"https:\/\/vopus.org\/pt-br\/wp-json\/wp\/v2\/contenido?post=6457"},{"taxonomy":"fuente","embeddable":true,"href":"https:\/\/vopus.org\/pt-br\/wp-json\/wp\/v2\/fuente?post=6457"},{"taxonomy":"pilar","embeddable":true,"href":"https:\/\/vopus.org\/pt-br\/wp-json\/wp\/v2\/pilar?post=6457"},{"taxonomy":"fase","embeddable":true,"href":"https:\/\/vopus.org\/pt-br\/wp-json\/wp\/v2\/fase?post=6457"},{"taxonomy":"conferencia","embeddable":true,"href":"https:\/\/vopus.org\/pt-br\/wp-json\/wp\/v2\/conferencia?post=6457"},{"taxonomy":"read_online","embeddable":true,"href":"https:\/\/vopus.org\/pt-br\/wp-json\/wp\/v2\/read_online?post=6457"},{"taxonomy":"author_tax","embeddable":true,"href":"https:\/\/vopus.org\/pt-br\/wp-json\/wp\/v2\/author_tax?post=6457"}],"curies":[{"name":"wp","href":"https:\/\/api.w.org\/{rel}","templated":true}]}}