{"id":5661,"date":"2020-07-19T13:34:20","date_gmt":"2020-07-19T11:34:20","guid":{"rendered":"https:\/\/vopus.org\/magia-de-las-rosas-para-curar-penas-morales\/"},"modified":"2021-02-09T17:20:23","modified_gmt":"2021-02-09T16:20:23","slug":"magia-de-las-rosas-para-curar-penas-morales","status":"publish","type":"post","link":"https:\/\/vopus.org\/pt-br\/magia-de-las-rosas-para-curar-penas-morales\/","title":{"rendered":"Magia das rosas para curar penas morais"},"content":{"rendered":"As enfermidades morais s\u00e3o curadas apenas pela magia das rosas. Aquelas pessoas que est\u00e3o doentes em consequ\u00eancia de alguma facada espiritual podem ser curadas com a magia das rosas. Aquelas pobres almas que tenham alguma pena moral muito profunda, devem curar-se com a magia das rosas.\n [\u2026]\n Em uma mesa s\u00e3o colocados tr\u00eas copos de vidro cheios de \u00e1gua pura, e em cada copo uma rosa. Esses copos ser\u00e3o colocados formando um tri\u00e2ngulo: Norte, Oriente e Ocidente. Cada copo dever\u00e1 ser aben\u00e7oado pelo pr\u00f3prio interessado, e este tomar\u00e1 os tr\u00eas copos di\u00e1rios desta \u00e1gua de rosas na seguinte ordem: antes do caf\u00e9 da manh\u00e3, o copo do Oriente; antes do almo\u00e7o, o copo do Norte; e antes do jantar, o copo do Ocidente.\n Este tratamento dever\u00e1 ser acompanhado de uma s\u00faplica sincera ao \u00cdntimo e \u00e0 Fraternidade Branca para que o ajudem a sair da dor moral em que se encontra. Com esta f\u00f3rmula sustentada por v\u00e1rios dias, qualquer pena moral ser\u00e1 curada por mais grave que seja.\n Nota. Conv\u00e9m que a pessoa necessitada colha as rosas diretamente em uma roseira, e antes ore ao seu Intercessor Elemental rogando-lhe a cura moral que requer. Deve saber tamb\u00e9m o nosso am\u00e1vel leitor, que depois de consumida a \u00e1gua de um copo, esta se reabastece, e que a pr\u00e1tica deve ser feita at\u00e9 que a \u00faltima rosa murche. Isso significa que, se as p\u00e9talas de uma rosa ca\u00edrem, a pr\u00e1tica com as outras duas rosas continua \u2013 tomando neste caso apenas a \u00e1gua desses dois copos \u2013 e assim at\u00e9 que a \u00faltima rosa fique sem p\u00e9talas.<p><\/p>\n<p style=\"text-align:right\"><strong>Samael Aun Weor<\/strong><br><em>Tratado de Medicina Oculta e Magia Pr\u00e1tica, cap\u00edtulo &#8220;Estudo e exerc\u00edcio da Magia Elemental&#8221;<\/em><\/p>\n","protected":false},"excerpt":{"rendered":"<p>As enfermidades morais s\u00e3o curadas apenas pela magia das rosas. Aquelas pessoas que est\u00e3o doentes em consequ\u00eancia de alguma facada espiritual podem ser curadas com a magia das rosas. Aquelas&#8230;<\/p>\n","protected":false},"author":9,"featured_media":5662,"comment_status":"open","ping_status":"open","sticky":false,"template":"","format":"standard","meta":{"footnotes":"","_links_to":"","_links_to_target":""},"categories":[225],"tags":[],"contenido":[296],"fuente":[],"pilar":[],"fase":[],"conferencia":[],"read_online":[],"author_tax":[345],"class_list":["post-5661","post","type-post","status-publish","format-standard","has-post-thumbnail","hentry","category-magia-pt-br","contenido-praticas","author_tax-vopus-editorial-pt-br"],"_links":{"self":[{"href":"https:\/\/vopus.org\/pt-br\/wp-json\/wp\/v2\/posts\/5661","targetHints":{"allow":["GET"]}}],"collection":[{"href":"https:\/\/vopus.org\/pt-br\/wp-json\/wp\/v2\/posts"}],"about":[{"href":"https:\/\/vopus.org\/pt-br\/wp-json\/wp\/v2\/types\/post"}],"author":[{"embeddable":true,"href":"https:\/\/vopus.org\/pt-br\/wp-json\/wp\/v2\/users\/9"}],"replies":[{"embeddable":true,"href":"https:\/\/vopus.org\/pt-br\/wp-json\/wp\/v2\/comments?post=5661"}],"version-history":[{"count":0,"href":"https:\/\/vopus.org\/pt-br\/wp-json\/wp\/v2\/posts\/5661\/revisions"}],"wp:featuredmedia":[{"embeddable":true,"href":"https:\/\/vopus.org\/pt-br\/wp-json\/wp\/v2\/media\/5662"}],"wp:attachment":[{"href":"https:\/\/vopus.org\/pt-br\/wp-json\/wp\/v2\/media?parent=5661"}],"wp:term":[{"taxonomy":"category","embeddable":true,"href":"https:\/\/vopus.org\/pt-br\/wp-json\/wp\/v2\/categories?post=5661"},{"taxonomy":"post_tag","embeddable":true,"href":"https:\/\/vopus.org\/pt-br\/wp-json\/wp\/v2\/tags?post=5661"},{"taxonomy":"contenido","embeddable":true,"href":"https:\/\/vopus.org\/pt-br\/wp-json\/wp\/v2\/contenido?post=5661"},{"taxonomy":"fuente","embeddable":true,"href":"https:\/\/vopus.org\/pt-br\/wp-json\/wp\/v2\/fuente?post=5661"},{"taxonomy":"pilar","embeddable":true,"href":"https:\/\/vopus.org\/pt-br\/wp-json\/wp\/v2\/pilar?post=5661"},{"taxonomy":"fase","embeddable":true,"href":"https:\/\/vopus.org\/pt-br\/wp-json\/wp\/v2\/fase?post=5661"},{"taxonomy":"conferencia","embeddable":true,"href":"https:\/\/vopus.org\/pt-br\/wp-json\/wp\/v2\/conferencia?post=5661"},{"taxonomy":"read_online","embeddable":true,"href":"https:\/\/vopus.org\/pt-br\/wp-json\/wp\/v2\/read_online?post=5661"},{"taxonomy":"author_tax","embeddable":true,"href":"https:\/\/vopus.org\/pt-br\/wp-json\/wp\/v2\/author_tax?post=5661"}],"curies":[{"name":"wp","href":"https:\/\/api.w.org\/{rel}","templated":true}]}}