{"id":19381,"date":"2022-07-12T11:51:18","date_gmt":"2022-07-12T14:51:18","guid":{"rendered":"https:\/\/vopus.org\/la-tragedia-de-la-naturaleza-y-la-salvacion-espiritual-del-hombre\/"},"modified":"2022-07-12T11:52:32","modified_gmt":"2022-07-12T14:52:32","slug":"a-tragedia-da-natureza-e-a-salvacao-individual-do-homem","status":"publish","type":"post","link":"https:\/\/vopus.org\/pt-br\/a-tragedia-da-natureza-e-a-salvacao-individual-do-homem\/","title":{"rendered":"A trag\u00e9dia da Natureza e a salva\u00e7\u00e3o individual do Homem"},"content":{"rendered":"\n<p>1. &#8211; A humanidade inteira \u00e9 um \u00f3rg\u00e3o da Natureza, um \u00f3rg\u00e3o encarregado, precisamente, de assimilar e eliminar determinadas subst\u00e2ncia e for\u00e7as.<\/p>\n\n\n\n<p>2. &#8211; Existimos sobre a face da Terra, exclusivamente, com o prop\u00f3sito de servir \u00e0 economia da Natureza<\/p>\n\n\n\n<p>3. &#8211; Cada um de n\u00f3s \u00e9 uma m\u00e1quina encarregada de captar determinados tipos e subtipos de energia c\u00f3smica. Cada m\u00e1quina humana transforma os distintos tipos de Energia e as retransmite \u00e0s camadas interiores do organismo planet\u00e1rio. Somos m\u00e1quinas \u00e0 servi\u00e7o da economia da Natureza<\/p>\n\n\n\n<p>4. &#8211; Assim pois, a vida org\u00e2nica \u00e9 necess\u00e1ria para a Terra, sem a vida org\u00e2nica, a Terra se converteria em um grande deserto, em um grande Saara.<\/p>\n\n\n\n<p>5. &#8211; Os insetos mais insignificantes captam determinadas modalidades de Energia que logo, depois de transformar, a retransmitem \u00e0s camadas interiores do organismo planet\u00e1rio em que vivemos.<\/p>\n\n\n\n<p>6. &#8211; Na epiderme da Terra, existe, a vida org\u00e2nica. As \u00e1rvores, os animais, as pessoas, s\u00e3o necess\u00e1rios para a vida da Terra. As \u00e1rvores atraem determinados tipos e subtipos de energia c\u00f3smica, a transformam e logo a retransmitem \u00e0s camadas interiores da Terra.<\/p>\n\n\n\n<p><a><\/a> 7. &#8211; Os fertilizantes qu\u00edmicos est\u00e3o atualmente esterilizando a Terra. Os bosques est\u00e3o sendo derrubados, as cidades est\u00e3o cheias de smog. H\u00e1 cientistas que afirmam que ao passo que vamos dentro de 40 anos a humanidade haver\u00e1 acabado por causa do smog. Assim pois, os rios, os mares, a atmosfera est\u00e3o contaminados.<\/p>\n\n\n\n<p>8. &#8211; Desgra\u00e7adamente, tudo est\u00e1 sendo alterado: Os ca\u00e7adores est\u00e3o acabando com todas as ESP\u00c9CIES ANIMAIS. Na \u00c1frica foram feitas as famosas reservas porque os ca\u00e7adores j\u00e1 n\u00e3o estavam deixando viva criatura alguma, estavam acabando com as esp\u00e9cies da Natureza.<\/p>\n\n\n\n<p>9. &#8211; Os BOSQUES t\u00e3o necess\u00e1rios para vida, est\u00e3o sendo DERRUBADOS, os FRUTOS da Terra foram ADULTERADOS pelos sabich\u00f5es, j\u00e1 \u00e9 dificil conseguir ma\u00e7\u00e3s puras e sem adultera\u00e7\u00e3o. Uma \u00e1rvore que n\u00e3o tenha sido adulterada, uma \u00e1rvore sem enxertos, atrai especificamente a Energia C\u00f3smica que lhe corresponde, e logo a transforma e transmite \u00e0s camadas interiores da Terra. Mas uma \u00e1rvore que foi enxertada, j\u00e1 n\u00e3o pode cumprir t\u00e3o preciosa miss\u00e3o, e seus frutos j\u00e1 est\u00e3o tamb\u00e9m adulterados. J\u00e1 n\u00e3o capturam, j\u00e1 n\u00e3o se carregam com essa Energia C\u00f3smica maravilhosa com que antes se costumavam carregar, e dentro do organismo humano, j\u00e1 n\u00e3o levam os mesmos Princ\u00edpios Vitais que antes.<\/p>\n\n\n\n<p>10. &#8211; Assim pois, hoje em dia vemos, sobretudo na Calif\u00f3rnia do Norte, frutos bel\u00edssimos que s\u00e3o uma festa para nossos olhos, mas que realmente produzem no organismo, os mesmos efeitos que produzem os frutos que n\u00e3o foram adulterados pelo enxertos. Ao passo que vamos, a Terra inteira est\u00e1 sendo submetida a uma pavorosa agonia, e isto tem que chegar a um fim.<\/p>\n\n\n\n<p>11. &#8211; Este planeta est\u00e1 submetido agora a uma grande agonia. Os PEIXES do imenso mar est\u00e3o MORRENDO, porque AS \u00c1GUAS EST\u00c3O CONTAMINADAS. N\u00e3o h\u00e1 d\u00favidas que os Oceanos se converteram em grandes lixeiras. Os DESPERD\u00cdCIOS AT\u00d4MICOS podem ocasionar, a qualquer momento, cat\u00e1strofes tremendas. Os recipientes que se usam para guardar os res\u00edduos at\u00f4micos realmente n\u00e3o servem, e a qualquer momento repito, podem provocar grandes cat\u00e1strofes<\/p>\n\n\n\n<p>12. &#8211; Os TERREMOTOS est\u00e3o se intensificando de instante em instante, de momento em momento.<\/p>\n\n\n\n<p>Ocorre que no fundo dos oceanos, a terra est\u00e1 rachada; um sistema de RACHADURAS existe nos leitos dos Oceanos Atl\u00e2ntico e Pac\u00edfico. Algumas rachaduras dessas j\u00e1 s\u00e3o t\u00e3o profundas que o oceano est\u00e1 penetrando dentro delas e entrou em contato com o fogo que circula dentro do interior da Terra<\/p>\n\n\n\n<p>13. &#8211; Em consequ\u00eancia disso, se produzem vapores e press\u00f5es que aumentam de instante em instante, de momento em momento. Essa \u00e9 a causa secreta de tantos e tantos terremotos que est\u00e3o acontecendo por esta \u00e9poca.<\/p>\n\n\n\n<p>14. &#8211; J\u00e1 n\u00e3o convence a ningu\u00e9m aquela teoria de que <em>&#8220;tal ou qual terremoto se deveu simplesmente a<\/em> <em>uma mudan\u00e7a, ou a um movimento, ou a um deslizamento de determinadas camadas geol\u00f3gicas&#8221;. <\/em>A crua realidade \u00e9 que t\u00e3o pronto treme em um pa\u00eds como treme em outro, e cada dia os terremotos tornam-se mais e mais intensos; nisso n\u00e3o cabe a menor d\u00favida.<\/p>\n\n\n\n<p>Se acrescenta a isso as EXPLOS\u00d5ES AT\u00d4MICAS que &#8220;t\u00edrios e troianos&#8221; est\u00e3o realizando dentro do interior do planeta Terra, n\u00e3o pode nos surpreender que em qualquer momento haja, pois, alguma grande cat\u00e1strofe.<\/p>\n\n\n\n<p>15.- O homem est\u00e1 contido na Natureza e a Natureza no homem; e se n\u00e3o descobrirmos as Leis da Natureza dentro de n\u00f3s mesmos, n\u00e3o as descobriremos fora de si mesmos, nunca jamais.<\/p>\n\n\n\n<p>16.- Podemos tra\u00e7ar lindos planos em rela\u00e7\u00e3o a um mundo sem fronteiras, a um \u00e9den terreno, mas se continuarmos como estamos, se n\u00e3o eliminarmos, precisamente, de nossa natureza, os fatores psicol\u00f3gicos que produzem guerras no mundo, os fatores psicol\u00f3gicos que produzem disc\u00f3rdia, os fatores psicol\u00f3gicos que produzem \u00f3dio, etc., o mundo ir\u00e1 de mal a pior.<\/p>\n\n\n\n<p>17. &#8211; O Gn\u00f3stico conceitua que a exist\u00eancia \u00e9 toda integral, \u00fanica. Pensa o Movimento Gn\u00f3stico que n\u00e3o existe tal <em>&#8220;al\u00e9m&#8221;, <\/em>que tudo est\u00e1 dentro de n\u00f3s mesmos, aqui e agora. Se n\u00f3s chegamos a conhecer a si mesmos, ou seja, a conhecer nossos pr\u00f3prios mundos interiores, nossa pr\u00f3pria vida interior psicol\u00f3gica, conheceremos a vida interior psicol\u00f3gica de todo o planeta Terra e de todo o Universo em geral.<\/p>\n\n\n\n<p>18.- O Gn\u00f3stico jamais negou os princ\u00edpios an\u00edmicos, \u00e9tnicos ou espirituais das pessoas; apenas afirma de forma enf\u00e1tica que: dentro de n\u00f3s mesmos est\u00e1 tudo; que devemos autoexplorar-nos para nos autoconhecer. No dia em que n\u00f3s tenhamos dissolvido o Ego, conheceremos o Universo e os Deuses; no dia em que n\u00f3s tenhamos dissolvido o Ego animal, falando no sentido mais completo da palavra, viremos experimentar, por si mesmos e de forma direta, isso que se chama Alma, isso que \u00e9 o Ser.<\/p>\n","protected":false},"excerpt":{"rendered":"<p>La humanidad entera es un\u00a0\u00f3rgano de la Naturaleza,\u00a0un \u00f3rgano encargado, precisamente, de asimilar y eliminar determinadas\u00a0substancias y fuerzas.\u00a0A trag\u00e9dia da Natureza e a salva\u00e7\u00e3o individual do Homem<\/p>\n","protected":false},"author":5,"featured_media":6285,"comment_status":"open","ping_status":"open","sticky":false,"template":"","format":"standard","meta":{"footnotes":"","_links_to":"","_links_to_target":""},"categories":[141,149,152],"tags":[],"contenido":[274],"fuente":[49],"pilar":[],"fase":[],"conferencia":[],"read_online":[],"author_tax":[316],"class_list":["post-19381","post","type-post","status-publish","format-standard","has-post-thumbnail","hentry","category-metafisica-pt-br","category-vida-e-morte","category-atualidade","contenido-artigos","fuente-maestro","author_tax-v-m-samael-aun-weor-pt-br"],"_links":{"self":[{"href":"https:\/\/vopus.org\/pt-br\/wp-json\/wp\/v2\/posts\/19381","targetHints":{"allow":["GET"]}}],"collection":[{"href":"https:\/\/vopus.org\/pt-br\/wp-json\/wp\/v2\/posts"}],"about":[{"href":"https:\/\/vopus.org\/pt-br\/wp-json\/wp\/v2\/types\/post"}],"author":[{"embeddable":true,"href":"https:\/\/vopus.org\/pt-br\/wp-json\/wp\/v2\/users\/5"}],"replies":[{"embeddable":true,"href":"https:\/\/vopus.org\/pt-br\/wp-json\/wp\/v2\/comments?post=19381"}],"version-history":[{"count":0,"href":"https:\/\/vopus.org\/pt-br\/wp-json\/wp\/v2\/posts\/19381\/revisions"}],"wp:featuredmedia":[{"embeddable":true,"href":"https:\/\/vopus.org\/pt-br\/wp-json\/wp\/v2\/media\/6285"}],"wp:attachment":[{"href":"https:\/\/vopus.org\/pt-br\/wp-json\/wp\/v2\/media?parent=19381"}],"wp:term":[{"taxonomy":"category","embeddable":true,"href":"https:\/\/vopus.org\/pt-br\/wp-json\/wp\/v2\/categories?post=19381"},{"taxonomy":"post_tag","embeddable":true,"href":"https:\/\/vopus.org\/pt-br\/wp-json\/wp\/v2\/tags?post=19381"},{"taxonomy":"contenido","embeddable":true,"href":"https:\/\/vopus.org\/pt-br\/wp-json\/wp\/v2\/contenido?post=19381"},{"taxonomy":"fuente","embeddable":true,"href":"https:\/\/vopus.org\/pt-br\/wp-json\/wp\/v2\/fuente?post=19381"},{"taxonomy":"pilar","embeddable":true,"href":"https:\/\/vopus.org\/pt-br\/wp-json\/wp\/v2\/pilar?post=19381"},{"taxonomy":"fase","embeddable":true,"href":"https:\/\/vopus.org\/pt-br\/wp-json\/wp\/v2\/fase?post=19381"},{"taxonomy":"conferencia","embeddable":true,"href":"https:\/\/vopus.org\/pt-br\/wp-json\/wp\/v2\/conferencia?post=19381"},{"taxonomy":"read_online","embeddable":true,"href":"https:\/\/vopus.org\/pt-br\/wp-json\/wp\/v2\/read_online?post=19381"},{"taxonomy":"author_tax","embeddable":true,"href":"https:\/\/vopus.org\/pt-br\/wp-json\/wp\/v2\/author_tax?post=19381"}],"curies":[{"name":"wp","href":"https:\/\/api.w.org\/{rel}","templated":true}]}}