{"id":31852,"date":"2023-12-07T11:58:19","date_gmt":"2023-12-07T14:58:19","guid":{"rendered":"https:\/\/vopus.org\/el-extasis-de-santa-cecilia\/"},"modified":"2023-12-07T11:59:24","modified_gmt":"2023-12-07T14:59:24","slug":"l-estasi-di-santa-cecilia","status":"publish","type":"post","link":"https:\/\/vopus.org\/it\/l-estasi-di-santa-cecilia\/","title":{"rendered":"L\u2019estasi di Santa Cecilia"},"content":{"rendered":"\n<p>Carissimi\/e amici\/che,<\/p>\n\n\n\n<p>mi permetto di inviarvi quest\u2019opera artistica creata tra gli anni 1483&nbsp; e 1520 dall\u2019artista italiano e architetto chiamato Raffaello Sanzio. Il titolo che porta \u00e8\u2026<\/p>\n\n\n\n<h2 class=\"wp-block-heading has-text-align-center\"><strong>\u2026 L\u2019ESTASI DI SANTA CECILIA<\/strong><\/h2>\n\n\n\n<p>Entrando nel nostro tema, cominceremo col dire che quest\u2019opera si trova nella Pinacoteca Nazionale di Bologna, in Italia.<\/p>\n\n\n\n<p>Gli storici ci dicono quanto segue:<\/p>\n\n\n\n<blockquote class=\"wp-block-quote is-layout-flow wp-block-quote-is-layout-flow\">\n<p><em><em>\u00abCecilia di Roma, pi\u00f9 nota come Santa Cecilia, fu una nobile romana convertita al cristianesimo e martirizzata per la sua fede in una data non determinata, tra gli anni 180 e 350. \u00c8 considerata patrona della musica sacra e in suo onore un importante movimento di rinnovamento della musica sacra della fine del secolo XIX ricevette il nome di cecilianesimo. I suoi attributi sono l\u2019organo, il liuto e le rose.<\/em><\/em><\/p>\n\n\n\n<p><em><em>Nel libro Martyrologium hieronymianum si menziona: \u201cAppi\u00e2 vi\u00e2 in e\u00e2dem urbe Rom\u00e2 natale et passio s\u00e1nct\u00e6 Cec\u00edli\u00e6 virginia\u201d. \u2018Nella Via Appia della citt\u00e0 di Roma nacque e mor\u00ed Santa Cecilia vergine\u2019\u00bb.<\/em><\/em><\/p>\n<\/blockquote>\n\n\n<div class=\"wp-block-image\">\n<figure class=\"alignright size-medium is-resized\"><img decoding=\"async\" src=\"https:\/\/vopus.org\/wp-content\/uploads\/2023\/11\/el-extasis-de-santa-cecilia-raffaello-sanzio-480x739.jpg\" alt=\"L\u2019estasi di Santa Cecilia, Raffaello Sanzio\" class=\"wp-image-31658\" width=\"360\" height=\"554\" title=\"L\u2019estasi di Santa Cecilia, Raffaello Sanzio\" srcset=\"https:\/\/vopus.org\/wp-content\/uploads\/2023\/11\/el-extasis-de-santa-cecilia-raffaello-sanzio-480x739.jpg 480w, https:\/\/vopus.org\/wp-content\/uploads\/2023\/11\/el-extasis-de-santa-cecilia-raffaello-sanzio-960x1478.jpg 960w, https:\/\/vopus.org\/wp-content\/uploads\/2023\/11\/el-extasis-de-santa-cecilia-raffaello-sanzio-768x1182.jpg 768w, https:\/\/vopus.org\/wp-content\/uploads\/2023\/11\/el-extasis-de-santa-cecilia-raffaello-sanzio.jpg 602w\" sizes=\"(max-width: 360px) 100vw, 360px\" \/><figcaption class=\"wp-element-caption\"><em><strong><em>L\u2019estasi di Santa Cecilia<\/em><\/strong>, Raffaello Sanzio<\/em><\/figcaption><\/figure><\/div>\n\n\n<p>La pittura ci mostra Santa Cecilia, vestita con una bella veste dorata, mentre alza gli occhi al cielo e sostiene un organo tra le mani. L\u2019organo fu uno strumento musicale molto venerato durante il Medio Evo e il Rinascimento poich\u00e9 la musica che questo strumento emette \u00e8 assai spirituale.<\/p>\n\n\n\n<p>Alla sua destra c\u2019\u00e8 Giovanni Evangelista. Non dimentichiamo che Giovanni rappresenta il verbo rivelatore.<\/p>\n\n\n\n<p>Poi vediamo un\u2019aquila seduta su un libro chiuso, il che ci segnala che solamente per ispirazione divina si possono interpretare i libri sacri. Tale ispirazione \u00e8 indicata dall\u2019aquila.<\/p>\n\n\n\n<p>Sul lato vediamo l\u2019Apostolo San Paolo che si appoggia sulla spada, contemplando gli strumenti musicali che giacciono ai suoi piedi. Si nota che il violino \u00e8 senza corde. Il violino con le corde spezzate allegorizza la musica profana, in quanto ne \u00e8 un ingrediente fondamentale.<\/p>\n\n\n\n<p>A sinistra vediamo Agostino d\u2019Ippona con il suo bacolo (354-430), primo filosofo importante dell\u2019era cristiana, vescovo di Ippona (citt\u00e0 dell\u2019attuale Algeria), durante gli ultimi anni dell\u2019Impero romano.<\/p>\n\n\n\n<p>Finalmente apprezziamo Maria Maddalena che sostiene un fiasco di alabastro. Il fatto che Maria Maddalena sia presente in questa rappresentazione pittorica \u00e8 per indicarci che tutti gli integranti di quest\u2019opera erano a conoscenza dell\u2019<strong><em>ars<\/em><\/strong><strong>trasmutatoria o del segreto che racchiude l\u2019Arcano A.Z.F.<\/strong><\/p>\n\n\n\n<p>D\u2019altra parte \u00e8 bene segnalare che il semplice cinturone di Santa Cecilia fu un simbolo rinascimentale tradizionale della <strong>castit\u00e0<\/strong>.<\/p>\n\n\n\n<p>Nella parte superiore di questa rappresentazione artistica possiamo osservare angeli raffigurati come bambini, che sono l\u2019ispirazione percepita da Santa Cecilia per elaborare i suoi canti sacri e le sue mistiche interpretazioni musicali.<\/p>\n\n\n\n<p>Permettetemi di aggiungere ora per voi alcune frasi che meritano la nostra riflessione:&nbsp;<\/p>\n\n\n\n<p><strong><em>\u00abLa tradizione religiosa \u00e8 l\u2019asse di diamante sul quale gira il nostro passato\u00bb.<\/em><\/strong><br>B\u00e9cquer<\/p>\n\n\n\n<p><strong><em>\u00abIl vero dovere filiale consiste nel portare a termine con successo i lavori che non completarono i nostri genitori, e nel trasmettere le loro conquiste alla posterit\u00e0\u00bb.<\/em><\/strong><br>Confucio<\/p>\n\n\n\n<p><strong><em>\u00abLa tradizione, meglio di tutti i trattati di cerimoniale e del codice delle usanze alla moda, indica la maniera di adattarsi a seconda delle circostanze. Solamente la tradizione non si acquisisce\u00bb.<\/em><\/strong><br>Rub\u00e9n Dar\u00edo<\/p>\n\n\n\n<p><strong><em>\u00abI veri uomini progressisti sono quelli cha partono da un rispetto profondo del passato\u00bb.<\/em><\/strong><br>Ren\u00e1n<\/p>\n\n\n\n<p><strong><em>\u00abLa persona pi\u00f9 facile da ingannare e tradire \u00e8 s\u00e9 stesso\u00bb.<\/em><\/strong><br>Lytton<\/p>\n\n\n\n<p class=\"has-text-align-center\"><strong><em>CONDITIO SINE QUA NON.<\/em><\/strong><br>\u2018Condizione senza la quale non \u00e8 possibile niente\u2019.<\/p>\n\n\n\n<p class=\"has-text-align-center\"><strong>KWEN KHAN KHU<\/strong><\/p>\n","protected":false},"excerpt":{"rendered":"<p>La pittura ci mostra Santa Cecilia, vestida con una bella veste dorata, mentre alza gli occhi al cielo e sostiene un organo tra le mani. <\/p>\n","protected":false},"author":4,"featured_media":31679,"comment_status":"open","ping_status":"open","sticky":false,"template":"","format":"standard","meta":{"footnotes":"","_links_to":"","_links_to_target":""},"categories":[428,479,472],"tags":[644,645,707,767],"contenido":[371],"fuente":[49],"pilar":[],"fase":[],"conferencia":[],"read_online":[],"author_tax":[395],"class_list":["post-31852","post","type-post","status-publish","format-standard","has-post-thumbnail","hentry","category-misticismo-it","category-simboli-universali","category-messaggi-vm-kwen-khan-khu","tag-mensajes-del-v-m-kwen-khan-khu-it","tag-simbolismo-it","tag-arte-it","tag-primeros-cristianos-it","contenido-articoli","fuente-maestro","author_tax-v-m-kwen-khan-khu-it"],"_links":{"self":[{"href":"https:\/\/vopus.org\/it\/wp-json\/wp\/v2\/posts\/31852","targetHints":{"allow":["GET"]}}],"collection":[{"href":"https:\/\/vopus.org\/it\/wp-json\/wp\/v2\/posts"}],"about":[{"href":"https:\/\/vopus.org\/it\/wp-json\/wp\/v2\/types\/post"}],"author":[{"embeddable":true,"href":"https:\/\/vopus.org\/it\/wp-json\/wp\/v2\/users\/4"}],"replies":[{"embeddable":true,"href":"https:\/\/vopus.org\/it\/wp-json\/wp\/v2\/comments?post=31852"}],"version-history":[{"count":2,"href":"https:\/\/vopus.org\/it\/wp-json\/wp\/v2\/posts\/31852\/revisions"}],"predecessor-version":[{"id":31856,"href":"https:\/\/vopus.org\/it\/wp-json\/wp\/v2\/posts\/31852\/revisions\/31856"}],"wp:featuredmedia":[{"embeddable":true,"href":"https:\/\/vopus.org\/it\/wp-json\/wp\/v2\/media\/31679"}],"wp:attachment":[{"href":"https:\/\/vopus.org\/it\/wp-json\/wp\/v2\/media?parent=31852"}],"wp:term":[{"taxonomy":"category","embeddable":true,"href":"https:\/\/vopus.org\/it\/wp-json\/wp\/v2\/categories?post=31852"},{"taxonomy":"post_tag","embeddable":true,"href":"https:\/\/vopus.org\/it\/wp-json\/wp\/v2\/tags?post=31852"},{"taxonomy":"contenido","embeddable":true,"href":"https:\/\/vopus.org\/it\/wp-json\/wp\/v2\/contenido?post=31852"},{"taxonomy":"fuente","embeddable":true,"href":"https:\/\/vopus.org\/it\/wp-json\/wp\/v2\/fuente?post=31852"},{"taxonomy":"pilar","embeddable":true,"href":"https:\/\/vopus.org\/it\/wp-json\/wp\/v2\/pilar?post=31852"},{"taxonomy":"fase","embeddable":true,"href":"https:\/\/vopus.org\/it\/wp-json\/wp\/v2\/fase?post=31852"},{"taxonomy":"conferencia","embeddable":true,"href":"https:\/\/vopus.org\/it\/wp-json\/wp\/v2\/conferencia?post=31852"},{"taxonomy":"read_online","embeddable":true,"href":"https:\/\/vopus.org\/it\/wp-json\/wp\/v2\/read_online?post=31852"},{"taxonomy":"author_tax","embeddable":true,"href":"https:\/\/vopus.org\/it\/wp-json\/wp\/v2\/author_tax?post=31852"}],"curies":[{"name":"wp","href":"https:\/\/api.w.org\/{rel}","templated":true}]}}