{"id":14521,"date":"2021-07-31T05:32:11","date_gmt":"2021-07-31T03:32:11","guid":{"rendered":"https:\/\/vopus.org\/pratica-con-la-donzella-dei-ricordi\/"},"modified":"2021-07-31T05:32:11","modified_gmt":"2021-07-31T03:32:11","slug":"pratica-con-la-donzella-dei-ricordi","status":"publish","type":"post","link":"https:\/\/vopus.org\/it\/pratica-con-la-donzella-dei-ricordi\/","title":{"rendered":"Pratica con la donzella dei ricordi"},"content":{"rendered":"<p>\u00c8 necessario che il discepolo, nelle sue uscite astrali impari a portare l&#8217;amata Fanciulla dei Ricordi, al fine di portare la memoria di ci\u00f2 che vede e sente nei mondi interni, poich\u00e9 lei funge da mediatore tra i sensi del cervello fisico e sensi ultrasensibili del corpo astrale, se il concetto si adatta, \u00e8 come il deposito della memoria.<\/p>\n<p><\/p>\n<p>A letto, prima di coricarsi, invoca l&#8217;Intimo in questo modo:<\/p>\n<p><\/p>\n<p>Padre Mio, tu che sei il mio vero Essere, ti prego con tutto il mio cuore e tutta la mia anima di rimuovere la Fanciulla dei miei Ricordi dal mio corpo eterico, per non dimenticare nulla quando torno nel mio corpo.&#8221;&#8221; Quindi pronuncia il mantra: LAAAAA, RRRRRAAAAA, SSSSSSS e  addormentati.Dai alla lettera S un sibilo acuto simile a quello prodotto dai freni ad aria compressa. Quando il discepolo si trova tra la veglia e il sonno, si alza dal letto e lascia la sua stanza per dirigersi verso la Chiesa Gnostica. Questo ordine deve essere preso cos\u00ec com&#8217;\u00e8, in sicurezza e con fede, poich\u00e9 \u00e8 reale e non fittizio; non ci sono mentalismi o suggerimenti in esso. Alzati dal letto con attenzione in modo da non svegliarti ed esci dalla stanza con naturalezza, come fai ogni giorno per andare al lavoro. Prima di partire fai un piccolo salto con l&#8217;intenzione di galleggiare e, se galleggi, vai alla chiesa gnostica o alla casa del malato che ha bisogno di essere curato. Ma se facendo il salto non galleggi, torna a letto e ripeti l&#8217;esperimento.<\/p>\r\n\r\n<p class=\"has-text-align-right\"><strong><em>Trattato di Medicina Occulta e Magia Pratica, Capitolo &#8220;Le cinque cause delle malattie&#8221;<\/em><\/strong><\/p>\r\n","protected":false},"excerpt":{"rendered":"<p>\u00c8 necessario che il discepolo, nelle sue uscite astrali impari a portare l&#8217;amata Fanciulla dei Ricordi, al fine di portare la memoria di ci\u00f2 che vede e sente nei mondi interni, poich\u00e9 lei funge da mediatore tra i sensi del cervello fisico e sensi ultrasensibili del corpo astrale, se il concetto si adatta, \u00e8 come [&hellip;]<\/p>\n","protected":false},"author":9,"featured_media":14406,"comment_status":"open","ping_status":"open","sticky":false,"template":"","format":"standard","meta":{"footnotes":"","_links_to":"","_links_to_target":""},"categories":[413,432],"tags":[],"contenido":[377],"fuente":[],"pilar":[],"fase":[],"conferencia":[],"read_online":[],"author_tax":[446],"class_list":["post-14521","post","type-post","status-publish","format-standard","has-post-thumbnail","hentry","category-dimensioni","category-meditazione","contenido-pratiche","author_tax-universal"],"_links":{"self":[{"href":"https:\/\/vopus.org\/it\/wp-json\/wp\/v2\/posts\/14521","targetHints":{"allow":["GET"]}}],"collection":[{"href":"https:\/\/vopus.org\/it\/wp-json\/wp\/v2\/posts"}],"about":[{"href":"https:\/\/vopus.org\/it\/wp-json\/wp\/v2\/types\/post"}],"author":[{"embeddable":true,"href":"https:\/\/vopus.org\/it\/wp-json\/wp\/v2\/users\/9"}],"replies":[{"embeddable":true,"href":"https:\/\/vopus.org\/it\/wp-json\/wp\/v2\/comments?post=14521"}],"version-history":[{"count":0,"href":"https:\/\/vopus.org\/it\/wp-json\/wp\/v2\/posts\/14521\/revisions"}],"wp:featuredmedia":[{"embeddable":true,"href":"https:\/\/vopus.org\/it\/wp-json\/wp\/v2\/media\/14406"}],"wp:attachment":[{"href":"https:\/\/vopus.org\/it\/wp-json\/wp\/v2\/media?parent=14521"}],"wp:term":[{"taxonomy":"category","embeddable":true,"href":"https:\/\/vopus.org\/it\/wp-json\/wp\/v2\/categories?post=14521"},{"taxonomy":"post_tag","embeddable":true,"href":"https:\/\/vopus.org\/it\/wp-json\/wp\/v2\/tags?post=14521"},{"taxonomy":"contenido","embeddable":true,"href":"https:\/\/vopus.org\/it\/wp-json\/wp\/v2\/contenido?post=14521"},{"taxonomy":"fuente","embeddable":true,"href":"https:\/\/vopus.org\/it\/wp-json\/wp\/v2\/fuente?post=14521"},{"taxonomy":"pilar","embeddable":true,"href":"https:\/\/vopus.org\/it\/wp-json\/wp\/v2\/pilar?post=14521"},{"taxonomy":"fase","embeddable":true,"href":"https:\/\/vopus.org\/it\/wp-json\/wp\/v2\/fase?post=14521"},{"taxonomy":"conferencia","embeddable":true,"href":"https:\/\/vopus.org\/it\/wp-json\/wp\/v2\/conferencia?post=14521"},{"taxonomy":"read_online","embeddable":true,"href":"https:\/\/vopus.org\/it\/wp-json\/wp\/v2\/read_online?post=14521"},{"taxonomy":"author_tax","embeddable":true,"href":"https:\/\/vopus.org\/it\/wp-json\/wp\/v2\/author_tax?post=14521"}],"curies":[{"name":"wp","href":"https:\/\/api.w.org\/{rel}","templated":true}]}}