{"id":34154,"date":"2024-06-13T14:46:43","date_gmt":"2024-06-13T17:46:43","guid":{"rendered":"https:\/\/vopus.org\/?p=34154"},"modified":"2024-07-02T12:37:10","modified_gmt":"2024-07-02T15:37:10","slug":"herkules-a-valaszuton","status":"publish","type":"post","link":"https:\/\/vopus.org\/hu\/herkules-a-valaszuton\/","title":{"rendered":"Herkules a v\u00e1lasz\u00faton"},"content":{"rendered":"\n<p>Kedves bar\u00e1taim!<\/p>\n\n<p>Nagy \u00f6r\u00f6mmel juttatok el hozz\u00e1tok n\u00e9h\u00e1ny sort, hogy sz\u00f3ljak nektek err\u0151l a metszetr\u0151l, amelynek c\u00edme:&#8230;<\/p>\n\n<h2 class=\"wp-block-heading has-text-align-center\">Herkules a v\u00e1lasz\u00faton<\/h2>\n\n<p>E gy\u00f6ny\u00f6r\u0171 metszet szerz\u0151je Pieter Symonsz Potter \u25001597-1652\u2500, Leidenben \u00e9s Amszterdamban tev\u00e9kenyked\u0151 holland fest\u0151. A metszet egy p\u00e9ld\u00e1nya az amszterdami Rijksmuseumban vagy az Amszterdami Nemzeti M\u00fazeumban tal\u00e1lhat\u00f3.<\/p>\n\n<figure class=\"wp-block-image size-large\"><img decoding=\"async\" width=\"960\" height=\"740\" src=\"https:\/\/vopus.org\/wp-content\/uploads\/2024\/01\/hercules-ante-el-cruce-de-caminos-pieter-nolpe-2-960x740.jpg\" alt=\"Herkules a v&#xE1;lasz&#xFA;ton, Pietr Nolpe\" class=\"wp-image-32620\" srcset=\"https:\/\/vopus.org\/wp-content\/uploads\/2024\/01\/hercules-ante-el-cruce-de-caminos-pieter-nolpe-2-960x740.jpg 960w, https:\/\/vopus.org\/wp-content\/uploads\/2024\/01\/hercules-ante-el-cruce-de-caminos-pieter-nolpe-2-480x370.jpg 480w, https:\/\/vopus.org\/wp-content\/uploads\/2024\/01\/hercules-ante-el-cruce-de-caminos-pieter-nolpe-2-768x592.jpg 768w, https:\/\/vopus.org\/wp-content\/uploads\/2024\/01\/hercules-ante-el-cruce-de-caminos-pieter-nolpe-2-455x351.jpg 455w, https:\/\/vopus.org\/wp-content\/uploads\/2024\/01\/hercules-ante-el-cruce-de-caminos-pieter-nolpe-2-286x221.jpg 286w, https:\/\/vopus.org\/wp-content\/uploads\/2024\/01\/hercules-ante-el-cruce-de-caminos-pieter-nolpe-2-195x150.jpg 195w, https:\/\/vopus.org\/wp-content\/uploads\/2024\/01\/hercules-ante-el-cruce-de-caminos-pieter-nolpe-2.jpg 1298w\" sizes=\"(max-width: 960px) 100vw, 960px\" \/><\/figure>\n\n<p>Ezoterikusan az eml\u00edtett metszet arra a d\u00f6nt\u00e9sre utal, amelyet minden SZOL\u00c1RIS EMBERR\u00c9 v\u00e1l\u00e1sra t\u00f6rekv\u0151nek meg kell hoznia, m\u00e1s sz\u00f3val minden B\u00f3dhiszattv\u00e1nak, akinek, miut\u00e1n m\u00e1r felemelte h\u00e9t T\u0171zk\u00edgy\u00f3j\u00e1t, egy\u00e9rtelm\u0171en v\u00e1lasztania kell az <strong>alkimista Sz\u00e1raz \u00datja<\/strong> \u00e9s a <strong>transzmut\u00e1ci\u00f3s m\u0171v\u00e9szet Nedves \u00datja<\/strong> k\u00f6z\u00f6tt. Ez\u00e9rt l\u00e1tjuk a Szol\u00e1ris H\u0151st a jellegzetes dorongj\u00e1val egy \u00fatkeresztez\u0151d\u00e9sben.<\/p>\n\n<p>Ott az IGAZ SZOL\u00c1RIS EMBERR\u00c9 v\u00e1l\u00e1sra t\u00f6rekv\u0151 k\u00e9t utat figyel meg, \u00e9s ezeken az utakon k\u00e9t nagyon reprezentat\u00edv n\u0151t l\u00e1tunk. Herkulest\u0151l jobbra egy h\u00f6lgy \u00e1ll, aki egy nyitott k\u00f6nyvet tart a kez\u00e9ben. Ez a h\u00f6lgy <strong>AZ IGAZS\u00c1G <\/strong>min\u0151s\u00e9g\u00e9vel lett megkeresztelve. Egy keskeny \u00fat kezdet\u00e9t jelzi, amely \u00faton a szem\u00e9lyek keresztet hordoznak a v\u00e1llukon. Ez az \u00e1br\u00e1zol\u00e1s a <strong>Direkt Utat, avagy a Felszabadul\u00e1s \u00datj\u00e1t<\/strong> allegoriz\u00e1lja.\u00a0 A Gn\u00f3zis, Nt. Samael Aun Weor Mester \u00e1ltal, elmagyar\u00e1zza nek\u00fcnk, hogy ez az \u00fat vagy \u00f6sv\u00e9ny elvezet minket a relativit\u00e1s vil\u00e1g\u00e1ban l\u00e9v\u0151 l\u00e9tez\u00e9sr\u0151l val\u00f3 lemond\u00e1shoz, hogy bel\u00e9pj\u00fcnk <strong>a Szamsz\u00e1ra Kerek\u00e9b\u0151l val\u00f3<\/strong> <strong>megszabadul\u00e1s<\/strong> ter\u00e9be&#8230;<\/p>\n\n<p>Ez az \u00fat, kedves olvas\u00f3k, egy kast\u00e9ly el\u0151tt v\u00e9gz\u0151dik, amely nem m\u00e1s, mint a L\u00c9NY, a mi Aty\u00e1nk lakhelye, aki titokban van.<\/p>\n\n<p>A h\u00f6lgy, akire utalunk, egy napot visel a mell\u00e9n. Ez a nap minden \u00e9rtelemben a f\u00e9nyt k\u00e9pviseli. K\u00e9ts\u00e9gtelen, hogy ez a h\u00f6lgy <strong>Stella Maris, a mi bels\u0151 Any\u00e1csk\u00e1nk.<\/strong><\/p>\n\n<p>Az isteni \u00d6r\u00f6k N\u0151 k\u00f6zel\u00e9ben, falnak t\u00e1maszkodva, lebegve megjelenik egy angyal, aki p\u00e1lma\u00e1gat (a gy\u0151zelem szimb\u00f3lum\u00e1t) aj\u00e1nlj fel, diadalokat j\u00f6vend\u00f6lve Herkulesnek az \u0151 zar\u00e1ndok\u00fatja sor\u00e1n <\/p>\n\n<p>Eljutva ehhez a ponthoz feltehetn\u00e9nk a k\u00e9rd\u00e9st, hogy mi\u00e9rt l\u00e1that\u00f3 Herkules, aki a SZOL\u00c1RIS EMBERT k\u00e9pviseli, a Felszabadul\u00e1s \u00d6sv\u00e9nye \u00e9s a m\u00e1sik, a k\u00e1rhozatba (avagy az invol\u00faci\u00f3ba) \u00e9s nem a Nirv\u00e1n\u00e1ba vezet\u0151 \u00f6sv\u00e9ny el\u0151tt.<\/p>\n\n<p>V\u00c1LASZ: Mert amit a m\u0171v\u00e9sz ezoterikusan meg akart mutatni, az pontosan az, hogy maga a Nirv\u00e1nikus \u00dat a RELATIVIT\u00c1S r\u00e9sze, \u00e9s az egyetlen m\u00f3dja annak, hogy megszabaduljunk minden RELATIVIT\u00c1ST\u00d3L, az az, hogy elmer\u00fcl\u00fcnk a TALIDAD m\u00e9lys\u00e9geiben. \u00cdgy van meg\u00edrva Avat\u00e1runk, a Nt. Samael Aun Weor Mester \u00e1ltal a felt\u00e1rt <strong><em>Pistis Sophia<\/em><\/strong>-ban. Sok nirv\u00e1nit, akik k\u00e9s\u0151bb vissza akartak t\u00e9rni a h\u00e1romdimenzi\u00f3s vil\u00e1gba, hogy az emberis\u00e9g\u00e9rt dolgozzanak,<strong> el\u00e1rultak a bels\u0151 Bestia cs\u00e1pjai, <\/strong>elvesztett\u00e9k \u00e9rt\u00e9keiket, \u00e9s ism\u00e9t a v\u00e9gzet kerek\u00e9hez &#8211; \u00e9rtsd: a Szamsz\u00e1r\u00e1hoz &#8211; k\u00f6t\u0151d\u0151 szem\u00e9lyekk\u00e9 v\u00e1ltak, felt\u00e1madtak benn\u00fcnk pszichol\u00f3giai aggreg\u00e1tumaik, \u00e9s v\u00e9g\u00fcl invol\u00faci\u00f3ban v\u00e9gezt\u00e9k.\u00a0 Ez a nyers val\u00f3s\u00e1g.<\/p>\n\n<p>A m\u00e1sik oldalon egy m\u00e1sik n\u0151 \u00e1ll, aki strucctollakb\u00f3l k\u00e9sz\u00fclt fejd\u00edszt visel.\u00a0 Ez a h\u00f6lgy sok materi\u00e1lis jellemz\u0151t visel \u00f6lt\u00f6z\u00e9k\u00e9n. A fent eml\u00edtett h\u00f6lgyet <strong>A BECSAP\u00c1Snak<\/strong> nevezt\u00e9k. Ez a n\u0151 bal kez\u00e9vel egy f\u00f6ldg\u00f6mbre mutat, amely a mi vil\u00e1gunkat szimboliz\u00e1lja, \u00e9s meg\u00e9rteti vel\u00fcnk, hogy az ezen planet\u00e1ris bolyg\u00f3n \u00e9l\u0151 lelkek t\u00falnyom\u00f3 t\u00f6bbs\u00e9ge val\u00f3ban <strong>az ill\u00fazi\u00f3, avagy a becsap\u00e1s<\/strong> fogs\u00e1g\u00e1ban van.<\/p>\n\n<p>Ezen m\u00e1sik n\u0151 m\u00f6g\u00f6tt egy d\u00e9mont l\u00e1tunk, aki a f\u00fcl\u00e9be besz\u00e9l.\u00a0 Ez a d\u00e9mon az <strong>\u00e1llati Eg\u00f3nk<\/strong> \u00e9l\u0151 megjelen\u00edt\u00e9se, amelyr\u0151l m\u00e1r tudjuk, hogy megnyilv\u00e1nul\u00e1s\u00e1ban sokszoros.<\/p>\n\n<p>Ezen m\u00e1sik \u00f6sv\u00e9ny m\u00e9ly\u00e9n, amelyet ez a n\u0151 k\u00e9pvisel, egy p\u00e1r l\u00e1that\u00f3, akik <strong>k\u00fcl\u00f6nb\u00f6z\u0151 d\u00e9monokkal haladnak, akik a hal\u00e1l dobjait verik,<\/strong> \u00e9s ott az \u00f6sv\u00e9ny m\u00e9ly\u00e9n er\u0151szakos l\u00e1ngokat l\u00e1thatunk, amelyek egy\u00e9rtelm\u0171en a <strong>pokol vagy az invol\u00faci\u00f3 l\u00e1ngjaira<\/strong> utalnak.\u00a0 Ennek a s\u00f6t\u00e9t \u00f6sv\u00e9nynek a m\u00e9ly\u00e9n egy k\u00f6rt is l\u00e1thatunk, amelyet n\u00e9h\u00e1ny szem\u00e9ly alkot.\u00a0 Ez a k\u00f6r az \u00f6sszes <strong>elveszett l\u00e9lekre <\/strong>utal.<\/p>\n\n<p>J\u00f3 kiemelni, hogy ennek az \u00f6nhitt h\u00f6lgynek a l\u00e1bain\u00e1l a hi\u00fas\u00e1got, az \u00e9lvezeteket stb. stb. k\u00e9pvisel\u0151 t\u00e1rgyakat l\u00e1tunk, mindazt, ami a t\u00f6megeket makacsul a Szamsz\u00e1ra Kerek\u00e9nek \u00f6rd\u00f6gi k\u00f6r\u00e9ben tartja.  Ez\u00e9rt halunk meg, majd sz\u00fclet\u00fcnk \u00fajj\u00e1 ebben a siralomv\u00f6lgyben, hogy \u00fajra megism\u00e9telj\u00fck egoista ostobas\u00e1gainkat.<\/p>\n\n<p>Elm\u00e9lkedj\u00fcnk, dics\u0151 olvas\u00f3, ezeken az \u00e1br\u00e1zol\u00e1sokon, amelyek meger\u0151s\u00edtik sz\u00fcks\u00e9gess\u00e9g\u00e9t annak, hogy vagy a j\u00f3 \u00fatjain, vagy a rossz \u00f6sv\u00e9ny\u00e9n hat\u00e1rozzuk el magunkat. <\/p>\n\n<p class=\"has-text-align-center\"><strong><em>TV NE CEDE MALIS<\/em><\/strong>&#013;\n&#8222;Ne engedj a gonosznak&#8221;<\/p>\n\n<p class=\"has-text-align-center\"><strong>KWEN KHAN KHU<\/strong><\/p>\n","protected":false},"excerpt":{"rendered":"<p>Ezoterikusan az eml\u00edtett metszet arra a d\u00f6nt\u00e9sre utal, amelyet minden SZOL\u00c1RIS EMBERR\u00c9 v\u00e1l\u00e1sra t\u00f6rekv\u0151nek meg kell hoznia, m\u00e1s sz\u00f3val minden B\u00f3dhiszattv\u00e1nak, akinek, miut\u00e1n m\u00e1r felemelte h\u00e9t T\u0171zk\u00edgy\u00f3j\u00e1t, egy\u00e9rtelm\u0171en v\u00e1lasztania kell az alkimista Sz\u00e1raz \u00datja \u00e9s a transzmut\u00e1ci\u00f3s m\u0171v\u00e9szet Nedves \u00datja k\u00f6z\u00f6tt. <\/p>\n","protected":false},"author":4,"featured_media":32612,"comment_status":"open","ping_status":"open","sticky":false,"template":"","format":"standard","meta":{"footnotes":"","_links_to":"","_links_to_target":""},"categories":[426,481,473],"tags":[497,498,499,637,919,920],"contenido":[372],"fuente":[49],"pilar":[],"fase":[],"conferencia":[],"read_online":[],"author_tax":[396],"class_list":["post-34154","post","type-post","status-publish","format-standard","has-post-thumbnail","hentry","category-metafizika-hu","category-egyetemes-szimbolumok","category-uzenetei-nt-kwen-khan-khu","tag-mensajes-del-v-m-kwen-khan-khu-hu","tag-arte-hu","tag-simbolos-universales-hu","tag-esoterismo-hu","tag-titkos-ut","tag-mitologiai-hosok","contenido-cikkek","fuente-maestro","author_tax-nt-kwen-khan-khu"],"_links":{"self":[{"href":"https:\/\/vopus.org\/hu\/wp-json\/wp\/v2\/posts\/34154","targetHints":{"allow":["GET"]}}],"collection":[{"href":"https:\/\/vopus.org\/hu\/wp-json\/wp\/v2\/posts"}],"about":[{"href":"https:\/\/vopus.org\/hu\/wp-json\/wp\/v2\/types\/post"}],"author":[{"embeddable":true,"href":"https:\/\/vopus.org\/hu\/wp-json\/wp\/v2\/users\/4"}],"replies":[{"embeddable":true,"href":"https:\/\/vopus.org\/hu\/wp-json\/wp\/v2\/comments?post=34154"}],"version-history":[{"count":2,"href":"https:\/\/vopus.org\/hu\/wp-json\/wp\/v2\/posts\/34154\/revisions"}],"predecessor-version":[{"id":34400,"href":"https:\/\/vopus.org\/hu\/wp-json\/wp\/v2\/posts\/34154\/revisions\/34400"}],"wp:featuredmedia":[{"embeddable":true,"href":"https:\/\/vopus.org\/hu\/wp-json\/wp\/v2\/media\/32612"}],"wp:attachment":[{"href":"https:\/\/vopus.org\/hu\/wp-json\/wp\/v2\/media?parent=34154"}],"wp:term":[{"taxonomy":"category","embeddable":true,"href":"https:\/\/vopus.org\/hu\/wp-json\/wp\/v2\/categories?post=34154"},{"taxonomy":"post_tag","embeddable":true,"href":"https:\/\/vopus.org\/hu\/wp-json\/wp\/v2\/tags?post=34154"},{"taxonomy":"contenido","embeddable":true,"href":"https:\/\/vopus.org\/hu\/wp-json\/wp\/v2\/contenido?post=34154"},{"taxonomy":"fuente","embeddable":true,"href":"https:\/\/vopus.org\/hu\/wp-json\/wp\/v2\/fuente?post=34154"},{"taxonomy":"pilar","embeddable":true,"href":"https:\/\/vopus.org\/hu\/wp-json\/wp\/v2\/pilar?post=34154"},{"taxonomy":"fase","embeddable":true,"href":"https:\/\/vopus.org\/hu\/wp-json\/wp\/v2\/fase?post=34154"},{"taxonomy":"conferencia","embeddable":true,"href":"https:\/\/vopus.org\/hu\/wp-json\/wp\/v2\/conferencia?post=34154"},{"taxonomy":"read_online","embeddable":true,"href":"https:\/\/vopus.org\/hu\/wp-json\/wp\/v2\/read_online?post=34154"},{"taxonomy":"author_tax","embeddable":true,"href":"https:\/\/vopus.org\/hu\/wp-json\/wp\/v2\/author_tax?post=34154"}],"curies":[{"name":"wp","href":"https:\/\/api.w.org\/{rel}","templated":true}]}}