{"id":15281,"date":"2021-08-28T01:44:45","date_gmt":"2021-08-27T23:44:45","guid":{"rendered":"https:\/\/vopus.org\/az-agyalapi-mirigy-kifejlesztese\/"},"modified":"2021-08-28T01:44:45","modified_gmt":"2021-08-27T23:44:45","slug":"az-agyalapi-mirigy-kifejlesztese","status":"publish","type":"post","link":"https:\/\/vopus.org\/hu\/az-agyalapi-mirigy-kifejlesztese\/","title":{"rendered":"Az agyalapi mirigy kifejleszt\u00e9se"},"content":{"rendered":"\n<p>Az \u00e1gyban fekve, teste minden izm\u00e1t ellaz\u00edtva szenderedjen el \u00e9s gondoljon k\u00f6zben arra, hogy a Szentl\u00e9lek Szent T\u00fcze folyamatosan al\u00e1sz\u00e1ll a mennyb\u0151l \u00e9s a tobozmirigyen kereszt\u00fcl bel\u00e9p a fej\u00e9be. \u00c9rezze, ahogy ez a T\u0171z el\u00e1rasztja az agy\u00e1t, \u00e9s balr\u00f3l jobbra mozg\u00e1sba hozza az agyalapi csakra csod\u00e1latos, k\u00e9tsz\u00edn\u0171 l\u00f3tuszvir\u00e1g\u00e1t, a Pr\u00f3f\u00e9ta Szem\u00e9t.  L\u00e1ssa, ahogy ez t\u0171zzel telve forog \u00f6nmaga k\u00f6r\u00fcl. Ebben a tudat\u00e1llapotban vokaliz\u00e1lja az IN sz\u00f3tagot, \u00edgy: IIIIIIINNNNNNN. \u00c9rezze, ahogy egy t\u0171z\u00f3ce\u00e1nban lebeg. Ennek a gyakorlatnak k\u00f6r\u00fclbel\u00fcl 30 percig kell tartania, \u00e9s elalv\u00e1s el\u0151tt kell elv\u00e9gezni, lehet\u0151leg az \u00e1gyban fekve. M\u00e1snap \u00edrja le egy jegyzetf\u00fczetbe mindazt, amit \u00e1lmodott an\u00e9lk\u00fcl, hogy b\u00e1rkinek is elmondan\u00e1 a benyom\u00e1sait, vagy megeml\u00edten\u00e9 ezt a munk\u00e1t, amely kiz\u00e1r\u00f3lag a saj\u00e1t titkos tanulm\u00e1nyaira szolg\u00e1l. Az agyalapi mirigy a szem\u00f6ld\u00f6k\u00f6k k\u00f6z\u00f6tt tal\u00e1lhat\u00f3.<\/p>\n\r\n\r\n<p class=\"has-text-align-right\"><strong><em>Krisztusi azt\u00e9k m\u00e1gia, 3. fejezet<\/em><\/strong><\/p>\r\n","protected":false},"excerpt":{"rendered":"<p>Az \u00e1gyban fekve, teste minden izm\u00e1t ellaz\u00edtva szenderedjen el \u00e9s gondoljon k\u00f6zben arra, hogy a Szentl\u00e9lek Szent T\u00fcze folyamatosan al\u00e1sz\u00e1ll a mennyb\u0151l \u00e9s a tobozmirigyen kereszt\u00fcl bel\u00e9p a fej\u00e9be. \u00c9rezze, ahogy ez a T\u0171z el\u00e1rasztja az agy\u00e1t, \u00e9s balr\u00f3l jobbra mozg\u00e1sba hozza az agyalapi csakra csod\u00e1latos, k\u00e9tsz\u00edn\u0171 l\u00f3tuszvir\u00e1g\u00e1t, a Pr\u00f3f\u00e9ta Szem\u00e9t. L\u00e1ssa, ahogy ez t\u0171zzel [&hellip;]<\/p>\n","protected":false},"author":9,"featured_media":14333,"comment_status":"open","ping_status":"open","sticky":false,"template":"","format":"standard","meta":{"footnotes":"","_links_to":"","_links_to_target":""},"categories":[411,429],"tags":[],"contenido":[378],"fuente":[],"pilar":[],"fase":[],"conferencia":[],"read_online":[],"author_tax":[399,446],"class_list":["post-15281","post","type-post","status-publish","format-standard","has-post-thumbnail","hentry","category-csakrak","category-misztika","contenido-gyakorlatok","author_tax-nt-samael-aun-weor","author_tax-universal"],"_links":{"self":[{"href":"https:\/\/vopus.org\/hu\/wp-json\/wp\/v2\/posts\/15281","targetHints":{"allow":["GET"]}}],"collection":[{"href":"https:\/\/vopus.org\/hu\/wp-json\/wp\/v2\/posts"}],"about":[{"href":"https:\/\/vopus.org\/hu\/wp-json\/wp\/v2\/types\/post"}],"author":[{"embeddable":true,"href":"https:\/\/vopus.org\/hu\/wp-json\/wp\/v2\/users\/9"}],"replies":[{"embeddable":true,"href":"https:\/\/vopus.org\/hu\/wp-json\/wp\/v2\/comments?post=15281"}],"version-history":[{"count":0,"href":"https:\/\/vopus.org\/hu\/wp-json\/wp\/v2\/posts\/15281\/revisions"}],"wp:featuredmedia":[{"embeddable":true,"href":"https:\/\/vopus.org\/hu\/wp-json\/wp\/v2\/media\/14333"}],"wp:attachment":[{"href":"https:\/\/vopus.org\/hu\/wp-json\/wp\/v2\/media?parent=15281"}],"wp:term":[{"taxonomy":"category","embeddable":true,"href":"https:\/\/vopus.org\/hu\/wp-json\/wp\/v2\/categories?post=15281"},{"taxonomy":"post_tag","embeddable":true,"href":"https:\/\/vopus.org\/hu\/wp-json\/wp\/v2\/tags?post=15281"},{"taxonomy":"contenido","embeddable":true,"href":"https:\/\/vopus.org\/hu\/wp-json\/wp\/v2\/contenido?post=15281"},{"taxonomy":"fuente","embeddable":true,"href":"https:\/\/vopus.org\/hu\/wp-json\/wp\/v2\/fuente?post=15281"},{"taxonomy":"pilar","embeddable":true,"href":"https:\/\/vopus.org\/hu\/wp-json\/wp\/v2\/pilar?post=15281"},{"taxonomy":"fase","embeddable":true,"href":"https:\/\/vopus.org\/hu\/wp-json\/wp\/v2\/fase?post=15281"},{"taxonomy":"conferencia","embeddable":true,"href":"https:\/\/vopus.org\/hu\/wp-json\/wp\/v2\/conferencia?post=15281"},{"taxonomy":"read_online","embeddable":true,"href":"https:\/\/vopus.org\/hu\/wp-json\/wp\/v2\/read_online?post=15281"},{"taxonomy":"author_tax","embeddable":true,"href":"https:\/\/vopus.org\/hu\/wp-json\/wp\/v2\/author_tax?post=15281"}],"curies":[{"name":"wp","href":"https:\/\/api.w.org\/{rel}","templated":true}]}}