{"id":15275,"date":"2021-08-22T07:51:11","date_gmt":"2021-08-22T10:51:11","guid":{"rendered":"https:\/\/vopus.org\/megnyugtatni-az-elmet-egy-koan-segitsegevel\/"},"modified":"2023-02-08T11:55:59","modified_gmt":"2023-02-08T14:55:59","slug":"megnyugtatni-az-elmet-egy-koan-segitsegevel","status":"publish","type":"post","link":"https:\/\/vopus.org\/hu\/megnyugtatni-az-elmet-egy-koan-segitsegevel\/","title":{"rendered":"Megnyugtatni az elm\u00e9t egy ko\u00e1n seg\u00edts\u00e9g\u00e9vel"},"content":{"rendered":"\n<p>Az elhivatott egy olyan helyen, ahol semmi sem zavarhatja meg, hagyja, hogy izmai teljesen ellazuljanak. Apr\u00f3l\u00e9kosan meg fogja figyelni a pszich\u00e9j\u00e9t, \u00e9s azon igyekszik, hogy elt\u0171njenek azok a gondolat-madarak, amelyek sz\u00fcntelen\u00fcl r\u00f6pk\u00f6dnek. <\/p>\n\n\n\n<p>A tanul\u00f3nak semmik\u00e9ppen sem szabad elfelejtenie, hogy milyen k\u00f6nny\u0171 azonosulni az elm\u00e9vel. Az egoista gondolatokra mereven n\u00e9zni annyit jelent, mint hal\u00e1losan elesni az er\u0151s tekintete, a Med\u00faza k\u0151v\u00e9 dermeszt\u0151 tekintete el\u0151tt. <\/p>\n\n\n\n<p>Amikor az elhivatott \u00fagy \u00e9rzi, hogy k\u00e9szen \u00e1ll, elkezd <strong>egy koan-gyakorlatot<\/strong>. Fel kell tennie saj\u00e1t elm\u00e9j\u00e9nek a k\u00f6vetkez\u0151 k\u00e9rd\u00e9st: <em>\u201eHa minden dolog az egys\u00e9gre reduk\u00e1l\u00f3dik, akkor mire reduk\u00e1l\u00f3dik az egys\u00e9g?\u201d<\/em> <\/p>\n\n\n\n<p>A tan\u00edtv\u00e1nynak r\u00f6gz\u00edtenie kell ezt a k\u00e9rd\u00e9st, \u00e9s nem szabad engednie, hogy az elme elmenek\u00fclj\u00f6n, kit\u00e9rjen, elterelje a figyelm\u00e9t, stb. <\/p>\n\n\n\n<p>Az arra fog t\u00f6rekedni, hogy \u00e9rv\u00e9nyes\u00edtse hitv\u00e1ny krit\u00e9riumait, aljas akarat\u00e1t: a Bestia hatalm\u00e1t\u2026 Ha hagyja, hogy \u0151 tartsa a gyepl\u0151t, a kudarc biztos\u00edtott. <\/p>\n\n\n\n<p>A tanul\u00f3 sz\u00fcntelen\u00fcl a saj\u00e1t elm\u00e9j\u00e9nek szegezi ezt a k\u00e9rd\u00e9st, v\u00e1laszad\u00e1sra k\u00e9nyszer\u00edtve azt. <\/p>\n\n\n\n<p>Ha siker\u00fcl kif\u00e1rasztania, akkor az elhivatott gy\u0151zedelmeskedni fog, \u00e9s k\u00e9pes lesz megtapasztalni azt, ami messze t\u00fal van az elm\u00e9n, azt, ami a Val\u00f3s\u00e1g\u2026<\/p>\n\n\n\n<p class=\"has-text-align-right\"><strong>Samael Aun Weor<\/strong><br><em>A keveseknek, \u201eSzunj\u00e1ta\u201d fejezet<\/em><br><em>Megnyugtatni az elm\u00e9t egy ko\u00e1n seg\u00edts\u00e9g\u00e9vel<\/em><\/p>\n","protected":false},"excerpt":{"rendered":"<p>A tanul\u00f3nak semmik\u00e9ppen sem szabad elfelejtenie, hogy milyen k\u00f6nny\u0171 azonosulni az elm\u00e9vel. Amikor az elhivatott \u00fagy \u00e9rzi, hogy k\u00e9szen \u00e1ll, elkezd egy koan-gyakorlatot.<\/p>\n","protected":false},"author":5,"featured_media":14303,"comment_status":"open","ping_status":"open","sticky":false,"template":"","format":"standard","meta":{"footnotes":"","_links_to":"","_links_to_target":""},"categories":[435],"tags":[],"contenido":[378],"fuente":[49],"pilar":[],"fase":[],"conferencia":[],"read_online":[],"author_tax":[399],"class_list":["post-15275","post","type-post","status-publish","format-standard","has-post-thumbnail","hentry","category-meditacio","contenido-gyakorlatok","fuente-maestro","author_tax-nt-samael-aun-weor"],"_links":{"self":[{"href":"https:\/\/vopus.org\/hu\/wp-json\/wp\/v2\/posts\/15275","targetHints":{"allow":["GET"]}}],"collection":[{"href":"https:\/\/vopus.org\/hu\/wp-json\/wp\/v2\/posts"}],"about":[{"href":"https:\/\/vopus.org\/hu\/wp-json\/wp\/v2\/types\/post"}],"author":[{"embeddable":true,"href":"https:\/\/vopus.org\/hu\/wp-json\/wp\/v2\/users\/5"}],"replies":[{"embeddable":true,"href":"https:\/\/vopus.org\/hu\/wp-json\/wp\/v2\/comments?post=15275"}],"version-history":[{"count":0,"href":"https:\/\/vopus.org\/hu\/wp-json\/wp\/v2\/posts\/15275\/revisions"}],"wp:featuredmedia":[{"embeddable":true,"href":"https:\/\/vopus.org\/hu\/wp-json\/wp\/v2\/media\/14303"}],"wp:attachment":[{"href":"https:\/\/vopus.org\/hu\/wp-json\/wp\/v2\/media?parent=15275"}],"wp:term":[{"taxonomy":"category","embeddable":true,"href":"https:\/\/vopus.org\/hu\/wp-json\/wp\/v2\/categories?post=15275"},{"taxonomy":"post_tag","embeddable":true,"href":"https:\/\/vopus.org\/hu\/wp-json\/wp\/v2\/tags?post=15275"},{"taxonomy":"contenido","embeddable":true,"href":"https:\/\/vopus.org\/hu\/wp-json\/wp\/v2\/contenido?post=15275"},{"taxonomy":"fuente","embeddable":true,"href":"https:\/\/vopus.org\/hu\/wp-json\/wp\/v2\/fuente?post=15275"},{"taxonomy":"pilar","embeddable":true,"href":"https:\/\/vopus.org\/hu\/wp-json\/wp\/v2\/pilar?post=15275"},{"taxonomy":"fase","embeddable":true,"href":"https:\/\/vopus.org\/hu\/wp-json\/wp\/v2\/fase?post=15275"},{"taxonomy":"conferencia","embeddable":true,"href":"https:\/\/vopus.org\/hu\/wp-json\/wp\/v2\/conferencia?post=15275"},{"taxonomy":"read_online","embeddable":true,"href":"https:\/\/vopus.org\/hu\/wp-json\/wp\/v2\/read_online?post=15275"},{"taxonomy":"author_tax","embeddable":true,"href":"https:\/\/vopus.org\/hu\/wp-json\/wp\/v2\/author_tax?post=15275"}],"curies":[{"name":"wp","href":"https:\/\/api.w.org\/{rel}","templated":true}]}}