{"id":15274,"date":"2021-08-22T17:03:07","date_gmt":"2021-08-22T15:03:07","guid":{"rendered":"https:\/\/vopus.org\/meditacio-devata-ganesan\/"},"modified":"2023-01-22T08:33:59","modified_gmt":"2023-01-22T11:33:59","slug":"meditacio-devata-ganesan","status":"publish","type":"post","link":"https:\/\/vopus.org\/hu\/meditacio-devata-ganesan\/","title":{"rendered":"Medit\u00e1ci\u00f3 Devata Gan\u00e9s\u00e1n"},"content":{"rendered":"\n<p>A hinduk a Szentlelket a szent Elef\u00e1nt k\u00e9p\u00e9ben tisztelik, akit Devata Gan\u00e9s\u00e1nak h\u00edvnak. <\/p>\n\n\n\n<p>A gnosztikus tanul\u00f3 a k\u00f6vetkez\u0151k\u00e9ppen medit\u00e1lhat Devata Gan\u00e9sa le\u00edrhatatlan erej\u00e9n: <\/p>\n\n\n\n<pre class=\"wp-block-preformatted\">F\u00e9l \u00f3r\u00e1n kereszt\u00fcl vokaliz\u00e1lja a h\u00e9t hangz\u00f3t (I, \u00c9, O, \u00da, \u00c1, M, SZ). N\u00e9ha n\u00e9h\u00e1ny m\u00e1sodpercig visszatartva a be- \u00e9s kil\u00e9gz\u00e9s\u00e9t. Majd a farkcsont t\u00f6v\u00e9re \u00f6sszpontos\u00edt \u00e9s a teremt\u0151 k\u00e9pzelet seg\u00edts\u00e9g\u00e9vel megpr\u00f3b\u00e1l itt sok gy\u00f6keret l\u00e1tni, \u00e9s ezen le\u00edrhatatlanul sz\u00e9p, arany gy\u00f6kerek k\u00f6z\u00f6tt megl\u00e1t majd egy kis kaput. Ezen a kapun h\u00e1romszor kopog \u00e9s az kiny\u00edlik. A tan\u00edtv\u00e1nyt itt az Element\u00e1lis M\u00e1gusn\u0151 fogadja; \u0151 megtan\u00edtja a M\u00e1gi\u00e1ra, az Element\u00e1lok felhaszn\u00e1l\u00e1s\u00e1ra, \u00e1ltal\u00e1noss\u00e1gban a Term\u00e9szet b\u00f6lcsess\u00e9g\u00e9re. Az \u00f6sszpontos\u00edt\u00e1snak t\u00f6k\u00e9letesnek kell lennie. <\/pre>\n\n\n\n<p>A tan\u00edtv\u00e1nynak elalv\u00e1skor igyekeznie kell az \u00e1lm\u00e1t \u00fagy ir\u00e1ny\u00edtani, hogy tal\u00e1lkozzon Devata Gan\u00e9s\u00e1val, aki a Harmadik Logosznak, a Szentl\u00e9leknek az egyik form\u00e1ja.<\/p>\n\n\n\n<p class=\"has-text-align-right\">Samael Aun Weor,<br><strong><em>A terjeszt\u0151 R\u00e9gi K\u00e9zik\u00f6nyve<\/em><\/strong><\/p>\n","protected":false},"excerpt":{"rendered":"<p>A hinduk a Szentlelket a szent Elef\u00e1nt k\u00e9p\u00e9ben tisztelik, akit Devata Gan\u00e9s\u00e1nak h\u00edvnak. A gnosztikus tanul\u00f3 a k\u00f6vetkez\u0151k\u00e9ppen medit\u00e1lhat Devata Gan\u00e9sa le\u00edrhatatlan erej\u00e9n: F\u00e9l \u00f3r\u00e1n kereszt\u00fcl vokaliz\u00e1lja a h\u00e9t hangz\u00f3t (I, \u00c9, O, \u00da, \u00c1, M, SZ). N\u00e9ha n\u00e9h\u00e1ny m\u00e1sodpercig visszatartva a be- \u00e9s kil\u00e9gz\u00e9s\u00e9t. Majd a farkcsont t\u00f6v\u00e9re \u00f6sszpontos\u00edt \u00e9s a teremt\u0151 k\u00e9pzelet seg\u00edts\u00e9g\u00e9vel [&hellip;]<\/p>\n","protected":false},"author":9,"featured_media":14298,"comment_status":"open","ping_status":"open","sticky":false,"template":"","format":"standard","meta":{"footnotes":"","_links_to":"","_links_to_target":""},"categories":[417,423,429],"tags":[],"contenido":[378],"fuente":[],"pilar":[],"fase":[],"conferencia":[],"read_online":[],"author_tax":[399,446],"class_list":["post-15274","post","type-post","status-publish","format-standard","has-post-thumbnail","hentry","category-vegyes","category-magia-hu","category-misztika","contenido-gyakorlatok","author_tax-nt-samael-aun-weor","author_tax-universal"],"_links":{"self":[{"href":"https:\/\/vopus.org\/hu\/wp-json\/wp\/v2\/posts\/15274","targetHints":{"allow":["GET"]}}],"collection":[{"href":"https:\/\/vopus.org\/hu\/wp-json\/wp\/v2\/posts"}],"about":[{"href":"https:\/\/vopus.org\/hu\/wp-json\/wp\/v2\/types\/post"}],"author":[{"embeddable":true,"href":"https:\/\/vopus.org\/hu\/wp-json\/wp\/v2\/users\/9"}],"replies":[{"embeddable":true,"href":"https:\/\/vopus.org\/hu\/wp-json\/wp\/v2\/comments?post=15274"}],"version-history":[{"count":0,"href":"https:\/\/vopus.org\/hu\/wp-json\/wp\/v2\/posts\/15274\/revisions"}],"wp:featuredmedia":[{"embeddable":true,"href":"https:\/\/vopus.org\/hu\/wp-json\/wp\/v2\/media\/14298"}],"wp:attachment":[{"href":"https:\/\/vopus.org\/hu\/wp-json\/wp\/v2\/media?parent=15274"}],"wp:term":[{"taxonomy":"category","embeddable":true,"href":"https:\/\/vopus.org\/hu\/wp-json\/wp\/v2\/categories?post=15274"},{"taxonomy":"post_tag","embeddable":true,"href":"https:\/\/vopus.org\/hu\/wp-json\/wp\/v2\/tags?post=15274"},{"taxonomy":"contenido","embeddable":true,"href":"https:\/\/vopus.org\/hu\/wp-json\/wp\/v2\/contenido?post=15274"},{"taxonomy":"fuente","embeddable":true,"href":"https:\/\/vopus.org\/hu\/wp-json\/wp\/v2\/fuente?post=15274"},{"taxonomy":"pilar","embeddable":true,"href":"https:\/\/vopus.org\/hu\/wp-json\/wp\/v2\/pilar?post=15274"},{"taxonomy":"fase","embeddable":true,"href":"https:\/\/vopus.org\/hu\/wp-json\/wp\/v2\/fase?post=15274"},{"taxonomy":"conferencia","embeddable":true,"href":"https:\/\/vopus.org\/hu\/wp-json\/wp\/v2\/conferencia?post=15274"},{"taxonomy":"read_online","embeddable":true,"href":"https:\/\/vopus.org\/hu\/wp-json\/wp\/v2\/read_online?post=15274"},{"taxonomy":"author_tax","embeddable":true,"href":"https:\/\/vopus.org\/hu\/wp-json\/wp\/v2\/author_tax?post=15274"}],"curies":[{"name":"wp","href":"https:\/\/api.w.org\/{rel}","templated":true}]}}