{"id":14972,"date":"2021-07-31T01:17:40","date_gmt":"2021-07-30T23:17:40","guid":{"rendered":"https:\/\/vopus.org\/a-miszteriumot-szemlelve\/"},"modified":"2022-09-15T18:43:15","modified_gmt":"2022-09-15T21:43:15","slug":"a-miszteriumot-szemlelve","status":"publish","type":"post","link":"https:\/\/vopus.org\/hu\/a-miszteriumot-szemlelve\/","title":{"rendered":"A miszt\u00e9riumot szeml\u00e9lve"},"content":{"rendered":"\n<div class=\"wp-block-columns has-2-columns is-layout-flex wp-container-core-columns-is-layout-9d6595d7 wp-block-columns-is-layout-flex\">\n<div class=\"wp-block-column is-layout-flow wp-block-column-is-layout-flow\">\n<figure class=\"wp-block-image\"><img decoding=\"async\" src=\"\/wp-content\/uploads\/2019\/06\/es-saw-mirando_misterio-2-455x490.png\" alt=\"A miszt\u00e9riumot szeml\u00e9lve - V.M. Samael Aun Weor\" title=\"A miszt\u00e9riumot szeml\u00e9lve - V.M. Samael Aun Weor\"\/><\/figure>\n<\/div>\n\n\n\n<div class=\"wp-block-column is-layout-flow wp-block-column-is-layout-flow\">\n<p>A \u201dmiszt\u00e9rium\u201d kifejez\u00e9s sok metafizikai jelens\u00e9geket kutat\u00f3 figyelm\u00e9t felkeltette. A parapszichol\u00f3gia, a pszichof\u00f3nia, az Ouija stb. r\u00e9v\u00e9n sok k\u00edv\u00e1ncsi ember megtapasztalta a paranormalit\u00e1st. A probl\u00e9ma, hogy a \u201dmiszt\u00e9rium\u201d ezen \u00e1ll\u00edt\u00f3lagos v\u00e9delmez\u0151i benne maradnak a jelens\u00e9gben, nem k\u00e9pesek v\u00e1laszt adni r\u00e1 \u00e9s v\u00e9g\u00fcl elutas\u00edtanak b\u00e1rmilyen logikus magyar\u00e1zatot, ink\u00e1bb v\u00e1lasztva a tudatlans\u00e1got.  <\/p>\n\n\n\n<p>A MISZT\u00c9RIUMOT SZEML\u00c9LVE c. m\u0171ben a Nt. Samael Aun Weor Mester  megadja a metafizikai jelens\u00e9gekre azokat a v\u00e1laszokat, amelyeket kor\u00e1bban senki sem tudott megadni, tudom\u00e1nyos \u00e9s logikus m\u00f3don magyar\u00e1zva \u00e9s \u00edgy fellebbentve a f\u00e1tylat az eml\u00edtett miszt\u00e9riumr\u00f3l \u00fagy, ahogy azt csak a V\u00edz\u00f6nt\u0151 Avat\u00e1rja tudta v\u00e9ghez vinni.  Mintha Sz\u00f3krat\u00e9szr\u0151l lenne sz\u00f3,  az olvas\u00f3 megtal\u00e1ja Samael mester \u00e9s tan\u00edtv\u00e1nyai k\u00f6z\u00f6tti p\u00e1rbesz\u00e9deket, akik k\u00e9rd\u00e9sekkel telve \u00e9s kreat\u00edv k\u00edv\u00e1ncsis\u00e1gt\u00f3l megind\u00edtva lehet\u0151s\u00e9get adnak mindannyiunk sz\u00e1m\u00e1ra, hogy megkapjuk a term\u00e9szet \u00e9s az emberi l\u00e9ny jelens\u00e9geinek magyar\u00e1zat\u00e1t.<\/p>\n\n\n\n<p class=\"has-text-align-right\"><strong>A miszt\u00e9riumot szeml\u00e9lve<br>\nSamael Aun Weor<\/strong><\/p>\n<\/div>\n<\/div>\n","protected":false},"excerpt":{"rendered":"<p>A \u201dmiszt\u00e9rium\u201d kifejez\u00e9s sok metafizikai jelens\u00e9geket kutat\u00f3 figyelm\u00e9t felkeltette. A parapszichol\u00f3gia, a pszichof\u00f3nia, az Ouija stb. r\u00e9v\u00e9n sok k\u00edv\u00e1ncsi ember megtapasztalta a paranormalit\u00e1st.<\/p>\n","protected":false},"author":5,"featured_media":13974,"comment_status":"open","ping_status":"open","sticky":false,"template":"","format":"standard","meta":{"footnotes":"","_links_to":"","_links_to_target":""},"categories":[426,444],"tags":[],"contenido":[374],"fuente":[49],"pilar":[],"fase":[],"conferencia":[],"read_online":[384,387],"author_tax":[399],"class_list":["post-14972","post","type-post","status-publish","format-standard","has-post-thumbnail","hentry","category-metafizika-hu","category-olvasson-online","contenido-konyvek","fuente-maestro","read_online-olvasson-online","read_online-kizarolag-raktaron-hamarosan","author_tax-nt-samael-aun-weor"],"_links":{"self":[{"href":"https:\/\/vopus.org\/hu\/wp-json\/wp\/v2\/posts\/14972","targetHints":{"allow":["GET"]}}],"collection":[{"href":"https:\/\/vopus.org\/hu\/wp-json\/wp\/v2\/posts"}],"about":[{"href":"https:\/\/vopus.org\/hu\/wp-json\/wp\/v2\/types\/post"}],"author":[{"embeddable":true,"href":"https:\/\/vopus.org\/hu\/wp-json\/wp\/v2\/users\/5"}],"replies":[{"embeddable":true,"href":"https:\/\/vopus.org\/hu\/wp-json\/wp\/v2\/comments?post=14972"}],"version-history":[{"count":0,"href":"https:\/\/vopus.org\/hu\/wp-json\/wp\/v2\/posts\/14972\/revisions"}],"wp:featuredmedia":[{"embeddable":true,"href":"https:\/\/vopus.org\/hu\/wp-json\/wp\/v2\/media\/13974"}],"wp:attachment":[{"href":"https:\/\/vopus.org\/hu\/wp-json\/wp\/v2\/media?parent=14972"}],"wp:term":[{"taxonomy":"category","embeddable":true,"href":"https:\/\/vopus.org\/hu\/wp-json\/wp\/v2\/categories?post=14972"},{"taxonomy":"post_tag","embeddable":true,"href":"https:\/\/vopus.org\/hu\/wp-json\/wp\/v2\/tags?post=14972"},{"taxonomy":"contenido","embeddable":true,"href":"https:\/\/vopus.org\/hu\/wp-json\/wp\/v2\/contenido?post=14972"},{"taxonomy":"fuente","embeddable":true,"href":"https:\/\/vopus.org\/hu\/wp-json\/wp\/v2\/fuente?post=14972"},{"taxonomy":"pilar","embeddable":true,"href":"https:\/\/vopus.org\/hu\/wp-json\/wp\/v2\/pilar?post=14972"},{"taxonomy":"fase","embeddable":true,"href":"https:\/\/vopus.org\/hu\/wp-json\/wp\/v2\/fase?post=14972"},{"taxonomy":"conferencia","embeddable":true,"href":"https:\/\/vopus.org\/hu\/wp-json\/wp\/v2\/conferencia?post=14972"},{"taxonomy":"read_online","embeddable":true,"href":"https:\/\/vopus.org\/hu\/wp-json\/wp\/v2\/read_online?post=14972"},{"taxonomy":"author_tax","embeddable":true,"href":"https:\/\/vopus.org\/hu\/wp-json\/wp\/v2\/author_tax?post=14972"}],"curies":[{"name":"wp","href":"https:\/\/api.w.org\/{rel}","templated":true}]}}