{"id":14968,"date":"2021-08-03T19:42:03","date_gmt":"2021-08-03T17:42:03","guid":{"rendered":"https:\/\/vopus.org\/gyakorlati-magia-kezikonyv\/"},"modified":"2021-08-15T02:43:19","modified_gmt":"2021-08-15T00:43:19","slug":"gyakorlati-magia-kezikonyv","status":"publish","type":"post","link":"https:\/\/vopus.org\/hu\/gyakorlati-magia-kezikonyv\/","title":{"rendered":"Gyakorlati m\u00e1gia k\u00e9zik\u00f6nyv"},"content":{"rendered":"\r\n<div class=\"wp-block-columns has-2-columns is-layout-flex wp-container-core-columns-is-layout-9d6595d7 wp-block-columns-is-layout-flex\">\r\n\r\n\r\n<div class=\"wp-block-column is-layout-flow wp-block-column-is-layout-flow\">\r\n\r\n\r\n<figure class=\"wp-block-image\"><img decoding=\"async\" title=\"Gyakorlati m\u00e1gia k\u00e9zik\u00f6nyv - V.M. Samael Aun Weor\" src=\"\/wp-content\/uploads\/2019\/06\/es-saw-manual_magia_practica-1-455x490.png\" alt=\"Gyakorlati m\u00e1gia k\u00e9zik\u00f6nyv - V.M. Samael Aun Weor\" \/><\/figure>\r\n\r\n\r\n<\/div>\r\n\r\n\r\n\r\n<div class=\"wp-block-column is-layout-flow wp-block-column-is-layout-flow\">\r\n\r\n\r\n<p>A gyakorlati m\u00e1gia k\u00e9zik\u00f6nyve a V\u00edz\u00f6nt\u0151 Avat\u00e1r\u00e1nak \u2013 Samael Aun Weornak \u2013 a gyakorlati ezoterika egyik \u00e9kk\u00f6ve. A bonyolult elm\u00e9letekkel teli, de megtapasztalhat\u00f3 v\u00e1laszok n\u00e9lk\u00fcli k\u00f6tetek sz\u00e1zait\u00f3l \u00e9s ezreit\u0151l t\u00e1vol, az olvas\u00f3 ebben a k\u00e9zik\u00f6nyvben k\u00fcl\u00f6nb\u00f6z\u0151 m\u00f3dszereket tal\u00e1l ahhoz, hogy a term\u00e9szet rejtett er\u0151ire t\u00e1maszkodhasson, mind a benn\u00fcnk rejl\u0151kre, mind a saj\u00e1t egy\u00e9ni istens\u00e9g\u00fcnk er\u0151ire, a bolyg\u00f3nkra hat\u00f3 kozmikus energi\u00e1kra, bele\u00e9rtve a meg\u0151rz\u00f6tt m\u00e1gikus ritu\u00e1l\u00e9kat \u00e9s term\u00e9szetesen a saj\u00e1t biol\u00f3giai energi\u00e1nk haszn\u00e1lat\u00e1t is. \nSoha, de soha nem adtak az emberis\u00e9gnek ennyire vil\u00e1gos \u00e9s egy \u00f6nmag\u00e1t ennyire igazol\u00f3 tan\u00edt\u00e1st \u00fagy, ahogy ezt a szerz\u0151 ebben a k\u00f6nyvben megtette. Ezek a sorok p\u00e9ld\u00e1tlan lehet\u0151s\u00e9get jelentenek annak ellen\u0151rz\u00e9s\u00e9re, hogy a val\u00f3di hit az\u00e9, aki pr\u00f3b\u00e1ra tette az igazs\u00e1got \u00e9s ami sz\u00e1m\u00e1ra megmutatkozott \u00e9s bebizonyosodott.<\/p>\r\n\r\n\r\n\r\n<p class=\"has-text-align-right\"><strong>Gyakorlati m\u00e1gia k\u00e9zik\u00f6nyv<br \/>\r\nSamael Aun Weor<\/strong><\/p>\r\n\r\n\r\n<\/div>\r\n\r\n\r\n<\/div>\r\n","protected":false},"excerpt":{"rendered":"<p>A gyakorlati m\u00e1gia k\u00e9zik\u00f6nyve a V\u00edz\u00f6nt\u0151 Avat\u00e1r\u00e1nak \u2013 Samael Aun Weornak \u2013 a gyakorlati ezoterika egyik \u00e9kk\u00f6ve. A bonyolult elm\u00e9letekkel teli, de megtapasztalhat\u00f3 v\u00e1laszok n\u00e9lk\u00fcli k\u00f6tetek sz\u00e1zait\u00f3l \u00e9s ezreit\u0151l t\u00e1vol, az olvas\u00f3 ebben a k\u00e9zik\u00f6nyvben k\u00fcl\u00f6nb\u00f6z\u0151 m\u00f3dszereket tal\u00e1l ahhoz, hogy a term\u00e9szet rejtett er\u0151ire t\u00e1maszkodhasson, mind a benn\u00fcnk rejl\u0151kre, mind a saj\u00e1t egy\u00e9ni istens\u00e9g\u00fcnk er\u0151ire, [&hellip;]<\/p>\n","protected":false},"author":5,"featured_media":13954,"comment_status":"open","ping_status":"open","sticky":false,"template":"","format":"standard","meta":{"footnotes":"","_links_to":"","_links_to_target":""},"categories":[369,426,444],"tags":[],"contenido":[374],"fuente":[49],"pilar":[],"fase":[],"conferencia":[],"read_online":[384,387],"author_tax":[399],"class_list":["post-14968","post","type-post","status-publish","format-standard","has-post-thumbnail","hentry","category-antropologia-hu","category-metafizika-hu","category-olvasson-online","contenido-konyvek","fuente-maestro","read_online-olvasson-online","read_online-kizarolag-raktaron-hamarosan","author_tax-nt-samael-aun-weor"],"_links":{"self":[{"href":"https:\/\/vopus.org\/hu\/wp-json\/wp\/v2\/posts\/14968","targetHints":{"allow":["GET"]}}],"collection":[{"href":"https:\/\/vopus.org\/hu\/wp-json\/wp\/v2\/posts"}],"about":[{"href":"https:\/\/vopus.org\/hu\/wp-json\/wp\/v2\/types\/post"}],"author":[{"embeddable":true,"href":"https:\/\/vopus.org\/hu\/wp-json\/wp\/v2\/users\/5"}],"replies":[{"embeddable":true,"href":"https:\/\/vopus.org\/hu\/wp-json\/wp\/v2\/comments?post=14968"}],"version-history":[{"count":0,"href":"https:\/\/vopus.org\/hu\/wp-json\/wp\/v2\/posts\/14968\/revisions"}],"wp:featuredmedia":[{"embeddable":true,"href":"https:\/\/vopus.org\/hu\/wp-json\/wp\/v2\/media\/13954"}],"wp:attachment":[{"href":"https:\/\/vopus.org\/hu\/wp-json\/wp\/v2\/media?parent=14968"}],"wp:term":[{"taxonomy":"category","embeddable":true,"href":"https:\/\/vopus.org\/hu\/wp-json\/wp\/v2\/categories?post=14968"},{"taxonomy":"post_tag","embeddable":true,"href":"https:\/\/vopus.org\/hu\/wp-json\/wp\/v2\/tags?post=14968"},{"taxonomy":"contenido","embeddable":true,"href":"https:\/\/vopus.org\/hu\/wp-json\/wp\/v2\/contenido?post=14968"},{"taxonomy":"fuente","embeddable":true,"href":"https:\/\/vopus.org\/hu\/wp-json\/wp\/v2\/fuente?post=14968"},{"taxonomy":"pilar","embeddable":true,"href":"https:\/\/vopus.org\/hu\/wp-json\/wp\/v2\/pilar?post=14968"},{"taxonomy":"fase","embeddable":true,"href":"https:\/\/vopus.org\/hu\/wp-json\/wp\/v2\/fase?post=14968"},{"taxonomy":"conferencia","embeddable":true,"href":"https:\/\/vopus.org\/hu\/wp-json\/wp\/v2\/conferencia?post=14968"},{"taxonomy":"read_online","embeddable":true,"href":"https:\/\/vopus.org\/hu\/wp-json\/wp\/v2\/read_online?post=14968"},{"taxonomy":"author_tax","embeddable":true,"href":"https:\/\/vopus.org\/hu\/wp-json\/wp\/v2\/author_tax?post=14968"}],"curies":[{"name":"wp","href":"https:\/\/api.w.org\/{rel}","templated":true}]}}