{"id":14958,"date":"2021-08-01T12:55:04","date_gmt":"2021-08-01T10:55:04","guid":{"rendered":"https:\/\/vopus.org\/mantrikus-szotar\/"},"modified":"2021-08-13T19:44:44","modified_gmt":"2021-08-13T17:44:44","slug":"mantrikus-szotar","status":"publish","type":"post","link":"https:\/\/vopus.org\/hu\/mantrikus-szotar\/","title":{"rendered":"Mantrikus sz\u00f3t\u00e1r"},"content":{"rendered":"\r\n<div class=\"wp-block-columns has-2-columns is-layout-flex wp-container-core-columns-is-layout-9d6595d7 wp-block-columns-is-layout-flex\">\r\n\r\n\r\n<div class=\"wp-block-column is-layout-flow wp-block-column-is-layout-flow\">\r\n\r\n\r\n<figure class=\"wp-block-image\"><img decoding=\"async\" title=\"Mantrikus sz\u00f3t\u00e1r - V.M. Samael Aun Weor\" src=\"\/wp-content\/uploads\/2019\/06\/es-saw-diccionario_mantrico-3-455x490.png\" alt=\"Mantrikus sz\u00f3t\u00e1r - V.M. Samael Aun Weor\" \/><\/figure>\r\n\r\n\r\n<\/div>\r\n\r\n\r\n\r\n<div class=\"wp-block-column is-layout-flow wp-block-column-is-layout-flow\">\r\n\r\n\r\n<p>A mantra er\u0151vel b\u00edr\u00f3 sz\u00f3. Minden \u0151si hagyom\u00e1ny azt mondja, ahogy a Kereszt\u00e9nys\u00e9g is, hogy kezdetben volt az \u00cdge \u00e9s minden \u00e1ltala lett. A materialista tudom\u00e1ny m\u00e1ig nem tal\u00e1lt r\u00e1 az anyagra, helyette csak rezg\u00e9st tal\u00e1lt, \u00e9s \u00edgy Einstein kijelentette: \u201dSemmi sem t\u00f6rt\u00e9nik, am\u00edg valami meg nem mozdul\u201d. Ilyen a sz\u00f3 ereje.  A Buddha Maitr\u00e9ya \u00e9s a Kalki Avat\u00e1r \u2013 a Nt. Samael Aun Weor Mester \u2013 elhozta a modern id\u0151knek az \u00cdge b\u00f6lcsess\u00e9g\u00e9t, \u00e1tadva mantr\u00e1k sokas\u00e1g\u00e1t az\u00e9rt, hogy felhaszn\u00e1lhassuk erej\u00e9t a magunk \u00e9s az emberi faj jav\u00e1ra.  Ebben a m\u0171ben minden mantra rendszerezve lett \u00f6sszegy\u0171jtve, jelent\u00e9s\u00fckkel \u00e9s helyes kiejt\u00e9s\u00fckkel magyar\u00e1zva. Ezel\u0151tt soha nem volt hozz\u00e1f\u00e9rhet\u0151 a mantrikus \u00edge m\u00e1gikus ereje az eg\u00e9sz emberis\u00e9g sz\u00e1m\u00e1ra, sem ennek a helyes felhaszn\u00e1l\u00e1s\u00e1val j\u00e1r\u00f3 felel\u0151ss\u00e9g.<\/p>\r\n\r\n\r\n\r\n<p class=\"has-text-align-right\"><strong>Mantrikus sz\u00f3t\u00e1r<br \/>\r\nSamael Aun Weor<\/strong><\/p>\r\n\r\n\r\n<\/div>\r\n\r\n\r\n<\/div>\r\n","protected":false},"excerpt":{"rendered":"<p>A mantra er\u0151vel b\u00edr\u00f3 sz\u00f3. Minden \u0151si hagyom\u00e1ny azt mondja, ahogy a Kereszt\u00e9nys\u00e9g is, hogy kezdetben volt az \u00cdge \u00e9s minden \u00e1ltala lett. A materialista tudom\u00e1ny m\u00e1ig nem tal\u00e1lt r\u00e1 az anyagra, helyette csak rezg\u00e9st tal\u00e1lt, \u00e9s \u00edgy Einstein kijelentette: \u201dSemmi sem t\u00f6rt\u00e9nik, am\u00edg valami meg nem mozdul\u201d. Ilyen a sz\u00f3 ereje. A Buddha Maitr\u00e9ya [&hellip;]<\/p>\n","protected":false},"author":5,"featured_media":13904,"comment_status":"open","ping_status":"open","sticky":false,"template":"","format":"standard","meta":{"footnotes":"","_links_to":"","_links_to_target":""},"categories":[426],"tags":[],"contenido":[374],"fuente":[49],"pilar":[],"fase":[],"conferencia":[],"read_online":[387],"author_tax":[399],"class_list":["post-14958","post","type-post","status-publish","format-standard","has-post-thumbnail","hentry","category-metafizika-hu","contenido-konyvek","fuente-maestro","read_online-kizarolag-raktaron-hamarosan","author_tax-nt-samael-aun-weor"],"_links":{"self":[{"href":"https:\/\/vopus.org\/hu\/wp-json\/wp\/v2\/posts\/14958","targetHints":{"allow":["GET"]}}],"collection":[{"href":"https:\/\/vopus.org\/hu\/wp-json\/wp\/v2\/posts"}],"about":[{"href":"https:\/\/vopus.org\/hu\/wp-json\/wp\/v2\/types\/post"}],"author":[{"embeddable":true,"href":"https:\/\/vopus.org\/hu\/wp-json\/wp\/v2\/users\/5"}],"replies":[{"embeddable":true,"href":"https:\/\/vopus.org\/hu\/wp-json\/wp\/v2\/comments?post=14958"}],"version-history":[{"count":0,"href":"https:\/\/vopus.org\/hu\/wp-json\/wp\/v2\/posts\/14958\/revisions"}],"wp:featuredmedia":[{"embeddable":true,"href":"https:\/\/vopus.org\/hu\/wp-json\/wp\/v2\/media\/13904"}],"wp:attachment":[{"href":"https:\/\/vopus.org\/hu\/wp-json\/wp\/v2\/media?parent=14958"}],"wp:term":[{"taxonomy":"category","embeddable":true,"href":"https:\/\/vopus.org\/hu\/wp-json\/wp\/v2\/categories?post=14958"},{"taxonomy":"post_tag","embeddable":true,"href":"https:\/\/vopus.org\/hu\/wp-json\/wp\/v2\/tags?post=14958"},{"taxonomy":"contenido","embeddable":true,"href":"https:\/\/vopus.org\/hu\/wp-json\/wp\/v2\/contenido?post=14958"},{"taxonomy":"fuente","embeddable":true,"href":"https:\/\/vopus.org\/hu\/wp-json\/wp\/v2\/fuente?post=14958"},{"taxonomy":"pilar","embeddable":true,"href":"https:\/\/vopus.org\/hu\/wp-json\/wp\/v2\/pilar?post=14958"},{"taxonomy":"fase","embeddable":true,"href":"https:\/\/vopus.org\/hu\/wp-json\/wp\/v2\/fase?post=14958"},{"taxonomy":"conferencia","embeddable":true,"href":"https:\/\/vopus.org\/hu\/wp-json\/wp\/v2\/conferencia?post=14958"},{"taxonomy":"read_online","embeddable":true,"href":"https:\/\/vopus.org\/hu\/wp-json\/wp\/v2\/read_online?post=14958"},{"taxonomy":"author_tax","embeddable":true,"href":"https:\/\/vopus.org\/hu\/wp-json\/wp\/v2\/author_tax?post=14958"}],"curies":[{"name":"wp","href":"https:\/\/api.w.org\/{rel}","templated":true}]}}