{"id":14785,"date":"2021-08-08T00:11:00","date_gmt":"2021-08-07T22:11:00","guid":{"rendered":"https:\/\/vopus.org\/evolucio-involucio-revolucio\/"},"modified":"2022-12-22T13:28:56","modified_gmt":"2022-12-22T16:28:56","slug":"evolucio-involucio-revolucio","status":"publish","type":"post","link":"https:\/\/vopus.org\/hu\/evolucio-involucio-revolucio\/","title":{"rendered":"Evol\u00faci\u00f3, invol\u00faci\u00f3, revol\u00faci\u00f3"},"content":{"rendered":"\n<p>A gyakorlatban igazolhattuk azt, hogy mind a materialista, mind a spiritu\u00e1lis iskol\u00e1k teljes m\u00e9rt\u00e9kben az Evol\u00faci\u00f3 Dogm\u00e1j\u00e1ba vannak bepalackozva.<\/p>\n\n\n\n<p>Az ember eredet\u00e9vel \u00e9s m\u00faltb\u00e9li fejl\u0151d\u00e9s\u00e9vel kapcsolatos modern v\u00e9lem\u00e9nyek alapvet\u0151en csup\u00e1n olcs\u00f3 okoskod\u00e1sok; nem \u00e1llj\u00e1k ki a m\u00e9ly, kritikus elemz\u00e9sek pr\u00f3b\u00e1j\u00e1t.<\/p>\n\n\n\n<p>Darwin minden elm\u00e9lete ellen\u00e9re, amit a vak hit t\u00f6rv\u00e9nyek\u00e9nt Karl Marx \u00e9s az \u0151 \u00fcresen fecseg\u0151 Dialektikus Materializmusa is elfogad, a modern tud\u00f3sok semmit sem tudnak az ember eredet\u00e9r\u0151l, az nem vil\u00e1gos sz\u00e1mukra, k\u00f6zvetlen\u00fcl nem tapasztaltak meg semmit, \u00e9s h\u00edj\u00e1n vannak az emberi evol\u00faci\u00f3 b\u00e1rmely konkr\u00e9t bizony\u00edt\u00e9k\u00e1nak.<\/p>\n\n\n\n<p>Ezzel ellent\u00e9tben, ha a t\u00f6rt\u00e9nelmi emberis\u00e9g J\u00e9zus Krisztus el\u0151tti utols\u00f3 20 30.000 \u00e9v\u00e9t tekintj\u00fck, akkor konkr\u00e9t bizony\u00edt\u00e9kokat, t\u00e9vedhetetlen jeleket tal\u00e1lunk egy, a mai modern ember sz\u00e1m\u00e1ra \u00e9rtelmezhetetlen fels\u0151bbrend\u0171 embert\u00edpus l\u00e9tez\u00e9s\u00e9re, akiknek a jelenl\u00e9t\u00e9t sz\u00e1mos bizony\u00edt\u00e9k, r\u00e9gi hieroglif\u00e1k, nagyon \u0151si piramisok, egzotikus monolitok, rejt\u00e9lyes papiruszok, k\u00fcl\u00f6nb\u00f6z\u0151 \u0151si eml\u00e9kek t\u00e1masztj\u00e1k al\u00e1.<\/p>\n\n\n\n<p>Ezen k\u00fcl\u00f6n\u00f6s teremtm\u00e9nyeknek, a t\u00f6rt\u00e9nelem el\u0151tti embereknek nagyon hasonl\u00f3 a megjelen\u00e9s\u00fck az intellektu\u00e1lis \u00e1llathoz, mindazon\u00e1ltal nagyon is k\u00fcl\u00f6nb\u00f6z\u0151ek, titokzatosak, \u00e9s akiknek a h\u00edres csontjait n\u00e9ha megtal\u00e1ljuk a j\u00e9gkorszak vagy az azel\u0151tti id\u0151k k\u0151zeteibe z\u00e1rva, azokr\u00f3l a modern tud\u00f3sok prec\u00edz form\u00e1ban vagy k\u00f6zvetlen tapasztalat \u00fatj\u00e1n mit sem tudnak.<\/p>\n\n\n\n<p>A Gnosztikus Tudom\u00e1ny azt tan\u00edtja, hogy a racion\u00e1lis \u00e1llat, ahogyan mi ismerj\u00fck, nem t\u00f6k\u00e9letes teremtm\u00e9ny, m\u00e9g nem ember a sz\u00f3 teljes \u00e9rtelm\u00e9ben v\u00e9ve; a term\u00e9szet egy bizonyos pontig fejlesztette, majd mag\u00e1ra hagyta, teljes szabads\u00e1got adott neki, hogy k\u00e9pezze \u00f6nmag\u00e1t, vagy \u00e9ppen elvesz\u00edtse minden lehet\u0151s\u00e9g\u00e9t \u00e9s elkorcsosuljon.<\/p>\n\n\n\n<p>Az Evol\u00faci\u00f3 \u00e9s az Invol\u00faci\u00f3 T\u00f6rv\u00e9nyei a term\u00e9szet mechanikus tengelyei \u00e9s semmi k\u00f6z\u00fck a L\u00e9ny Bens\u0151 \u00d6nmegval\u00f3sul\u00e1s\u00e1hoz.<\/p>\n\n\n\n<p>Az intellektu\u00e1lis \u00e1llatban sz\u00e1mos lehet\u0151s\u00e9g, k\u00e9pess\u00e9g rejt\u0151zik, amit ki lehet fejleszteni vagy \u00e9ppen el lehet vesz\u00edteni, nem t\u00f6rv\u00e9nyszer\u0171 az, hogy ezek kifejl\u0151djenek. Az evolut\u00edv mechanizmus nem tudja kifejleszteni ezeket. Ezen lappang\u00f3 k\u00e9pess\u00e9gek fejl\u0151d\u00e9se kiz\u00e1r\u00f3lag j\u00f3l meghat\u00e1rozott k\u00f6r\u00fclm\u00e9nyek k\u00f6z\u00f6tt lehets\u00e9ges, amihez rendk\u00edv\u00fcl sok er\u0151fesz\u00edt\u00e9sre van sz\u00fcks\u00e9g az egy\u00e9n r\u00e9sz\u00e9r\u0151l, tov\u00e1bb\u00e1 hat\u00e9kony seg\u00edts\u00e9gre azon Mesterek r\u00e9sz\u00e9r\u0151l, akik a m\u00faltban m\u00e1r megtett\u00e9k ezt a munk\u00e1t.<\/p>\n\n\n\n<p>Aki minden rejtett lehet\u0151s\u00e9g\u00e9t ki akarja fejleszteni az\u00e9rt, hogy emberr\u00e9 v\u00e1ljon, annak a Tudat Forradalm\u00e1nak \u00datj\u00e1n kell bel\u00e9pnie.<\/p>\n\n\n\n<p>Az intellektu\u00e1lis \u00e1llat egy cs\u00edra, egy mag; ebb\u0151l a magb\u00f3l megsz\u00fclethet az \u00e9let f\u00e1ja, egy igaz ember, az \u201eember\u201d, akit Diogen\u00e9sz f\u00e9nyes nappal a l\u00e1mp\u00e1s\u00e1val keresett Ath\u00e9n utc\u00e1in, \u00e9s akire sajn\u00e1latosan nem tal\u00e1lt r\u00e1.<\/p>\n\n\n\n<p>Nem t\u00f6rv\u00e9nyszer\u0171 dolog az, hogy ez a cs\u00edra, ez az oly k\u00fcl\u00f6nleges mag kifejl\u0151dj\u00f6n; az a norm\u00e1lis \u00e9s term\u00e9szetes, ha ez a mag k\u00e1rba v\u00e9sz.<\/p>\n\n\n\n<p>Az igaz ember olyannyira k\u00fcl\u00f6nb\u00f6zik az intellektu\u00e1lis \u00e1llatt\u00f3l, mint a vill\u00e1ml\u00e1s a felh\u0151t\u0151l. Ha a mag nem pusztul el, a cs\u00edra nem n\u0151het ki; sz\u00fcks\u00e9ges \u00e9s s\u00fcrg\u0151s az Eg\u00f3, az \u00c9n, az \u201e\u00e9nmagam\u201d hal\u00e1la ahhoz, hogy az ember megsz\u00fclethessen.<\/p>\n\n\n\n<p>Az \u00e1ltal\u00e1nos  \u00e9s k\u00f6z\u00e9piskol\u00e1k, egyetemek tan\u00e1rainak tan\u00edtaniuk kell di\u00e1kjaikat a Forradalmi Etika \u00fatj\u00e1ra; kiz\u00e1r\u00f3lag ilyen form\u00e1n \u00e9rhet\u0151 el az Eg\u00f3 hal\u00e1la.<\/p>\n\n\n\n<p>Hangs\u00falyozottan meg tudjuk er\u0151s\u00edteni, hogy nem csup\u00e1n eleny\u00e9sz\u0151 manaps\u00e1g ezen a vil\u00e1gon a Tudat Forradalma, de egyre kev\u00e9sb\u00e9 \u00e9s kev\u00e9sb\u00e9 van m\u00e1r csak jelen.<\/p>\n\n\n\n<p>A Tudat Forradalm\u00e1nak H\u00e1rom T\u00e9nyez\u0151je pontosan meg van hat\u00e1rozva: az Els\u0151 a Hal\u00e1l; a M\u00e1sodik a Sz\u00fclet\u00e9s; a Harmadik az Emberis\u00e9g\u00e9rt hozott \u00c1ldozat. A t\u00e9nyez\u0151k sorrendis\u00e9ge nem v\u00e1ltoztatja meg a v\u00e9gterm\u00e9ket.<\/p>\n\n\n\n<p>A Hal\u00e1l nem m\u00e1snak, mint a Forradalmi Etik\u00e1nak \u00e9s a Pszichol\u00f3giai \u00c9n felold\u00e1s\u00e1nak a k\u00e9rd\u00e9se.<\/p>\n\n\n\n<p>A Sz\u00fclet\u00e9s a szexu\u00e1lis transzmut\u00e1ci\u00f3 k\u00e9rd\u00e9se; ez a k\u00e9rd\u00e9s \u00f6sszhangban van a transzcendent\u00e1lis szexol\u00f3gi\u00e1val; mindazok, akik tanulm\u00e1nyozni akarj\u00e1k ezt a t\u00e9m\u00e1t, \u00edrniuk kell nek\u00fcnk \u00e9s meg kell ismerni\u00fck a gnosztikus k\u00f6nyveinket.<\/p>\n\n\n\n<p>Az emberis\u00e9g\u00e9rt hozott \u00c1ldozat egy tudatos, egyetemes j\u00f3t\u00e9konys\u00e1g.<\/p>\n\n\n\n<p>Ha nem v\u00e1gyjuk a Tudat Forradalm\u00e1t, ha nem tesz\u00fcnk m\u00e9rhetetlen\u00fcl nagy er\u0151fesz\u00edt\u00e9seket lappang\u00f3 k\u00e9pess\u00e9geink fejleszt\u00e9s\u00e9re, mely elvezet benn\u00fcnket a Bels\u0151 \u00d6nmegval\u00f3sul\u00e1shoz, akkor az egy\u00e9rtelm\u0171, hogy ezen lehet\u0151s\u00e9gek nem fognak kifejl\u0151dni.<\/p>\n\n\n\n<p>Nagyon ritka az \u00f6nmegval\u00f3sult ember, aki megmenek\u00fcl, \u00e9s ebben nincs semmi igazs\u00e1gtalans\u00e1g. Mi\u00e9rt is birtokoljon olyat az intellektu\u00e1lis \u00e1llat, amire nem v\u00e1gyik?<\/p>\n\n\n\n<p>Radik\u00e1lis, teljes \u00e9s v\u00e9gleges v\u00e1ltoz\u00e1sra van sz\u00fcks\u00e9g, de nem minden teremtm\u00e9ny akarja ezt a v\u00e1ltoz\u00e1st, nem v\u00e1gyj\u00e1k azt, nem tudnak r\u00f3la; eml\u00edtett\u00e9k nekik, de nem \u00e9rtett\u00e9k meg, nem fogt\u00e1k fel \u00e9s nem \u00e9rdekli \u0151ket. Mi\u00e9rt kapj\u00e1k meg er\u0151ltetve azt, amire nem is v\u00e1gynak?<\/p>\n\n\n\n<p>Az igazs\u00e1g az, hogy az egy\u00e9nnek, miel\u0151tt \u00faj k\u00e9pess\u00e9gekre, vagy er\u0151kre tenne szert, amit t\u00e1volr\u00f3l sem ismer \u00e9s m\u00e9g nem is birtokol, meg kell szereznie azon k\u00e9pess\u00e9geket \u00e9s er\u0151ket, melyekr\u0151l t\u00e9vesen azt k\u00e9pzeli, hogy rendelkezik vel\u00fck, de val\u00f3j\u00e1ban m\u00e9g nem birtokolja azokat.<\/p>\n\n\n\n<p><\/p>\n\n\n\n<p class=\"has-text-align-right\"><b>Alapvet\u0151 nevel\u00e9s, XXXIII. fejezet, <i>Evol\u00faci\u00f3, invol\u00faci\u00f3, revol\u00faci\u00f3<\/i>.<\/b><br>\nSamael Aun Weor<\/p>\n","protected":false},"excerpt":{"rendered":"<p>A gyakorlatban igazolhattuk azt, hogy mind a materialista, mind a spiritu\u00e1lis iskol\u00e1k teljes m\u00e9rt\u00e9kben az Evol\u00faci\u00f3 Dogm\u00e1j\u00e1ba vannak bepalackozva. Az ember eredet\u00e9vel \u00e9s m\u00faltb\u00e9li fejl\u0151d\u00e9s\u00e9vel kapcsolatos modern v\u00e9lem\u00e9nyek alapvet\u0151en csup\u00e1n olcs\u00f3 okoskod\u00e1sok; nem \u00e1llj\u00e1k ki a m\u00e9ly, kritikus elemz\u00e9sek pr\u00f3b\u00e1j\u00e1t. Darwin minden elm\u00e9lete ellen\u00e9re, amit a vak hit t\u00f6rv\u00e9nyek\u00e9nt Karl Marx \u00e9s az \u0151 \u00fcresen [&hellip;]<\/p>\n","protected":false},"author":5,"featured_media":3611,"comment_status":"open","ping_status":"open","sticky":false,"template":"","format":"standard","meta":{"footnotes":"","_links_to":"","_links_to_target":""},"categories":[369,426,434],"tags":[],"contenido":[372],"fuente":[49],"pilar":[],"fase":[],"conferencia":[],"read_online":[],"author_tax":[399],"class_list":["post-14785","post","type-post","status-publish","format-standard","has-post-thumbnail","hentry","category-antropologia-hu","category-metafizika-hu","category-pszichologia-hu","contenido-cikkek","fuente-maestro","author_tax-nt-samael-aun-weor"],"_links":{"self":[{"href":"https:\/\/vopus.org\/hu\/wp-json\/wp\/v2\/posts\/14785","targetHints":{"allow":["GET"]}}],"collection":[{"href":"https:\/\/vopus.org\/hu\/wp-json\/wp\/v2\/posts"}],"about":[{"href":"https:\/\/vopus.org\/hu\/wp-json\/wp\/v2\/types\/post"}],"author":[{"embeddable":true,"href":"https:\/\/vopus.org\/hu\/wp-json\/wp\/v2\/users\/5"}],"replies":[{"embeddable":true,"href":"https:\/\/vopus.org\/hu\/wp-json\/wp\/v2\/comments?post=14785"}],"version-history":[{"count":0,"href":"https:\/\/vopus.org\/hu\/wp-json\/wp\/v2\/posts\/14785\/revisions"}],"wp:featuredmedia":[{"embeddable":true,"href":"https:\/\/vopus.org\/hu\/wp-json\/wp\/v2\/media\/3611"}],"wp:attachment":[{"href":"https:\/\/vopus.org\/hu\/wp-json\/wp\/v2\/media?parent=14785"}],"wp:term":[{"taxonomy":"category","embeddable":true,"href":"https:\/\/vopus.org\/hu\/wp-json\/wp\/v2\/categories?post=14785"},{"taxonomy":"post_tag","embeddable":true,"href":"https:\/\/vopus.org\/hu\/wp-json\/wp\/v2\/tags?post=14785"},{"taxonomy":"contenido","embeddable":true,"href":"https:\/\/vopus.org\/hu\/wp-json\/wp\/v2\/contenido?post=14785"},{"taxonomy":"fuente","embeddable":true,"href":"https:\/\/vopus.org\/hu\/wp-json\/wp\/v2\/fuente?post=14785"},{"taxonomy":"pilar","embeddable":true,"href":"https:\/\/vopus.org\/hu\/wp-json\/wp\/v2\/pilar?post=14785"},{"taxonomy":"fase","embeddable":true,"href":"https:\/\/vopus.org\/hu\/wp-json\/wp\/v2\/fase?post=14785"},{"taxonomy":"conferencia","embeddable":true,"href":"https:\/\/vopus.org\/hu\/wp-json\/wp\/v2\/conferencia?post=14785"},{"taxonomy":"read_online","embeddable":true,"href":"https:\/\/vopus.org\/hu\/wp-json\/wp\/v2\/read_online?post=14785"},{"taxonomy":"author_tax","embeddable":true,"href":"https:\/\/vopus.org\/hu\/wp-json\/wp\/v2\/author_tax?post=14785"}],"curies":[{"name":"wp","href":"https:\/\/api.w.org\/{rel}","templated":true}]}}