{"id":7783,"date":"2019-07-16T13:22:39","date_gmt":"2019-07-16T13:22:39","guid":{"rendered":"https:\/\/vopus.org\/reflexiones-gnosticas-doctrinarias\/"},"modified":"2022-08-23T09:05:01","modified_gmt":"2022-08-23T12:05:01","slug":"reflexions-gnostiques-doctrinales","status":"publish","type":"post","link":"https:\/\/vopus.org\/fr\/reflexions-gnostiques-doctrinales\/","title":{"rendered":"R\u00e9flexions Gnostiques Doctrinales"},"content":{"rendered":"\n<figure class=\"wp-block-embed is-type-video is-provider-youtube wp-block-embed-youtube wp-embed-aspect-16-9 wp-has-aspect-ratio\"><div class=\"wp-block-embed__wrapper\">\n<iframe loading=\"lazy\" title=\"Reflexiones Gn\u00f3sticas Doctrinarias \/\/ Entrevista N09 (con Subt\u00edtulos)\" width=\"1080\" height=\"608\" src=\"https:\/\/www.youtube.com\/embed\/0om2ckB6aQ0?feature=oembed\" frameborder=\"0\" allow=\"accelerometer; autoplay; clipboard-write; encrypted-media; gyroscope; picture-in-picture\" allowfullscreen><\/iframe>\n<\/div><\/figure>\n\n\n\n<p>La Monade Int\u00e9rieure Profonde, notre \u00catre R\u00e9el, ce que les kabbalistes h\u00e9breux appellent \u201cKether\u201d, a le devoir de nous stimuler de l\u2019int\u00e9rieur ; nous stimuler de l\u2019int\u00e9rieur avec de la motivation spirituelle, avec des exp\u00e9riences mystiques transcendantales, avec des forces que la Monade introduit afin que l\u2019on sente ici une sorte d\u2019inqui\u00e9tude spirituelle qui nous pousse \u00e0 chercher le Chemin. <\/p>\n\n\n\n<p>L\u2019autre responsabilit\u00e9 incombe ou repose directement sur l\u2019Essence, sur nous, qui sommes l\u2019\u00c2me Humaine incarn\u00e9e ici sur la Terre. L\u2019Essence doit r\u00e9pondre \u00e0 ces stimulations, disons, avec le travail. Elle doit mettre aussi sa part d\u2019efforts, et tr\u00e8s souvent de supers efforts, car le fait que nous ayons la stimulation interne, qui a beaucoup de valeur, qui vient du P\u00e8re, est une chose, et que nous ayons la volont\u00e9 pour r\u00e9pondre \u00e0 ces efforts en est une autre, parce que, parfois, nous pouvons \u00eatre pris par l\u2019ennui du Moi, par la charge ou la densit\u00e9 du Moi, ou par un karma que nous sommes en train de vivre \u00e0 un certain moment. <\/p>\n\n\n\n<p>Dans les deux cas, nous devons nous d\u00e9fendre comme des lions, n\u2019est-ce pas ? Contre les forces karmiques et contre l\u2019entropie ext\u00e9rieure et int\u00e9rieure. Alors, le devoir de l\u2019Essence, de l\u2019\u00c2me Humaine, c\u2019est celle-l\u00e0, r\u00e9pondre aux stimulations internes avec la recherche incessante de la V\u00e9rit\u00e9, avec la lecture incessante du Corps de Doctrine, avec les pratiques incessantes que nous devons faire chaque jour, avec des je\u00fbnes, avec la pri\u00e8re, avec la m\u00e9ditation ; voil\u00e0 le devoir de l\u2019Essence.<\/p>\n","protected":false},"excerpt":{"rendered":"<p>L\u2019Essence doit r\u00e9pondre \u00e0 ces stimulations, disons, avec le travail. Elle doit mettre aussi sa part d\u2019efforts, et tr\u00e8s souvent de supers efforts, car le fait que nous ayons la stimulation interne<\/p>\n","protected":false},"author":4,"featured_media":2731,"comment_status":"open","ping_status":"open","sticky":false,"template":"","format":"video","meta":{"footnotes":"","_links_to":"","_links_to_target":""},"categories":[132],"tags":[],"contenido":[290],"fuente":[49],"pilar":[],"fase":[],"conferencia":[],"read_online":[],"author_tax":[323],"class_list":["post-7783","post","type-post","status-publish","format-video","has-post-thumbnail","hentry","category-psychologie","post_format-post-format-video","contenido-videos","fuente-maestro","author_tax-v-m-kwen-khan-khu-fr"],"_links":{"self":[{"href":"https:\/\/vopus.org\/fr\/wp-json\/wp\/v2\/posts\/7783","targetHints":{"allow":["GET"]}}],"collection":[{"href":"https:\/\/vopus.org\/fr\/wp-json\/wp\/v2\/posts"}],"about":[{"href":"https:\/\/vopus.org\/fr\/wp-json\/wp\/v2\/types\/post"}],"author":[{"embeddable":true,"href":"https:\/\/vopus.org\/fr\/wp-json\/wp\/v2\/users\/4"}],"replies":[{"embeddable":true,"href":"https:\/\/vopus.org\/fr\/wp-json\/wp\/v2\/comments?post=7783"}],"version-history":[{"count":0,"href":"https:\/\/vopus.org\/fr\/wp-json\/wp\/v2\/posts\/7783\/revisions"}],"wp:featuredmedia":[{"embeddable":true,"href":"https:\/\/vopus.org\/fr\/wp-json\/wp\/v2\/media\/2731"}],"wp:attachment":[{"href":"https:\/\/vopus.org\/fr\/wp-json\/wp\/v2\/media?parent=7783"}],"wp:term":[{"taxonomy":"category","embeddable":true,"href":"https:\/\/vopus.org\/fr\/wp-json\/wp\/v2\/categories?post=7783"},{"taxonomy":"post_tag","embeddable":true,"href":"https:\/\/vopus.org\/fr\/wp-json\/wp\/v2\/tags?post=7783"},{"taxonomy":"contenido","embeddable":true,"href":"https:\/\/vopus.org\/fr\/wp-json\/wp\/v2\/contenido?post=7783"},{"taxonomy":"fuente","embeddable":true,"href":"https:\/\/vopus.org\/fr\/wp-json\/wp\/v2\/fuente?post=7783"},{"taxonomy":"pilar","embeddable":true,"href":"https:\/\/vopus.org\/fr\/wp-json\/wp\/v2\/pilar?post=7783"},{"taxonomy":"fase","embeddable":true,"href":"https:\/\/vopus.org\/fr\/wp-json\/wp\/v2\/fase?post=7783"},{"taxonomy":"conferencia","embeddable":true,"href":"https:\/\/vopus.org\/fr\/wp-json\/wp\/v2\/conferencia?post=7783"},{"taxonomy":"read_online","embeddable":true,"href":"https:\/\/vopus.org\/fr\/wp-json\/wp\/v2\/read_online?post=7783"},{"taxonomy":"author_tax","embeddable":true,"href":"https:\/\/vopus.org\/fr\/wp-json\/wp\/v2\/author_tax?post=7783"}],"curies":[{"name":"wp","href":"https:\/\/api.w.org\/{rel}","templated":true}]}}