{"id":5156,"date":"2020-08-06T13:01:48","date_gmt":"2020-08-06T11:01:48","guid":{"rendered":"https:\/\/vopus.org\/presentacion-de-el-quinto-evangelio-congreso-2019\/"},"modified":"2021-02-09T17:25:26","modified_gmt":"2021-02-09T16:25:26","slug":"presentacion-de-el-quinto-evangelio-congreso-2019","status":"publish","type":"post","link":"https:\/\/vopus.org\/fr\/presentacion-de-el-quinto-evangelio-congreso-2019\/","title":{"rendered":"Pr\u00e9sentation du Cinqui\u00e8me \u00c9vangile (Congr\u00e8s 2019)"},"content":{"rendered":"\n<figure class=\"wp-block-embed-youtube wp-block-embed is-type-video is-provider-youtube wp-embed-aspect-16-9 wp-has-aspect-ratio\"><div class=\"wp-block-embed__wrapper\">\n<iframe loading=\"lazy\" title=\"Presentaci\u00f3n de El Quinto Evangelio \/\/ Congreso Internacional de AGEAC 2019\" width=\"1080\" height=\"608\" src=\"https:\/\/www.youtube.com\/embed\/KywiUYRMepk?feature=oembed\" frameborder=\"0\" allow=\"accelerometer; autoplay; clipboard-write; encrypted-media; gyroscope; picture-in-picture\" allowfullscreen><\/iframe>\n<\/div><\/figure>\n\n\n\n<p>Pour plus d&rsquo;informations sur l&rsquo;obtention du Cinqui\u00e8me \u00c9vangile, \u00e9crivez \u00e0 publicaciones@ageac.org.\n\nCongr\u00e8s International d&rsquo;AGEAC c\u00e9l\u00e9br\u00e9 \u00e0 Atibaia, au Br\u00e9sil, au mois de mai 2019, en hommage au P\u00e8re fondateur de la Gnose contemporaine, le V.M. Samael Aun Weor, et \u00e0 sa grande \u0153uvre intitul\u00e9e Le Cinqui\u00e8me \u00c9vangile, dans laquelle sont compil\u00e9es toutes les conf\u00e9rences transmises oralement par ce grand Sage, et dans lesquelles il explique tous les d\u00e9tails du chemin qui m\u00e8ne \u00e0 l&rsquo;Autor\u00e9alisation Intime de l&rsquo;\u00catre. Cet \u00e9v\u00e9nement transcendantal a \u00e9t\u00e9 anim\u00e9 par le V.M. Kwen Khan Khu, Coordinateur International d&rsquo;AGEAC, et ce grand Ma\u00eetre, \u00e0 travers les questions spontan\u00e9es des congressistes, a D\u00e9chiffr\u00e9 pour nous les myst\u00e8res de l&rsquo;\u00catre&#8230;<\/p>\n","protected":false},"excerpt":{"rendered":"<p>Pour plus d&rsquo;informations sur l&rsquo;obtention du Cinqui\u00e8me \u00c9vangile, \u00e9crivez \u00e0 public&#8230;<\/p>\n","protected":false},"author":4,"featured_media":3520,"comment_status":"open","ping_status":"open","sticky":false,"template":"","format":"video","meta":{"footnotes":"","_links_to":"","_links_to_target":""},"categories":[132,139,157],"tags":[],"contenido":[290],"fuente":[49],"pilar":[],"fase":[],"conferencia":[],"read_online":[],"author_tax":[323],"class_list":["post-5156","post","type-post","status-publish","format-video","has-post-thumbnail","hentry","category-psychologie","category-metaphysique","category-actualite","post_format-post-format-video","contenido-videos","fuente-maestro","author_tax-v-m-kwen-khan-khu-fr"],"_links":{"self":[{"href":"https:\/\/vopus.org\/fr\/wp-json\/wp\/v2\/posts\/5156","targetHints":{"allow":["GET"]}}],"collection":[{"href":"https:\/\/vopus.org\/fr\/wp-json\/wp\/v2\/posts"}],"about":[{"href":"https:\/\/vopus.org\/fr\/wp-json\/wp\/v2\/types\/post"}],"author":[{"embeddable":true,"href":"https:\/\/vopus.org\/fr\/wp-json\/wp\/v2\/users\/4"}],"replies":[{"embeddable":true,"href":"https:\/\/vopus.org\/fr\/wp-json\/wp\/v2\/comments?post=5156"}],"version-history":[{"count":0,"href":"https:\/\/vopus.org\/fr\/wp-json\/wp\/v2\/posts\/5156\/revisions"}],"wp:featuredmedia":[{"embeddable":true,"href":"https:\/\/vopus.org\/fr\/wp-json\/wp\/v2\/media\/3520"}],"wp:attachment":[{"href":"https:\/\/vopus.org\/fr\/wp-json\/wp\/v2\/media?parent=5156"}],"wp:term":[{"taxonomy":"category","embeddable":true,"href":"https:\/\/vopus.org\/fr\/wp-json\/wp\/v2\/categories?post=5156"},{"taxonomy":"post_tag","embeddable":true,"href":"https:\/\/vopus.org\/fr\/wp-json\/wp\/v2\/tags?post=5156"},{"taxonomy":"contenido","embeddable":true,"href":"https:\/\/vopus.org\/fr\/wp-json\/wp\/v2\/contenido?post=5156"},{"taxonomy":"fuente","embeddable":true,"href":"https:\/\/vopus.org\/fr\/wp-json\/wp\/v2\/fuente?post=5156"},{"taxonomy":"pilar","embeddable":true,"href":"https:\/\/vopus.org\/fr\/wp-json\/wp\/v2\/pilar?post=5156"},{"taxonomy":"fase","embeddable":true,"href":"https:\/\/vopus.org\/fr\/wp-json\/wp\/v2\/fase?post=5156"},{"taxonomy":"conferencia","embeddable":true,"href":"https:\/\/vopus.org\/fr\/wp-json\/wp\/v2\/conferencia?post=5156"},{"taxonomy":"read_online","embeddable":true,"href":"https:\/\/vopus.org\/fr\/wp-json\/wp\/v2\/read_online?post=5156"},{"taxonomy":"author_tax","embeddable":true,"href":"https:\/\/vopus.org\/fr\/wp-json\/wp\/v2\/author_tax?post=5156"}],"curies":[{"name":"wp","href":"https:\/\/api.w.org\/{rel}","templated":true}]}}