{"id":37010,"date":"2024-11-30T11:23:00","date_gmt":"2024-11-30T14:23:00","guid":{"rendered":"https:\/\/vopus.org\/?p=37010"},"modified":"2024-12-22T18:37:16","modified_gmt":"2024-12-22T21:37:16","slug":"la-prudence","status":"publish","type":"post","link":"https:\/\/vopus.org\/fr\/la-prudence\/","title":{"rendered":"La Prudence"},"content":{"rendered":"\n<p>Tr\u00e8s aim\u00e9s\/\/\u00e9es compagnons\/gnes :<\/p>\n\n\n\n<p>Je vous fais parvenir cette gravure qui appartient \u00e0 une s\u00e9rie de gravures qui traitent des sept vertus et qui, dans ce cas, a pour titre&#8230;<\/p>\n\n\n\n<h2 class=\"wp-block-heading has-text-align-center\">&#8230;LA PRUDENCE.<\/h2>\n\n\n\n<p>Cette planche est l&rsquo;\u0153uvre d&rsquo;un graveur et dessinateur hollandais nomm\u00e9 <strong>Jacob Mathan<\/strong>, qui l&rsquo;a r\u00e9alis\u00e9e entre 1571 et 1631, reproduisant des dessins faits par <strong>Hendrick Goltzius<\/strong>, dessinateur, graveur et peintre n\u00e9erlandais \u2500 1558-1617 \u2500.<\/p>\n\n\n<div class=\"wp-block-image\">\n<figure class=\"aligncenter size-medium\"><img decoding=\"async\" width=\"480\" height=\"687\" src=\"https:\/\/vopus.org\/wp-content\/uploads\/2024\/12\/Sans-titre-4-480x687.png\" alt=\"La Prudence, Jacob Mathan (1571 et 1631)\" class=\"wp-image-37023\" title=\"La Prudence, Jacob Mathan (1571 et 1631)\" srcset=\"https:\/\/vopus.org\/wp-content\/uploads\/2024\/12\/Sans-titre-4-480x687.png 480w, https:\/\/vopus.org\/wp-content\/uploads\/2024\/12\/Sans-titre-4-960x1374.png 960w, https:\/\/vopus.org\/wp-content\/uploads\/2024\/12\/Sans-titre-4-768x1099.png 768w, https:\/\/vopus.org\/wp-content\/uploads\/2024\/12\/Sans-titre-4.png 568w\" sizes=\"(max-width: 480px) 100vw, 480px\" \/><\/figure><\/div>\n\n\n<p>Commen\u00e7ons par vous inscrire un texte en latin, voyons voir :<\/p>\n\n\n\n<blockquote class=\"wp-block-quote is-layout-flow wp-block-quote-is-layout-flow\">\n<p><em>\u00abArcanas rerum scrutor prudentia causas, preterita ancipiti vultu, video que futura\u00bb.<\/em><\/p>\n<\/blockquote>\n\n\n\n<p>Traduction : <strong>&lsquo;La prudence investigue les causes secr\u00e8tes des choses, son double visage regarde le pass\u00e9 et voit le futur\u2019.&nbsp; <\/strong>&nbsp;<\/p>\n\n\n\n<p>Certains historiens de l&rsquo;art commentent :<\/p>\n\n\n\n<blockquote class=\"wp-block-quote is-layout-flow wp-block-quote-is-layout-flow\">\n<p><em>\u00ab Bien que la liste des attributs de Prudence soit assez vari\u00e9e, au cours du XVIe si\u00e8cle le miroir et le serpent d\u00e9finiront le plus souvent son iconographie. [&#8230;]<\/em><\/p>\n\n\n\n<p><em>Le miroir est un attribut traditionnel de cette vertu, signifiant dans ses mains un instrument pour l&rsquo;auto-connaissance, la mat\u00e9rialisation objectale du <strong>Nosce te ipsum <\/strong><\/em><strong>[\u2018Connais-toi toi-m\u00eame<\/strong>\u2019<strong>]<em> [<\/em><\/strong><em>&#8230;]<\/em><\/p>\n\n\n\n<p><em>Le serpent, comme attribut de la Prudence, trouve sa correspondance dans la phrase \u00e9vang\u00e9lique de Matthieu 10, 16 : \u201cVoici que je vous envoie comme des brebis au milieu des loups ; soyez donc sages comme des serpents, et simples comme des colombes\u201d, et d\u00e8s le XIIIe si\u00e8cle, un serpent figurait sur les armoiries de cette vertu dans les cath\u00e9drales de Paris et de Chartres<\/em><em> \u00bb<\/em>.&nbsp;<\/p>\n<\/blockquote>\n\n\n\n<p>Dans son ouvrage <em>Les demeures philosophiques<\/em>, dans le chapitre \u00ab Les gardes du corps de Fran\u00e7ois III, duc de Bretagne \u00bb, le Ma\u00eetre Fulcanelli explique le symbolisme de la Prudence dans l&rsquo;une des sculptures du tombeau du duc Fran\u00e7ois II et de son \u00e9pouse Marguerite de Foix, et associe les attributs de cette vertu &#8211; le miroir concave, le compas et le serpent &#8211; \u00e0 l&rsquo;art alchimique :<\/p>\n\n\n\n<blockquote class=\"wp-block-quote is-layout-flow wp-block-quote-is-layout-flow\">\n<p><em>\u00ab <\/em><em>Avant d&rsquo;\u00eatre \u00e9lev\u00e9e \u00e0 la dignit\u00e9 de Vertu cardinale, la Prudence fut longtemps une divinit\u00e9 all\u00e9gorique \u00e0 laquelle les anciens donnaient une t\u00eate \u00e0 deux<\/em><strong><em> <\/em><\/strong><em>visages, \u2013 formule que notre statue reproduit exactement et de la fa\u00e7on la plus heureuse. Sa face ant\u00e9rieure offre la physionomie d&rsquo;une jeune femme au galbe tr\u00e8s pur, et sa face post\u00e9rieure celle d&rsquo;un vieillard dont le faci\u00e8s, plein de noblesse et de gravit\u00e9, se prolonge dans les ondes soyeuses d&rsquo;une barbe de fleuve. R\u00e9plique de Janus, fils d&rsquo;Apollon, et de la nymphe Cr\u00e9use, cette admirable figure ne le c\u00e8de aux trois autres ni en majest\u00e9, ni en int\u00e9r\u00eat <\/em><em>\u00bb.<\/em><\/p>\n<\/blockquote>\n\n\n\n<p>Mes amis et amies, cela peut clairement \u00eatre consid\u00e9r\u00e9 comme la vertu fondamentale que nous devons atteindre dans notre travail int\u00e9rieur. Rappelons-nous que l&rsquo;Avatar Samael Aun Weor lui-m\u00eame nous rappelle constamment la n\u00e9cessit\u00e9 de nous regarder dans le <strong>miroir de l&rsquo;Alchimie<\/strong>. Qu&rsquo;est-ce que cela signifie ? R\u00e9ponse : cela signifie que, par une introspection analytique, nous devons observer jusqu&rsquo;o\u00f9 les m\u00e9tamorphoses que l&rsquo;<strong>Ars Magna<\/strong> \u2013 c&rsquo;est-\u00e0-dire : l&rsquo;Alchimie &#8211; a r\u00e9ussi \u00e0 provoquer dans notre structure animique nous ont amen\u00e9s. Cela nous indiquera constamment si des changements se sont produits dans notre nature psychique ou si tout a \u00e9t\u00e9 en vain \u00e0 cause de la mauvaise manipulation de l&rsquo;Arcane A.Z.F. et du manque de raffinement lors de l&rsquo;utilisation de cette auguste cl\u00e9.<\/p>\n\n\n\n<p>Incontestablement, le compas que la statue de la Prudence tient dans l&rsquo;une de ses mains est l&rsquo;all\u00e9gorie des<strong> bons traits<\/strong> au moment de mesurer la port\u00e9e de nos pas. Il ne faut pas oublier que, si l&rsquo;\u00e9querre ma\u00e7onnique repr\u00e9sente le sentiment juste, la pens\u00e9e juste et l&rsquo;action juste, le compas symbolise les traits parfaits que nous devons imprimer \u00e0 notre \u0153uvre int\u00e9rieure, ce qui implique une <strong>permanente auto-observation profonde<\/strong> lorsque l&rsquo;on parcourt le Chemin Secret.<\/p>\n\n\n\n<p>D&rsquo;autre part, le serpent peut \u00eatre interpr\u00e9t\u00e9 de deux mani\u00e8res. Il suffit de se rappeler le serpent qu&rsquo;Apollon, irrit\u00e9, blessa de ses dards, le serpent tentateur de l&rsquo;Eden, pour le diff\u00e9rencier du Serpent Sacr\u00e9 avec lequel Mo\u00efse soignait les Isra\u00e9lites dans le d\u00e9sert. L&rsquo;un repr\u00e9sente le serpent infernal, nos abominations cach\u00e9es, et l&rsquo;autre d\u00e9signe notre ch\u00e8re M\u00e8re <strong>Kundalini <\/strong>qui veille toujours sur nous tout au long de notre existence. Nous devons, comme le disent \u00e0 juste titre les \u00e9vangiles, <strong>\u00eatre prudents comme le serpent et doux comme les brebis. <\/strong>Nous devons \u00eatre prudents face au mal pour ne pas tomber dans ses griffes, et simples lorsque nous sommes devant les \u00e2mes qui, \u00e9tant \u00ab innocentes \u00bb, nous supplient de l&rsquo;aide pour pouvoir avancer vers Dieu.<\/p>\n\n\n\n<p>Voyons ce commentaire du V\u00e9n\u00e9rable Fulcanelli dans <em>Les demeures philosophales<\/em> :<\/p>\n\n\n\n<blockquote class=\"wp-block-quote is-layout-flow wp-block-quote-is-layout-flow\">\n<p>&nbsp;<em>\u00ab [&#8230;] <\/em>&nbsp;<em>Le serpent, d\u00e9pourvu d&rsquo;ailes, demeure l&rsquo;hi\u00e9roglyphe du mercure commun, pur et mond\u00e9, extrait du corps de la magn\u00e9sie ou mati\u00e8re premi\u00e8re. C&rsquo;est la raison pour laquelle certaines statues all\u00e9goriques de la Prudence ont pour attribut le serpent fix\u00e9 sur un miroir. Et ce miroir, signature du min\u00e9ral brut fourni par la nature, devient lumineux en r\u00e9fl\u00e9chissant la lumi\u00e8re, c&rsquo;est-\u00e0-dire en manifestant sa vitalit\u00e9 dans le serpent ou mercure, qu&rsquo;il tenait cach\u00e9 sous son enveloppe grossi\u00e8re \u00bb.<\/em><\/p>\n<\/blockquote>\n\n\n\n<p>Le double visage de la Prudence nous parle de la n\u00e9cessit\u00e9 d&rsquo;\u00eatre sages et simples \u00e0 la fois. Chaque Ma\u00eetre, ou Ma\u00eetresse, sera toujours <strong>sage dans ses profondeurs animiques et simple lorsqu&rsquo;il se pr\u00e9sente devant les multitudes<\/strong>. Voil\u00e0 la Prudence dans tout son continent. Cela nous conduira \u00e0 avoir une <strong>Pierre Philosophale<\/strong> riche en exp\u00e9riences physiques et m\u00e9taphysiques, tout en continuant dans cette vall\u00e9e de larmes \u00e0 comprendre toutes les \u00e2mes qui ont besoin d&rsquo;orientation.<\/p>\n\n\n<div class=\"wp-block-image\">\n<figure class=\"aligncenter size-large is-resized\"><img decoding=\"async\" width=\"960\" height=\"381\" src=\"https:\/\/vopus.org\/wp-content\/uploads\/2024\/12\/image-960x381.png\" alt=\"La tombe du duc Fran\u00e7ois II et de son \u00e9pouse Marguerite de Foix.\" class=\"wp-image-36892\" style=\"width:800px\" title=\"La tombe du duc Fran\u00e7ois II et de son \u00e9pouse Marguerite de Foix.\" srcset=\"https:\/\/vopus.org\/wp-content\/uploads\/2024\/12\/image-960x381.png 960w, https:\/\/vopus.org\/wp-content\/uploads\/2024\/12\/image-480x190.png 480w, https:\/\/vopus.org\/wp-content\/uploads\/2024\/12\/image-768x305.png 768w, https:\/\/vopus.org\/wp-content\/uploads\/2024\/12\/image.png 566w\" sizes=\"(max-width: 960px) 100vw, 960px\" \/><figcaption class=\"wp-element-caption\"><em>La tombe du duc Fran\u00e7ois II et de son \u00e9pouse Marguerite de Foix, monument fun\u00e9raire qui se trouve dans la cath\u00e9drale Saint-Pierre-et-Paul de Nantes \u2500 France \u2500 a \u00e9t\u00e9 r\u00e9alis\u00e9e au d\u00e9but du XVIe si\u00e8cle par Michel Colombe \u2500 sculpteur \u2500 et Jean Perr\u00e9al \u2500 architecte \u2500.<\/em><\/figcaption><\/figure><\/div>\n\n\n<p>La Prudence appara\u00eet aussi parfois repr\u00e9sent\u00e9e dans la peinture et la sculpture sous la forme d&rsquo;un personnage f\u00e9minin ou masculin \u00e0 trois t\u00eates, symbolisant le pass\u00e9, le pr\u00e9sent et l&rsquo;avenir. Il ne faut pas oublier que du mot <em><strong>prudence<\/strong><\/em> d\u00e9rive un autre mot : <em><strong>pr\u00e9voyant<\/strong><\/em>. Cela signifie que tous ceux qui veulent \u00e9viter les dangers, les erreurs fatales, doivent \u00eatre <strong>prudents <\/strong>et non <strong>imprudents.<\/strong>&#8230;&#8230;..<\/p>\n\n\n<div class=\"wp-block-image\">\n<figure class=\"aligncenter size-medium is-resized\"><img decoding=\"async\" width=\"480\" height=\"420\" src=\"https:\/\/vopus.org\/wp-content\/uploads\/2024\/12\/image-1-480x420.png\" alt=\"Prudence, d\u00e9tail du tombeau de saint Pierre martyr, 1339.\" class=\"wp-image-36904\" style=\"width:400px\" title=\"Prudence, d\u00e9tail du tombeau de saint Pierre martyr, 1339.\" srcset=\"https:\/\/vopus.org\/wp-content\/uploads\/2024\/12\/image-1-480x420.png 480w, https:\/\/vopus.org\/wp-content\/uploads\/2024\/12\/image-1-960x840.png 960w, https:\/\/vopus.org\/wp-content\/uploads\/2024\/12\/image-1-768x672.png 768w, https:\/\/vopus.org\/wp-content\/uploads\/2024\/12\/image-1.png 208w\" sizes=\"(max-width: 480px) 100vw, 480px\" \/><figcaption class=\"wp-element-caption\"><em>Prudence, d\u00e9tail du tombeau de saint Pierre martyr, 1339, \u0153uvre en marbre de Giovanni di Balduccio \u25001300-1349 \u2500, Basilique de Sant&rsquo;Eustorgio \u2500 Milan, Italie \u2500, XIVe si\u00e8cle.<\/em><\/figcaption><\/figure><\/div>\n\n\n<p>Elle tient un miroir dans sa main droite et trois livres ferm\u00e9s dans sa main gauche.<\/p>\n\n\n\n<p>Les trois livres ferm\u00e9s que nous montrent les sculptures pr\u00e9c\u00e9dentes repr\u00e9sentent, comme le d\u00e9finit Fulcanelli, <strong>le Mercure non travaill\u00e9.<\/strong> Pour le travailler correctement, nous devons \u00eatre extr\u00eamement <strong>prudents<\/strong>, en respectant les <strong>huit vertus n\u00e9cessaires pour \u00e9veiller le Feu Sacr\u00e9,<\/strong> \u00e0 savoir : qu\u2019il y ait de l&rsquo;amour, de la compr\u00e9hension, de la volont\u00e9, la mani\u00e8re droite de gagner sa vie, la mani\u00e8re juste de penser, la mani\u00e8re juste de sentir, la paix, la fid\u00e9lit\u00e9 au conjoint et au Gourou &#8230;&#8230;.<\/p>\n\n\n\n<p> <\/p>\n\n\n<div class=\"wp-block-image\">\n<figure class=\"aligncenter size-medium\"><img decoding=\"async\" width=\"480\" height=\"719\" src=\"https:\/\/vopus.org\/wp-content\/uploads\/2024\/12\/prudence-arche-de-sant-agostino-pavia-480x719.jpg\" alt=\"Prudence, Arche de Sant'Agostino in Pavia \u2500 d\u00e9tail \u2500, XIVe s., Basilique de San Pietro in Ciel d'Oro \u2500 Italie \u2500.\" class=\"wp-image-37160\" style=\"object-fit:cover\" title=\"Prudence, Arche de Sant'Agostino in Pavia\" srcset=\"https:\/\/vopus.org\/wp-content\/uploads\/2024\/12\/prudence-arche-de-sant-agostino-pavia-480x719.jpg 480w, https:\/\/vopus.org\/wp-content\/uploads\/2024\/12\/prudence-arche-de-sant-agostino-pavia-960x1438.jpg 960w, https:\/\/vopus.org\/wp-content\/uploads\/2024\/12\/prudence-arche-de-sant-agostino-pavia-768x1151.jpg 768w, https:\/\/vopus.org\/wp-content\/uploads\/2024\/12\/prudence-arche-de-sant-agostino-pavia.jpg 427w\" sizes=\"(max-width: 480px) 100vw, 480px\" \/><figcaption class=\"wp-element-caption\"><em>Prudence, Arche de Sant&rsquo;Agostino in Pavia \u2500 d\u00e9tail \u2500, XIVe s., Basilique de San Pietro in Ciel d&rsquo;Oro \u2500 Italie \u2500.<\/em><\/figcaption><\/figure><\/div>\n\n\n<p>Voici la <strong>Prudence<\/strong> repr\u00e9sent\u00e9e, cher\/\u00e8re lecteur\/trice, all\u00e9goris\u00e9e par trois t\u00eates f\u00e9minines, portant chacune trois livres \u2500 all\u00e9gorie du Mercure des sages \u2500.<\/p>\n\n\n<div class=\"wp-block-image\">\n<figure class=\"aligncenter size-large is-resized\"><img decoding=\"async\" width=\"960\" height=\"1072\" src=\"https:\/\/vopus.org\/wp-content\/uploads\/2024\/12\/Titian_-_Allegorie_der_Zeit-960x1072.jpg\" alt=\"All\u00e9gorie de la Prudence. National Gallery, Londres.\" class=\"wp-image-36928\" style=\"width:350px\" title=\"All\u00e9gorie de la Prudence. National Gallery, Londres.\" srcset=\"https:\/\/vopus.org\/wp-content\/uploads\/2024\/12\/Titian_-_Allegorie_der_Zeit-960x1072.jpg 960w, https:\/\/vopus.org\/wp-content\/uploads\/2024\/12\/Titian_-_Allegorie_der_Zeit-480x536.jpg 480w, https:\/\/vopus.org\/wp-content\/uploads\/2024\/12\/Titian_-_Allegorie_der_Zeit-768x858.jpg 768w\" sizes=\"(max-width: 960px) 100vw, 960px\" \/><figcaption class=\"wp-element-caption\"><em>Tiziano Vecello, peintre italien \u2500 1488-1576 \u2500. All\u00e9gorie de la Prudence. National Gallery, Londres.<\/em><\/figcaption><\/figure><\/div>\n\n\n<p>Dans l\u2019\u0153uvre de Tiziano Vecello , on voit trois t\u00eates humaines, chacune regardant dans une direction diff\u00e9rente, et en dessous trois t\u00eates d&rsquo;animaux : de gauche \u00e0 droite, un loup, un lion et un chien.<\/p>\n\n\n\n<p>Au-dessus du triple portrait, Tiziano explique le sens de l&rsquo;all\u00e9gorie dans une inscription : <em><strong>EX PRAETERITO \/ PRAESENS PRUDENTER AGIT \/ NE FUTURA ACTION\u1ebc DETURPET<\/strong><\/em>, \u2018De l\u2019exp\u00e9rience du pass\u00e9, prudence dans les actes du pr\u00e9sent, pour ne pas g\u00e2cher les actes du futur&rsquo;.<\/p>\n\n\n\n<p>M\u00e9ditons maintenant sur les phrases suivantes, tr\u00e8s bienvenues pour la fin de notre th\u00e8me, voyons voir :<\/p>\n\n\n\n<p><em><strong>\u00ab La prudence est l&rsquo;\u0153il de toutes les vertus \u00bb.<\/strong><\/em><br>Pythagore<\/p>\n\n\n\n<p><em><strong>\u00ab L&rsquo;homme prudent a plus \u00e0 craindre du jugement de quelques sages que de beaucoup d&rsquo;ignorants \u00bb.<\/strong><\/em><br>Platon<\/p>\n\n\n\n<p><em><strong>\u00ab<\/strong><\/em> <strong>La prudence, c&rsquo;est savoir distinguer les choses que l\u2019on peut d\u00e9sirer de celles qu&rsquo;il faut \u00e9viter<\/strong><em><strong> \u00bb.<\/strong><\/em><br>Cic\u00e9ron<\/p>\n\n\n\n<p><em><strong>\u00ab La prudence est proprement la vertu des princes \u00bb.<\/strong><\/em><br>Aristote<\/p>\n\n\n\n<p><em><strong>\u00ab Il faut autant de prudence pour gouverner une maison qu&rsquo;un empire \u00bb.<\/strong><\/em><br>Emerson<\/p>\n\n\n\n<p class=\"has-text-align-center\"><strong><em>BARBAM ET PALLIUM<\/em><\/strong><em>,<strong> PHILOSOPHUM NONDUM VIDEO.<\/strong><\/em><br>\u2500\u2018Je vois une barbe et un manteau, mais je ne vois pas encore de philosophe\u2019\u2500.<\/p>\n\n\n\n<p class=\"has-text-align-center\"><strong>KWEN KHAN KHU<\/strong><\/p>\n","protected":false},"excerpt":{"rendered":"<p>La prudence est la vertu fondamentale que nous devons atteindre pour observer si des changements ont eu lieu dans notre travail int\u00e9rieur.<\/p>\n","protected":false},"author":4,"featured_media":36945,"comment_status":"open","ping_status":"open","sticky":false,"template":"","format":"standard","meta":{"footnotes":"","_links_to":"","_links_to_target":""},"categories":[162,212,467],"tags":[],"contenido":[272],"fuente":[49],"pilar":[],"fase":[],"conferencia":[],"read_online":[],"author_tax":[323],"class_list":["post-37010","post","type-post","status-publish","format-standard","has-post-thumbnail","hentry","category-alchimie","category-mysticisme","category-messages-du-v-m-kwen-khan-khu","contenido-articles","fuente-maestro","author_tax-v-m-kwen-khan-khu-fr"],"_links":{"self":[{"href":"https:\/\/vopus.org\/fr\/wp-json\/wp\/v2\/posts\/37010","targetHints":{"allow":["GET"]}}],"collection":[{"href":"https:\/\/vopus.org\/fr\/wp-json\/wp\/v2\/posts"}],"about":[{"href":"https:\/\/vopus.org\/fr\/wp-json\/wp\/v2\/types\/post"}],"author":[{"embeddable":true,"href":"https:\/\/vopus.org\/fr\/wp-json\/wp\/v2\/users\/4"}],"replies":[{"embeddable":true,"href":"https:\/\/vopus.org\/fr\/wp-json\/wp\/v2\/comments?post=37010"}],"version-history":[{"count":3,"href":"https:\/\/vopus.org\/fr\/wp-json\/wp\/v2\/posts\/37010\/revisions"}],"predecessor-version":[{"id":37174,"href":"https:\/\/vopus.org\/fr\/wp-json\/wp\/v2\/posts\/37010\/revisions\/37174"}],"wp:featuredmedia":[{"embeddable":true,"href":"https:\/\/vopus.org\/fr\/wp-json\/wp\/v2\/media\/36945"}],"wp:attachment":[{"href":"https:\/\/vopus.org\/fr\/wp-json\/wp\/v2\/media?parent=37010"}],"wp:term":[{"taxonomy":"category","embeddable":true,"href":"https:\/\/vopus.org\/fr\/wp-json\/wp\/v2\/categories?post=37010"},{"taxonomy":"post_tag","embeddable":true,"href":"https:\/\/vopus.org\/fr\/wp-json\/wp\/v2\/tags?post=37010"},{"taxonomy":"contenido","embeddable":true,"href":"https:\/\/vopus.org\/fr\/wp-json\/wp\/v2\/contenido?post=37010"},{"taxonomy":"fuente","embeddable":true,"href":"https:\/\/vopus.org\/fr\/wp-json\/wp\/v2\/fuente?post=37010"},{"taxonomy":"pilar","embeddable":true,"href":"https:\/\/vopus.org\/fr\/wp-json\/wp\/v2\/pilar?post=37010"},{"taxonomy":"fase","embeddable":true,"href":"https:\/\/vopus.org\/fr\/wp-json\/wp\/v2\/fase?post=37010"},{"taxonomy":"conferencia","embeddable":true,"href":"https:\/\/vopus.org\/fr\/wp-json\/wp\/v2\/conferencia?post=37010"},{"taxonomy":"read_online","embeddable":true,"href":"https:\/\/vopus.org\/fr\/wp-json\/wp\/v2\/read_online?post=37010"},{"taxonomy":"author_tax","embeddable":true,"href":"https:\/\/vopus.org\/fr\/wp-json\/wp\/v2\/author_tax?post=37010"}],"curies":[{"name":"wp","href":"https:\/\/api.w.org\/{rel}","templated":true}]}}