{"id":30789,"date":"2023-09-16T09:00:00","date_gmt":"2023-09-16T12:00:00","guid":{"rendered":"https:\/\/vopus.org\/perspectivas-sobre-la-magia\/"},"modified":"2023-09-19T12:52:47","modified_gmt":"2023-09-19T15:52:47","slug":"perspectives-sur-la-magie","status":"publish","type":"post","link":"https:\/\/vopus.org\/fr\/perspectives-sur-la-magie\/","title":{"rendered":"Perspectives sur la magie \u00e0 partir d\u2019exp\u00e9riences"},"content":{"rendered":"\n<p>Tr\u00e8s chers lecteurs et lectrices&nbsp;:<\/p>\n\n\n\n<p>Je me tourne vers vous pour vous faire quelques commentaires sur une gravure qui est incluse dans une \u0153uvre qui traite de ce qui suit&nbsp;:<\/p>\n\n\n\n<h2 class=\"wp-block-heading has-text-align-center\">PERSPECTIVES SUR LA MAGIE \u00c0 PARTIR D\u2019EXP\u00c9RIENCES PROUV\u00c9ES SUR LES SCIENCES PHILOSOPHIQUES OCCULTES ET LES SECRETS CACH\u00c9S DE LA NATURE<\/h2>\n\n\n\n<p><br>L\u2019\u0153uvre \u00e0 laquelle nous faisons r\u00e9f\u00e9rence ci-dessus a \u00e9t\u00e9 \u00e9crite par <strong>Karl Eckartshausen <\/strong>et a \u00e9t\u00e9 publi\u00e9e en 1788 \u00e0 Munich \u2500 Allemagne \u2500.<\/p>\n\n\n\n<p>Selon les historiens, il s\u2019agit d\u2019une \u0153uvre \u00e0 caract\u00e8re th\u00e9osophique qui contient divers sujets de philosophie naturelle et d\u2019\u00e9sot\u00e9risme, reprenant des \u00e9l\u00e9ments de la Kabbale et de l\u2019Herm\u00e9tisme. Elle v\u00e9hicule l\u2019id\u00e9e que les secrets de la nature ne seront r\u00e9v\u00e9l\u00e9s qu\u2019aux hommes au bon c\u0153ur. De tels individus peuvent utiliser le pouvoir qui vient avec cette connaissance secr\u00e8te pour l\u2019am\u00e9lioration de l\u2019humanit\u00e9.<\/p>\n\n\n\n<p>Il affirme \u00e9galement que plus nous nous approchons de la cr\u00e9ation des Dieux, qui n\u2019est autre que la nature, plus nous nous approchons du pouvoir du Dieu unique.<\/p>\n\n\n<div class=\"wp-block-image\">\n<figure class=\"aligncenter size-medium is-resized\"><img decoding=\"async\" src=\"https:\/\/vopus.org\/wp-content\/uploads\/2023\/09\/perspectivas-sobre-la-magia-karl-eckartshausen-480x831.png\" alt=\"Perspectives sur la magie \u00e0 partir d\u2019exp\u00e9riences, Karl Eckartshausen\" class=\"wp-image-30689\" width=\"360\" height=\"623\" title=\"Perspectives sur la magie \u00e0 partir d\u2019exp\u00e9riences, Karl Eckartshausen\" srcset=\"https:\/\/vopus.org\/wp-content\/uploads\/2023\/09\/perspectivas-sobre-la-magia-karl-eckartshausen-480x831.png 480w, https:\/\/vopus.org\/wp-content\/uploads\/2023\/09\/perspectivas-sobre-la-magia-karl-eckartshausen-960x1662.png 960w, https:\/\/vopus.org\/wp-content\/uploads\/2023\/09\/perspectivas-sobre-la-magia-karl-eckartshausen-768x1329.png 768w, https:\/\/vopus.org\/wp-content\/uploads\/2023\/09\/perspectivas-sobre-la-magia-karl-eckartshausen.png 1173w\" sizes=\"(max-width: 360px) 100vw, 360px\" \/><\/figure><\/div>\n\n\n<p>Pour commencer nos commentaires, nous dirons que la gravure nous pr\u00e9sente, tout d\u2019abord, une figure humaine repr\u00e9sentative de notre \u00caTRE. C\u2019est pourquoi nous y voyons des flammes de feu qui jaillissent de sa t\u00eate en formant une croix. Ceci pour signaler que Dieu en soi est un feu \u2500 comme l\u2019a si bien dit H\u00e9raclite \u2500 et que de lui jaillit absolument toute la cr\u00e9ation.<\/p>\n\n\n\n<p>Cette d\u00e9it\u00e9 ici repr\u00e9sent\u00e9e a dans sa main droite un globe repr\u00e9sentatif de la Lune et dans sa main gauche un Soleil. Ces deux images sont, alchimiquement parlant, figuratives du pouvoir du <strong>Soufre<\/strong> et du <strong>Mercure,<\/strong> \u00e9l\u00e9ments fondamentaux pour r\u00e9aliser le Grand \u0152uvre int\u00e9rieur dont les <strong>Ma\u00eetres de l\u2019art transmutatoire<\/strong> ont toujours parl\u00e9.<\/p>\n\n\n\n<p>Il est bon de noter que les deux astres montr\u00e9s ici \u2500 le Soleil et la Lune \u2500 sont unis par une cha\u00eene, car la science alchimique souligne que ces deux \u00e9l\u00e9ments \u2500 Soufre et Mercure \u2500 doivent finir par former un seul \u00e9l\u00e9ment qui a \u00e9t\u00e9 appel\u00e9 <strong>Teinture Rouge<\/strong> ou <strong>\u00c9lixir Rouge<\/strong>. \u00c9videmment, cette transformation ne se fait pas du jour au lendemain, mais elle est le fruit du raffinement et de la patience de l\u2019op\u00e9rateur ou alchimiste.<\/p>\n\n\n\n<p>Sans aucun doute, dans la r\u00e9alisation de l\u2019\u0153uvre int\u00e9rieure ou Pierre Philosophale, le courant du son ou loi des octaves musicales joue un r\u00f4le important. Tout cela est indiqu\u00e9 dans les textes anciens comme des <strong>mantras<\/strong>, qui aident \u00e0 la transformation de notre mati\u00e8re mercurielle. C\u2019est pourquoi nous voyons que le tronc du v\u00e9n\u00e9rable vieillard est constitu\u00e9 <strong>d\u2019une lyre<\/strong>, instrument musical qui a \u00e9t\u00e9 montr\u00e9 dans de nombreuses peintures et gravures relatives aux anges ou aux h\u00e9ros mythologiques. <\/p>\n\n\n\n<p>Nous voyons \u00e9galement que le tronc de la divinit\u00e9 repose sur <strong>sept livres ou trait\u00e9s<\/strong>. Chacun de ces livres contient les sages d\u00e9tails qu\u2019il a fallu mettre en pratique pour la fabrication de notre v\u00e9ritable anatomie secr\u00e8te ou <strong>corps mercuriels<\/strong>. Nous parlons ici de nos v\u00e9hicules atomiques. De m\u00eame, les cuill\u00e8res suspendues \u00e0 ces trait\u00e9s symbolisent le soin apport\u00e9 au traitement de cette <strong>Teinture Rouge <\/strong>dont nous avons parl\u00e9 dans les lignes pr\u00e9c\u00e9dentes.<\/p>\n\n\n<div class=\"wp-block-image\">\n<figure class=\"alignright size-medium is-resized\"><img decoding=\"async\" src=\"https:\/\/vopus.org\/wp-content\/uploads\/2023\/09\/perspectivas-sobre-la-magia-karl-eckartshausen-manto-figuras-astrologicas-hermeticas-480x479.png\" alt=\"Pierre Cubique ou Pierre Philosophale\" class=\"wp-image-30702\" width=\"360\" height=\"359\" title=\"Pierre Cubique ou Pierre Philosophale\" srcset=\"https:\/\/vopus.org\/wp-content\/uploads\/2023\/09\/perspectivas-sobre-la-magia-karl-eckartshausen-manto-figuras-astrologicas-hermeticas-480x479.png 480w, https:\/\/vopus.org\/wp-content\/uploads\/2023\/09\/perspectivas-sobre-la-magia-karl-eckartshausen-manto-figuras-astrologicas-hermeticas-960x958.png 960w, https:\/\/vopus.org\/wp-content\/uploads\/2023\/09\/perspectivas-sobre-la-magia-karl-eckartshausen-manto-figuras-astrologicas-hermeticas-768x767.png 768w, https:\/\/vopus.org\/wp-content\/uploads\/2023\/09\/perspectivas-sobre-la-magia-karl-eckartshausen-manto-figuras-astrologicas-hermeticas-1536x1536.png 1536w, https:\/\/vopus.org\/wp-content\/uploads\/2023\/09\/perspectivas-sobre-la-magia-karl-eckartshausen-manto-figuras-astrologicas-hermeticas-560x560.png 560w, https:\/\/vopus.org\/wp-content\/uploads\/2023\/09\/perspectivas-sobre-la-magia-karl-eckartshausen-manto-figuras-astrologicas-hermeticas-900x900.png 900w, https:\/\/vopus.org\/wp-content\/uploads\/2023\/09\/perspectivas-sobre-la-magia-karl-eckartshausen-manto-figuras-astrologicas-hermeticas-1920x1920.png 1920w, https:\/\/vopus.org\/wp-content\/uploads\/2023\/09\/perspectivas-sobre-la-magia-karl-eckartshausen-manto-figuras-astrologicas-hermeticas.png 1798w\" sizes=\"(max-width: 360px) 100vw, 360px\" \/><\/figure><\/div>\n\n\n<p>En faisant un exercice d\u2019imagination, nous pourrions dire que les sept trait\u00e9s ou livres sur lesquels repose le divin vieillard forment une sorte de cube qui pourrait indiquer la <strong>Pierre Cubique ou Pierre<\/strong> <strong>Philosophale<\/strong>.<\/p>\n\n\n\n<p>Sous les livres pr\u00e9c\u00e9demment cit\u00e9s se trouve un meuble sur lequel nous voyons un manteau rempli de figures astrologiques et herm\u00e9tiques. Ceci pour nous indiquer la relation des plan\u00e8tes avec les phases de notre travail dans la Forge de Vulcain \u2500 rappelons-nous la conf\u00e9rence de notre V.M. Samael Aun Weor intitul\u00e9e \u00ab&nbsp;<strong>Les plan\u00e8tes m\u00e9talliques de l\u2019Alchimie&nbsp;\u00bb \u2500<\/strong>.Ce tissu dont nous parlons est aussi en lien avec <strong>le voile qui recouvre les myst\u00e8res divins<\/strong> et que l\u2019alchimiste doit ouvrir dans sa travers\u00e9e.<\/p>\n\n\n\n<p>Finalement, nous vous faisons savoir qu\u2019Eckartshausen a poursuivi son trait\u00e9 \u2500 <strong><em>Aufschl\u00fcsse zur Magie <\/em><\/strong>\u2500 avec trois autres volumes qui ont \u00e9t\u00e9 publi\u00e9s en 1790, 1791 et 1792.<\/p>\n\n\n\n<p>Je vous ajoute maintenant quelques phrases que je consid\u00e8re int\u00e9ressantes&nbsp;:<\/p>\n\n\n\n<p><strong><em>\u00ab&nbsp;Le g\u00e9nie est une r\u00e9v\u00e9lation de Dieu&nbsp;\u00bb.<\/em><\/strong><br>Calder\u00f3n<\/p>\n\n\n\n<p><strong><em>\u00ab&nbsp;Le talent est une magistrature&nbsp;; le g\u00e9nie est un sacerdoce&nbsp;\u00bb.<\/em><\/strong><br>Victor Hugo<\/p>\n\n\n\n<p><strong><em>\u00ab Le g\u00e9nie est compos\u00e9 de deux pour cent de talent et de quatre-vingt-dix-huit pour cent d\u2019application pers\u00e9v\u00e9rante&nbsp;\u00bb.<\/em><\/strong><br>Beethoven<\/p>\n\n\n\n<p><strong><em>\u00ab&nbsp;Le g\u00e9nie est comme l\u2019aigle&nbsp;: plus il s\u2019\u00e9l\u00e8ve moins il est visible, et il est puni de sa grandeur par la solitude de l\u2019\u00e2me&nbsp;\u00bb.<\/em><\/strong><br>Racine<\/p>\n\n\n\n<p><strong><em>\u00ab Un g\u00e9nie est une usine ; un \u00e9rudit un entrep\u00f4t&nbsp;\u00bb.<\/em><\/strong><br>Balmes<\/p>\n\n\n\n<p class=\"has-text-align-center\"><strong><em>GLADIUS DEI.<\/em><\/strong><br>\u2500 \u2018L\u2019\u00e9p\u00e9e de Dieu\u2019 \u2500<\/p>\n\n\n\n<p><strong>KWEN KHAN KHU<\/strong><\/p>\n","protected":false},"excerpt":{"rendered":"<p>Selon les historiens, il s\u2019agit d\u2019une \u0153uvre \u00e0 caract\u00e8re th\u00e9osophique qui contient divers sujets de philosophie naturelle et d\u2019\u00e9sot\u00e9risme, reprenant des \u00e9l\u00e9ments de la Kabbale et de l\u2019Herm\u00e9tisme.<\/p>\n","protected":false},"author":4,"featured_media":30795,"comment_status":"open","ping_status":"open","sticky":false,"template":"","format":"standard","meta":{"footnotes":"","_links_to":"","_links_to_target":""},"categories":[477,223,467],"tags":[487,540,623,671],"contenido":[272],"fuente":[],"pilar":[],"fase":[],"conferencia":[],"read_online":[],"author_tax":[323],"class_list":["post-30789","post","type-post","status-publish","format-standard","has-post-thumbnail","hentry","category-symboles-universels","category-magie","category-messages-du-v-m-kwen-khan-khu","tag-mensajes-del-v-m-kwen-khan-khu-fr","tag-simbolos-universales-fr","tag-kabala-fr","tag-magia-fr","contenido-articles","author_tax-v-m-kwen-khan-khu-fr"],"_links":{"self":[{"href":"https:\/\/vopus.org\/fr\/wp-json\/wp\/v2\/posts\/30789","targetHints":{"allow":["GET"]}}],"collection":[{"href":"https:\/\/vopus.org\/fr\/wp-json\/wp\/v2\/posts"}],"about":[{"href":"https:\/\/vopus.org\/fr\/wp-json\/wp\/v2\/types\/post"}],"author":[{"embeddable":true,"href":"https:\/\/vopus.org\/fr\/wp-json\/wp\/v2\/users\/4"}],"replies":[{"embeddable":true,"href":"https:\/\/vopus.org\/fr\/wp-json\/wp\/v2\/comments?post=30789"}],"version-history":[{"count":3,"href":"https:\/\/vopus.org\/fr\/wp-json\/wp\/v2\/posts\/30789\/revisions"}],"predecessor-version":[{"id":30809,"href":"https:\/\/vopus.org\/fr\/wp-json\/wp\/v2\/posts\/30789\/revisions\/30809"}],"wp:featuredmedia":[{"embeddable":true,"href":"https:\/\/vopus.org\/fr\/wp-json\/wp\/v2\/media\/30795"}],"wp:attachment":[{"href":"https:\/\/vopus.org\/fr\/wp-json\/wp\/v2\/media?parent=30789"}],"wp:term":[{"taxonomy":"category","embeddable":true,"href":"https:\/\/vopus.org\/fr\/wp-json\/wp\/v2\/categories?post=30789"},{"taxonomy":"post_tag","embeddable":true,"href":"https:\/\/vopus.org\/fr\/wp-json\/wp\/v2\/tags?post=30789"},{"taxonomy":"contenido","embeddable":true,"href":"https:\/\/vopus.org\/fr\/wp-json\/wp\/v2\/contenido?post=30789"},{"taxonomy":"fuente","embeddable":true,"href":"https:\/\/vopus.org\/fr\/wp-json\/wp\/v2\/fuente?post=30789"},{"taxonomy":"pilar","embeddable":true,"href":"https:\/\/vopus.org\/fr\/wp-json\/wp\/v2\/pilar?post=30789"},{"taxonomy":"fase","embeddable":true,"href":"https:\/\/vopus.org\/fr\/wp-json\/wp\/v2\/fase?post=30789"},{"taxonomy":"conferencia","embeddable":true,"href":"https:\/\/vopus.org\/fr\/wp-json\/wp\/v2\/conferencia?post=30789"},{"taxonomy":"read_online","embeddable":true,"href":"https:\/\/vopus.org\/fr\/wp-json\/wp\/v2\/read_online?post=30789"},{"taxonomy":"author_tax","embeddable":true,"href":"https:\/\/vopus.org\/fr\/wp-json\/wp\/v2\/author_tax?post=30789"}],"curies":[{"name":"wp","href":"https:\/\/api.w.org\/{rel}","templated":true}]}}