{"id":17762,"date":"2022-03-09T18:22:00","date_gmt":"2022-03-09T21:22:00","guid":{"rendered":"https:\/\/vopus.org\/?p=17762"},"modified":"2022-03-03T15:31:09","modified_gmt":"2022-03-03T18:31:09","slug":"ginebra-de-benci","status":"publish","type":"post","link":"https:\/\/vopus.org\/fr\/ginebra-de-benci\/","title":{"rendered":"Ginevra de Benci"},"content":{"rendered":"\n<p>Tr\u00e8s aim\u00e9s compagnons\/compagnes&nbsp;:<\/p>\n\n\n\n<p>Je m\u2019adresse \u00e0 vous tous pour vous faire quelques commentaires sur une autre des \u0153uvres extraordinaires attribu\u00e9es au Ma\u00eetre L\u00e9onard de Vinci, qui a \u00e9t\u00e9 intitul\u00e9e\u2026<\/p>\n\n\n\n<p class=\"has-text-align-center\"><strong>\u2026GINEVRA DE BENCI<\/strong><\/p>\n\n\n\n<p>Signalons avant tout que le visage de cette femme est profond\u00e9ment \u00e9nigmatique, surtout si nous y observons ses yeux et sa bouche. Ses yeux nous disent de divorcer du monde mayavique. Ses l\u00e8vres expriment un silence propre aux Esprits lib\u00e9r\u00e9s.<\/p>\n\n\n\n<p>Entrons dans quelques consid\u00e9rations n\u00e9cessaires que nous devons prendre en compte historiquement&nbsp;:<\/p>\n\n\n\n<p>Les historiens et les \u00e9rudits consid\u00e8rent que cette dame repr\u00e9sente une femme nomm\u00e9e <strong>Ginevra de Benci <\/strong>et ils la relient \u00e0 un ami de L\u00e9onard de Vinci, cet individu serait ainsi son p\u00e8re physique. L\u2019individu s\u2019appellerait <strong>Giovanni Benci<\/strong>&#8230;<\/p>\n\n\n\n<p>Beaucoup commentent les arbres en arri\u00e8re-plan de cette silhouette, qui sont des gen\u00e9vriers. Ce nom donn\u00e9 \u00e0 ces arbres se prononce <strong>[ginepros] <\/strong>en langue italienne, et c\u2019est pourquoi on associe phon\u00e9tiquement ce nom au mot <strong>Ginevra<\/strong>.<\/p>\n\n\n\n<p>\u00c9sot\u00e9riquement, cher lecteur, nous sommes devant une repr\u00e9sentation de la <strong>Gueni\u00e8vre <\/strong>ou <strong>\u00c2me Divine <\/strong>que tout homme et toute femme porte en soi, dans ses profondeurs animiques.<\/p>\n\n\n\n<p>D\u2019un c\u00f4t\u00e9 de cette dame \u00e9nigmatique, nous remarquons, comme toujours, les eaux alchimiques que L\u00e9onard de Vinci a voulu normalement montrer dans toutes ses \u0153uvres, en tant que Ma\u00eetre de l\u2019art transmutatoire auquel il fut toujours associ\u00e9.<\/p>\n\n\n\n<p>Les cheveux de cette dame r\u00e9fl\u00e9chie sont comme une cascade d\u2019or, car elle synth\u00e9tise la perfection des travaux de laboratoire et de <strong>mort absolue <\/strong>dans les Initi\u00e9s. Nous pourrions dire avec emphase que, dans le cas de cette toile, L\u00e9onard de Vinci a voulu se r\u00e9f\u00e9rer directement \u00e0 la <strong>Voie Humide, <\/strong>que choisissent ceux qui aspirent \u00e0 se reposer dans les sph\u00e8res nirvaniques.<\/p>\n\n\n\n<p>Il est n\u00e9cessaire de savoir, chers amis et amies, qu\u2019il y a un embl\u00e8me au dos de cette peinture consistant en une <strong>branche de laurier <\/strong>qui se croise avec une branche de<strong> palmier. <\/strong>Les deux contiennent une devise d\u00e9crite en latin&nbsp;: <strong><em>virtutem forma decorat<\/em><\/strong>, ce qui, traduit, signifie <strong>\u2018la beaut\u00e9 est l\u2019ornement de la vertu\u2019.<\/strong> Ostensiblement, ce qui rend l\u2019\u00e2me belle, ce sont pr\u00e9cis\u00e9ment les diverses vertus qu\u2019elle peut manifester et qui sont, en d\u00e9finitive, comme <strong>des pierres pr\u00e9cieuses qui l\u2019ornent<\/strong>.<\/p>\n\n\n\n<p>Malheureusement, nous devons dire que la partie inf\u00e9rieure de cette \u0153uvre picturale, pour des raisons que nous ignorons, a \u00e9t\u00e9 coup\u00e9e, et c\u2019est pourquoi on suppose que l\u2019esquisse que vous voyez \u00e0 la fin ci-dessous, dans laquelle nous observons des mains, est attribu\u00e9e \u00e0 cette m\u00eame peinture.<\/p>\n\n\n\n<p>Quand nous observons ces mains, nous pouvons remarquer qu\u2019elles s\u2019entrecroisent et que la main droite signale, sp\u00e9cifiquement, cette partie de notre corps dans laquelle la <strong>vraie Kabale <\/strong>situe ce <strong>Sephiroth <\/strong>que nous appelons gnostiquement <strong>Tiphereth. <\/strong>Ce Sephiroth corresponde dans notre organisme justement \u00e0 cette zone de notre corps que nous appelons l\u2019<strong>entre-poitrine, <\/strong>car n\u2019oublions pas que, finalement, nous, les amoureux de la <strong>Gnose, <\/strong>aspirons \u00e0 d\u00e9veloppent nos Feux Sacr\u00e9s pour rester unis \u00e0 notre corps causal, lieu o\u00f9 nous devons situer cette zone que nous sommes en train de signaler avec ce nom&nbsp;: <strong>Tiphereth<\/strong>&#8230; Il est tr\u00e8s triste, patient lecteur, de savoir que toutes ces \u0153uvres transcendantales des g\u00e9nies de l\u2019antiquit\u00e9 sont aujourd\u2019hui interpr\u00e9t\u00e9es capricieusement par la Conscience endormie des pseudo-intellectuels, et ils d\u00e9bitent dans leurs affirmations de vraies horreurs qui n\u2019ont rien \u00e0 voir avec l\u2019objectif qui a originellement pouss\u00e9 l\u2019artiste \u00e0 les r\u00e9aliser.<\/p>\n\n\n\n<figure class=\"wp-block-gallery columns-2 is-cropped wp-block-gallery-1 is-layout-flex wp-block-gallery-is-layout-flex\"><ul class=\"blocks-gallery-grid\"><li class=\"blocks-gallery-item\"><figure><img decoding=\"async\" width=\"960\" height=\"1016\" src=\"https:\/\/vopus.org\/wp-content\/uploads\/2022\/03\/ginebra1-960x1016.jpg\" alt=\"\" data-id=\"17653\" data-full-url=\"https:\/\/vopus.org\/wp-content\/uploads\/2022\/03\/ginebra1.jpg\" data-link=\"https:\/\/vopus.org\/?attachment_id=17653\" class=\"wp-image-17656\" srcset=\"https:\/\/vopus.org\/wp-content\/uploads\/2022\/03\/ginebra1-960x1016.jpg 960w, https:\/\/vopus.org\/wp-content\/uploads\/2022\/03\/ginebra1-480x508.jpg 480w, https:\/\/vopus.org\/wp-content\/uploads\/2022\/03\/ginebra1-768x813.jpg 768w, https:\/\/vopus.org\/wp-content\/uploads\/2022\/03\/ginebra1.jpg 1200w\" sizes=\"(max-width: 960px) 100vw, 960px\" \/><\/figure><\/li><li class=\"blocks-gallery-item\"><figure><img decoding=\"async\" width=\"960\" height=\"1003\" src=\"https:\/\/vopus.org\/wp-content\/uploads\/2022\/03\/ginebra2-960x1003.jpg\" alt=\"\" data-id=\"17664\" data-full-url=\"https:\/\/vopus.org\/wp-content\/uploads\/2022\/03\/ginebra2.jpg\" data-link=\"https:\/\/vopus.org\/?attachment_id=17664\" class=\"wp-image-17667\" srcset=\"https:\/\/vopus.org\/wp-content\/uploads\/2022\/03\/ginebra2-960x1003.jpg 960w, https:\/\/vopus.org\/wp-content\/uploads\/2022\/03\/ginebra2-480x501.jpg 480w, https:\/\/vopus.org\/wp-content\/uploads\/2022\/03\/ginebra2-768x802.jpg 768w, https:\/\/vopus.org\/wp-content\/uploads\/2022\/03\/ginebra2.jpg 1485w\" sizes=\"(max-width: 960px) 100vw, 960px\" \/><\/figure><\/li><\/ul><\/figure>\n\n\n\n<figure class=\"wp-block-image size-large\"><img decoding=\"async\" width=\"960\" height=\"1597\" src=\"https:\/\/vopus.org\/wp-content\/uploads\/2022\/03\/ginebra3-960x1597.jpg\" alt=\"\" class=\"wp-image-17678\" srcset=\"https:\/\/vopus.org\/wp-content\/uploads\/2022\/03\/ginebra3-960x1597.jpg 960w, https:\/\/vopus.org\/wp-content\/uploads\/2022\/03\/ginebra3-480x798.jpg 480w, https:\/\/vopus.org\/wp-content\/uploads\/2022\/03\/ginebra3-768x1278.jpg 768w, https:\/\/vopus.org\/wp-content\/uploads\/2022\/03\/ginebra3.jpg 709w\" sizes=\"(max-width: 960px) 100vw, 960px\" \/><\/figure>\n\n\n\n<p>Je vous remets maintenant quelques phrases sur lesquelles r\u00e9fl\u00e9chir&nbsp;:<\/p>\n\n\n\n<p><strong><em>\u00ab\u00a0Le peintre lutte et rivalise avec la nature\u00a0\u00bb.<\/em><\/strong><br>L\u00e9onard de Vinci<\/p>\n\n\n\n<p><strong><em>\u00ab\u00a0La peinture surpasse la musique en excellence et en seigneurie, parce qu\u2019elle ne meurt pas apr\u00e8s avoir enfant\u00e9 ses cr\u00e9ations comme cela arrive \u00e0 la malheureuse musique. La peinture, au contraire, prolonge son existence en nous montrant sur une simple surface toute sa vitalit\u00e9 \u00bb.<\/em><\/strong><br>L\u00e9onard de Vinci<\/p>\n\n\n\n<p><strong><em>\u00ab\u00a0Le po\u00e8te obtient ses effets gr\u00e2ce \u00e0 la succession d\u2019images\u00a0; le peintre gr\u00e2ce \u00e0 sa simultan\u00e9it\u00e9 \u00bb.<\/em><\/strong><br>Delacroix<\/p>\n\n\n\n<p><strong><em>\u00ab L\u2019histoire, la po\u00e9sie et la peinture se symbolisent mutuellement et se ressemblent tellement que lorsqu\u2019on \u00e9crit l\u2019histoire, on peint, et lorsqu\u2019on peint, on compose\u00a0\u00bb.<\/em><\/strong><br>Cervantes<\/p>\n\n\n\n<p><strong><em>\u00ab\u00a0Dire au peintre qu\u2019il faut prendre la nature comme elle est, vaut de dire au virtuose qu\u2019il peut s\u2019asseoir sur le piano\u00a0\u00bb.<\/em><\/strong><br>J. McN. Whistler<\/p>\n\n\n\n<p class=\"has-text-align-center\"><strong><em>NUDA VERITAS.<\/em><\/strong><br>\u2500\u2018La v\u00e9rit\u00e9 nue\u2019\u2500.<br><strong>KWEN KHAN KHU<\/strong><\/p>\n","protected":false},"excerpt":{"rendered":"<p>Tr\u00e8s aim\u00e9s compagnons\/compagnes&nbsp;: Je m\u2019adresse \u00e0 vous tous pour vous faire quelques commentaires sur une autre des \u0153uvres extraordinaires attribu\u00e9es au Ma\u00eetre L\u00e9onard de Vinci, qui a \u00e9t\u00e9 intitul\u00e9e\u2026 \u2026GINEVRA DE BENCI Signalons avant tout que le visage de cette femme est profond\u00e9ment \u00e9nigmatique, surtout si nous y observons ses yeux et sa bouche. Ses [&hellip;]<\/p>\n","protected":false},"author":4,"featured_media":17689,"comment_status":"open","ping_status":"open","sticky":false,"template":"","format":"standard","meta":{"footnotes":"","_links_to":"","_links_to_target":""},"categories":[128,467],"tags":[],"contenido":[272],"fuente":[49],"pilar":[],"fase":[],"conferencia":[],"read_online":[],"author_tax":[323],"class_list":["post-17762","post","type-post","status-publish","format-standard","has-post-thumbnail","hentry","category-anthropologie","category-messages-du-v-m-kwen-khan-khu","contenido-articles","fuente-maestro","author_tax-v-m-kwen-khan-khu-fr"],"_links":{"self":[{"href":"https:\/\/vopus.org\/fr\/wp-json\/wp\/v2\/posts\/17762","targetHints":{"allow":["GET"]}}],"collection":[{"href":"https:\/\/vopus.org\/fr\/wp-json\/wp\/v2\/posts"}],"about":[{"href":"https:\/\/vopus.org\/fr\/wp-json\/wp\/v2\/types\/post"}],"author":[{"embeddable":true,"href":"https:\/\/vopus.org\/fr\/wp-json\/wp\/v2\/users\/4"}],"replies":[{"embeddable":true,"href":"https:\/\/vopus.org\/fr\/wp-json\/wp\/v2\/comments?post=17762"}],"version-history":[{"count":0,"href":"https:\/\/vopus.org\/fr\/wp-json\/wp\/v2\/posts\/17762\/revisions"}],"wp:featuredmedia":[{"embeddable":true,"href":"https:\/\/vopus.org\/fr\/wp-json\/wp\/v2\/media\/17689"}],"wp:attachment":[{"href":"https:\/\/vopus.org\/fr\/wp-json\/wp\/v2\/media?parent=17762"}],"wp:term":[{"taxonomy":"category","embeddable":true,"href":"https:\/\/vopus.org\/fr\/wp-json\/wp\/v2\/categories?post=17762"},{"taxonomy":"post_tag","embeddable":true,"href":"https:\/\/vopus.org\/fr\/wp-json\/wp\/v2\/tags?post=17762"},{"taxonomy":"contenido","embeddable":true,"href":"https:\/\/vopus.org\/fr\/wp-json\/wp\/v2\/contenido?post=17762"},{"taxonomy":"fuente","embeddable":true,"href":"https:\/\/vopus.org\/fr\/wp-json\/wp\/v2\/fuente?post=17762"},{"taxonomy":"pilar","embeddable":true,"href":"https:\/\/vopus.org\/fr\/wp-json\/wp\/v2\/pilar?post=17762"},{"taxonomy":"fase","embeddable":true,"href":"https:\/\/vopus.org\/fr\/wp-json\/wp\/v2\/fase?post=17762"},{"taxonomy":"conferencia","embeddable":true,"href":"https:\/\/vopus.org\/fr\/wp-json\/wp\/v2\/conferencia?post=17762"},{"taxonomy":"read_online","embeddable":true,"href":"https:\/\/vopus.org\/fr\/wp-json\/wp\/v2\/read_online?post=17762"},{"taxonomy":"author_tax","embeddable":true,"href":"https:\/\/vopus.org\/fr\/wp-json\/wp\/v2\/author_tax?post=17762"}],"curies":[{"name":"wp","href":"https:\/\/api.w.org\/{rel}","templated":true}]}}