{"id":17428,"date":"2022-02-01T12:54:10","date_gmt":"2022-02-01T15:54:10","guid":{"rendered":"https:\/\/vopus.org\/letat-interieur\/"},"modified":"2022-06-06T19:30:33","modified_gmt":"2022-06-06T22:30:33","slug":"l-etat-interieur","status":"publish","type":"post","link":"https:\/\/vopus.org\/fr\/l-etat-interieur\/","title":{"rendered":"L\u2019\u00e9tat int\u00e9rieur"},"content":{"rendered":"\n<p>Combiner, de fa\u00e7on correcte, les \u00e9tats int\u00e9rieurs aux \u00e9v\u00e9nements ext\u00e9rieurs, c\u2019est savoir vivre intelligemment\u2026<\/p>\n\n\n\n<p>Tout \u00e9v\u00e9nement v\u00e9cu intelligemment exige son \u00e9tat int\u00e9rieur sp\u00e9cifique correspondant\u2026<\/p>\n\n\n\n<p>Malheureusement, quand les gens se rem\u00e9morent leur vie, ils pensent que la vie en elle-m\u00eame est constitu\u00e9e exclusivement d\u2019\u00e9v\u00e9nements ext\u00e9rieurs\u2026<\/p>\n\n\n\n<p>Pauvres gens ! Ils pensent que si tel ou tel \u00e9v\u00e9nement ne s\u2019\u00e9tait pas produit, leur vie aurait \u00e9t\u00e9 meilleure\u2026<\/p>\n\n\n\n<p>Ils supposent que le sort a jou\u00e9 contre eux et qu\u2019ils ont perdu l\u2019opportunit\u00e9 d\u2019\u00eatre heureux\u2026<\/p>\n\n\n\n<p>Ils se lamentent sur ce qu\u2019ils ont perdu, pleurent sur ce qu\u2019ils ont m\u00e9pris\u00e9, g\u00e9missent en se rappelant les vieilles erreurs et calamit\u00e9s\u2026<\/p>\n\n\n\n<p>Les gens ne veulent pas se rendre compte que v\u00e9g\u00e9ter n\u2019est pas vivre et que la capacit\u00e9 \u00e0 exister consciemment d\u00e9pend exclusivement de la qualit\u00e9 des \u00e9tats int\u00e9rieurs de l\u2019\u00e2me\u2026<\/p>\n\n\n\n<p>La beaut\u00e9 des \u00e9v\u00e9nements externes de la vie n\u2019a, certes, aucune importance si nous n\u2019avons pas, dans ces moments-l\u00e0, l\u2019\u00e9tat int\u00e9rieur appropri\u00e9 ; les meilleurs \u00e9v\u00e9nements peuvent nous para\u00eetre monotones, fatigants ou simplement ennuyeux\u2026<\/p>\n\n\n\n<p>Une personne attend avec anxi\u00e9t\u00e9 la f\u00eate nuptiale, c\u2019est un \u00e9v\u00e9nement mais il peut tr\u00e8s bien arriver qu\u2019au moment pr\u00e9cis de l\u2019\u00e9v\u00e9nement, elle soit tellement pr\u00e9occup\u00e9e qu\u2019elle n\u2019\u00e9prouve r\u00e9ellement aucun plaisir et que toute cette f\u00eate devienne aussi froide et r\u00e9barbative qu\u2019un protocole\u2026<\/p>\n\n\n\n<p>L\u2019exp\u00e9rience nous a enseign\u00e9 que ce ne sont pas toutes les personnes pr\u00e9sentes \u00e0 un banquet ou \u00e0 une r\u00e9ception qui s\u2019amusent vraiment\u2026<\/p>\n\n\n\n<p>Il y a toujours quelqu\u2019un qui s\u2019ennuie au meilleur moment des r\u00e9jouissances et les pi\u00e8ces les plus d\u00e9licieuses ravissent les uns et font pleurer les autres\u2026<\/p>\n\n\n\n<p>Tr\u00e8s rares sont les personnes qui savent combiner consciemment l\u2019\u00e9v\u00e9nement externe avec l\u2019\u00e9tat interne appropri\u00e9\u2026<\/p>\n\n\n\n<p>Il est regrettable que les gens ne sachent pas vivre consciemment : ils pleurent quand ils devraient rire et rient quand ils devraient pleurer\u2026<\/p>\n\n\n\n<p>Le contr\u00f4le est diff\u00e9rent : le sage peut \u00eatre joyeux, mais n\u2019est jamais rempli de folle fr\u00e9n\u00e9sie ; il peut \u00eatre triste, mais jamais d\u00e9sesp\u00e9r\u00e9 ou abattu, serein au milieu de la violence, abstinent dans les orgies, chaste parmi les luxurieux, etc.<\/p>\n\n\n\n<p>Les personnes m\u00e9lancoliques et pessimistes pensent le pire de la vie et franchement ne d\u00e9sirent pas vivre\u2026<\/p>\n\n\n\n<p>Tous les jours, nous voyons des gens qui, non seulement sont malheureux, mais qui, en outre, et c\u2019est ce qui est le pire, rendent aussi la vie am\u00e8re aux autres\u2026<\/p>\n\n\n\n<p>Ces gens-l\u00e0 ne changeraient pas, m\u00eame s\u2019ils vivaient quotidiennement de f\u00eate en f\u00eate ; ils portent la maladie psychologique dans leur int\u00e9rieur ; ces personnes-l\u00e0 ont des \u00e9tats intimes d\u00e9finitivement pervers\u2026<\/p>\n\n\n\n<p>N\u00e9anmoins, ces individus s\u2019auto-qualifient de justes, saints, vertueux, nobles, serviables, martyrs, etc., etc., etc.<\/p>\n\n\n\n<p>Ce sont des gens qui s\u2019auto-consid\u00e8rent de fa\u00e7on excessive ; des personnes qui s\u2019aiment elles-m\u00eames beaucoup\u2026<\/p>\n\n\n\n<p>Des individus qui s\u2019apitoient toujours sur eux-m\u00eames et qui cherchent toujours des \u00e9chappatoires pour \u00e9luder leurs propres responsabilit\u00e9s\u2026<\/p>\n\n\n\n<p>Ces personnes-l\u00e0 sont habitu\u00e9es aux \u00e9motions inf\u00e9rieures et il est ostensible que, pour cette raison, elles cr\u00e9ent quotidiennement des \u00e9l\u00e9ments psychiques infrahumains.<\/p>\n\n\n\n<p>Les \u00e9v\u00e9nements malheureux, les revers de fortune, la mis\u00e8re, les dettes, les probl\u00e8mes, etc., sont l\u2019exclusivit\u00e9 de ces gens-l\u00e0 qui ne savent pas vivre\u2026<\/p>\n\n\n\n<p>N\u2019importe qui peut se fabriquer une riche culture intellectuelle, mais rares sont les personnes qui ont appris \u00e0 vivre correctement\u2026<\/p>\n\n\n\n<p>Quand quelqu\u2019un veut s\u00e9parer les \u00e9v\u00e9nements ext\u00e9rieurs des \u00e9tats int\u00e9rieurs de la Conscience, il d\u00e9montre concr\u00e8tement son incapacit\u00e9 \u00e0 vivre dignement.<\/p>\n\n\n\n<p>Ceux qui apprennent \u00e0 combiner consciemment les \u00e9v\u00e9nements ext\u00e9rieurs et les \u00e9tats int\u00e9rieurs marchent sur le chemin du succ\u00e8s\u2026<\/p>\n\n\n\n<p class=\"has-text-align-right\"><em>Psychologie R\u00e9volutionnaire<\/em>, chapitre VII, \u00ab L\u2019\u00e9tat int\u00e9rieur \u00bb<br><strong>Samael Aun Weor<\/strong><\/p>\n","protected":false},"excerpt":{"rendered":"<p>Combiner, de fa\u00e7on correcte, les \u00e9tats int\u00e9rieurs aux \u00e9v\u00e9nements ext\u00e9rieurs, c\u2019est savoir vivre intelligemment\u2026 Tout \u00e9v\u00e9nement v\u00e9cu intelligemment exige son \u00e9tat int\u00e9rieur sp\u00e9cifique correspondant\u2026 Malheureusement, quand les gens se rem\u00e9morent leur vie, ils pensent que la vie en elle-m\u00eame est constitu\u00e9e exclusivement d\u2019\u00e9v\u00e9nements ext\u00e9rieurs\u2026 Pauvres gens ! Ils pensent que si tel ou tel \u00e9v\u00e9nement [&hellip;]<\/p>\n","protected":false},"author":5,"featured_media":3773,"comment_status":"open","ping_status":"open","sticky":false,"template":"","format":"standard","meta":{"footnotes":"","_links_to":"","_links_to_target":""},"categories":[132],"tags":[],"contenido":[272],"fuente":[49],"pilar":[],"fase":[],"conferencia":[],"read_online":[],"author_tax":[314],"class_list":["post-17428","post","type-post","status-publish","format-standard","has-post-thumbnail","hentry","category-psychologie","contenido-articles","fuente-maestro","author_tax-v-m-samael-aun-weor-fr"],"_links":{"self":[{"href":"https:\/\/vopus.org\/fr\/wp-json\/wp\/v2\/posts\/17428","targetHints":{"allow":["GET"]}}],"collection":[{"href":"https:\/\/vopus.org\/fr\/wp-json\/wp\/v2\/posts"}],"about":[{"href":"https:\/\/vopus.org\/fr\/wp-json\/wp\/v2\/types\/post"}],"author":[{"embeddable":true,"href":"https:\/\/vopus.org\/fr\/wp-json\/wp\/v2\/users\/5"}],"replies":[{"embeddable":true,"href":"https:\/\/vopus.org\/fr\/wp-json\/wp\/v2\/comments?post=17428"}],"version-history":[{"count":0,"href":"https:\/\/vopus.org\/fr\/wp-json\/wp\/v2\/posts\/17428\/revisions"}],"wp:featuredmedia":[{"embeddable":true,"href":"https:\/\/vopus.org\/fr\/wp-json\/wp\/v2\/media\/3773"}],"wp:attachment":[{"href":"https:\/\/vopus.org\/fr\/wp-json\/wp\/v2\/media?parent=17428"}],"wp:term":[{"taxonomy":"category","embeddable":true,"href":"https:\/\/vopus.org\/fr\/wp-json\/wp\/v2\/categories?post=17428"},{"taxonomy":"post_tag","embeddable":true,"href":"https:\/\/vopus.org\/fr\/wp-json\/wp\/v2\/tags?post=17428"},{"taxonomy":"contenido","embeddable":true,"href":"https:\/\/vopus.org\/fr\/wp-json\/wp\/v2\/contenido?post=17428"},{"taxonomy":"fuente","embeddable":true,"href":"https:\/\/vopus.org\/fr\/wp-json\/wp\/v2\/fuente?post=17428"},{"taxonomy":"pilar","embeddable":true,"href":"https:\/\/vopus.org\/fr\/wp-json\/wp\/v2\/pilar?post=17428"},{"taxonomy":"fase","embeddable":true,"href":"https:\/\/vopus.org\/fr\/wp-json\/wp\/v2\/fase?post=17428"},{"taxonomy":"conferencia","embeddable":true,"href":"https:\/\/vopus.org\/fr\/wp-json\/wp\/v2\/conferencia?post=17428"},{"taxonomy":"read_online","embeddable":true,"href":"https:\/\/vopus.org\/fr\/wp-json\/wp\/v2\/read_online?post=17428"},{"taxonomy":"author_tax","embeddable":true,"href":"https:\/\/vopus.org\/fr\/wp-json\/wp\/v2\/author_tax?post=17428"}],"curies":[{"name":"wp","href":"https:\/\/api.w.org\/{rel}","templated":true}]}}