{"id":15921,"date":"2019-07-16T13:23:02","date_gmt":"2019-07-16T13:23:02","guid":{"rendered":"https:\/\/vopus.org\/revolucion-de-bel-la\/"},"modified":"2022-09-20T10:38:26","modified_gmt":"2022-09-20T13:38:26","slug":"la-revolution-de-bel","status":"publish","type":"post","link":"https:\/\/vopus.org\/fr\/la-revolution-de-bel\/","title":{"rendered":"La R\u00e9volution de Bel"},"content":{"rendered":"\n<div class=\"wp-block-columns has-2-columns is-layout-flex wp-container-core-columns-is-layout-9d6595d7 wp-block-columns-is-layout-flex\">\n<div class=\"wp-block-column is-layout-flow wp-block-column-is-layout-flow\">\n<figure class=\"wp-block-image\"><img decoding=\"async\" src=\"\/wp-content\/uploads\/2019\/06\/es-saw-revolucion_bel-2-455x490.png\" alt=\"La R\u00e9volution de Bel\"\/><\/figure><div style=\"text-align: center\">\n\t\t\t<a href=\"https:\/\/libros.ageac.org\/fr\/livre\/fr-saw-revolution_de_bel\" target=\"_blank\">\n\t\t\t\t<button>\n\t\t\t\t\t<i class=\"fa fa-shopping-cart\"><\/i> Acheter\n\t\t\t\t<\/button>\n\t\t\t<\/a><\/div>\n<\/div>\n\n\n\n<div class=\"wp-block-column is-layout-flow wp-block-column-is-layout-flow\">\n<p><strong>LA R\u00c9VOLUTION DE BEL<\/strong> est un livre passionnant, jamais publi\u00e9 auparavant avec une telle beaut\u00e9 et dans lequel le lecteur d\u00e9couvrira la grande r\u00e9alit\u00e9 de la lutte \u00e9ternelle entre la lumi\u00e8re et les t\u00e9n\u00e8bres. Cette lutte est plus r\u00e9elle que les questions terrestres qui nous environnent quotidiennement, et qui se d\u00e9roulent \u00e0 l\u2019int\u00e9rieur et \u00e0 l\u2019ext\u00e9rieur de chacun de nous. Le fruit de cette lutte, \u00e0 l\u2019int\u00e9rieur de chacun de nous, est pr\u00e9cis\u00e9ment le triomphe d\u2019\u00eatre ou ne pas \u00eatre, comme l\u2019a bien expliqu\u00e9 William Shakespeare dans son Hamlet en lui faisant tenir dans la main ce cr\u00e2ne symbolique.<\/p>\n\n\n\n<p>Dans cette \u0153uvre, le V. M. Samael nous explique comment il a pu trouver l\u2019\u00e9clat de l\u2019\u00c9ternel, peu intense certes, mais toujours pr\u00e9sent, dans l\u2019un des D\u00e9mons les plus puissants, et a pu, en attisant cette flamme, le faire se lever des cendres et de la pourriture de l\u2019averne. Un r\u00e9cit \u00e0 la fois agr\u00e9able et amusant, empreint de curiosit\u00e9s et d\u2019anecdotes qui ne manqueront pas d\u2019int\u00e9resser grandement le lecteur.<\/p>\n<\/div>\n<\/div>\n<div style=\"text-align: center;\">\n\t<a href=\"https:\/\/libros.ageac.org\/fr\/livre\/fr-saw-revolution_de_bel\" target=\"_blank\"  class=\"grve-btn grve-bg-primary-2 grve-bg-hover-primary-1\" \n\t\t\tstyle=\"font-size: 80% !important;padding: 10px; text-transform: initial;margin-bottom: 20px;\">\n\t\t<span class=\"dashicons dashicons-cart\"><\/span> <span>Achetez \"La R\u00e9volution de Bel\" dans notre boutique online<\/span>\n\t<\/a>\n<\/div>\n\t\t\t\t<script type=\"text\/javascript\">\n\t\t\t\t\t$bookUrl = '\/wp-content\/uploads\/books\/PDF_SAW_La_Revolution_de_Bel_fra_2020_new\/index.html';\n\t\t\t\t\tfunction openBookInline() {\n\t\t\t\t\t\tif (document.getElementById(\"inlineBookReader\").src == \"about:blank\") {\n\t\t\t\t\t\t\tdocument.getElementById(\"inlineBookReader\").src = $bookUrl;\n\t\t\t\t\t\t}\n\t\t\t\t\t}\n\t\t\t\t<\/script><details onclick=\"openBookInline()\">\n\t\t\t\t\t\t<summary>Lire en ligne<\/summary>\n\t\t\t\t\t\t<div><!-- wp:paragraph -->\n\t\t\t\t\t\t\t<div style=\"width:100%;\">\n\t\t\t\t\t\t\t<iframe id=\"inlineBookReader\" frameborder=\"0\" width=\"100%\" class=\"vopus-paper\" src=\"about:blank\" marginwidth=\"0\" marginheight=\"0\" allowfullscreen><\/iframe>\n\t\t\t\t\t\t\t<\/div>\n\t\t\t\t\t\t<!-- \/wp:paragraph --><\/div>\n\t\t\t\t\t<\/details>","protected":false},"excerpt":{"rendered":"<p>LA REVOLUCI\u00d3N DE BEL es un libro apasionante, presentado ahora con una belleza con la que nunca fue publicado, y en el cual el lector podr\u00e1 descubrir la gran realidad de la eterna lucha entr&#8230;<\/p>\n","protected":false},"author":5,"featured_media":465,"comment_status":"open","ping_status":"open","sticky":false,"template":"","format":"standard","meta":{"footnotes":"","_links_to":"","_links_to_target":""},"categories":[239,139],"tags":[],"contenido":[282],"fuente":[49],"pilar":[],"fase":[],"conferencia":[],"read_online":[301],"author_tax":[314],"class_list":["post-15921","post","type-post","status-publish","format-standard","has-post-thumbnail","hentry","category-lire-en-ligne","category-metaphysique","contenido-livres","fuente-maestro","read_online-lire-en-ligne","author_tax-v-m-samael-aun-weor-fr"],"_links":{"self":[{"href":"https:\/\/vopus.org\/fr\/wp-json\/wp\/v2\/posts\/15921","targetHints":{"allow":["GET"]}}],"collection":[{"href":"https:\/\/vopus.org\/fr\/wp-json\/wp\/v2\/posts"}],"about":[{"href":"https:\/\/vopus.org\/fr\/wp-json\/wp\/v2\/types\/post"}],"author":[{"embeddable":true,"href":"https:\/\/vopus.org\/fr\/wp-json\/wp\/v2\/users\/5"}],"replies":[{"embeddable":true,"href":"https:\/\/vopus.org\/fr\/wp-json\/wp\/v2\/comments?post=15921"}],"version-history":[{"count":0,"href":"https:\/\/vopus.org\/fr\/wp-json\/wp\/v2\/posts\/15921\/revisions"}],"wp:featuredmedia":[{"embeddable":true,"href":"https:\/\/vopus.org\/fr\/wp-json\/wp\/v2\/media\/465"}],"wp:attachment":[{"href":"https:\/\/vopus.org\/fr\/wp-json\/wp\/v2\/media?parent=15921"}],"wp:term":[{"taxonomy":"category","embeddable":true,"href":"https:\/\/vopus.org\/fr\/wp-json\/wp\/v2\/categories?post=15921"},{"taxonomy":"post_tag","embeddable":true,"href":"https:\/\/vopus.org\/fr\/wp-json\/wp\/v2\/tags?post=15921"},{"taxonomy":"contenido","embeddable":true,"href":"https:\/\/vopus.org\/fr\/wp-json\/wp\/v2\/contenido?post=15921"},{"taxonomy":"fuente","embeddable":true,"href":"https:\/\/vopus.org\/fr\/wp-json\/wp\/v2\/fuente?post=15921"},{"taxonomy":"pilar","embeddable":true,"href":"https:\/\/vopus.org\/fr\/wp-json\/wp\/v2\/pilar?post=15921"},{"taxonomy":"fase","embeddable":true,"href":"https:\/\/vopus.org\/fr\/wp-json\/wp\/v2\/fase?post=15921"},{"taxonomy":"conferencia","embeddable":true,"href":"https:\/\/vopus.org\/fr\/wp-json\/wp\/v2\/conferencia?post=15921"},{"taxonomy":"read_online","embeddable":true,"href":"https:\/\/vopus.org\/fr\/wp-json\/wp\/v2\/read_online?post=15921"},{"taxonomy":"author_tax","embeddable":true,"href":"https:\/\/vopus.org\/fr\/wp-json\/wp\/v2\/author_tax?post=15921"}],"curies":[{"name":"wp","href":"https:\/\/api.w.org\/{rel}","templated":true}]}}