{"id":15448,"date":"2021-10-02T17:21:00","date_gmt":"2021-10-02T15:21:00","guid":{"rendered":"https:\/\/vopus.org\/las-edades-entre-las-razas\/"},"modified":"2021-10-04T10:22:40","modified_gmt":"2021-10-04T08:22:40","slug":"ages-entre-races","status":"publish","type":"post","link":"https:\/\/vopus.org\/fr\/ages-entre-races\/","title":{"rendered":"Les \u00e2ges entre les races"},"content":{"rendered":"\n<p>Tr\u00e8s appr\u00e9ci\u00e9s lecteurs\/trices&nbsp;:<\/p>\n\n\n\n<p class=\"has-text-align-center\"><strong>LES \u00c2GES ENTRE LES RACES<\/strong><\/p>\n\n\n\n<p>Je m\u2019empresse de vous faire parvenir avec une joie immense quelques textes du tr\u00e8s V\u00e9n\u00e9rable Ma\u00eetre FULCANELLI, recueillis dans une \u0153uvre ultime, que peu connaissent, intitul\u00e9e&nbsp;: <em>FINIS GLORIAE MUNDI<\/em>, \u2018La fin de la gloire du monde\u2019.<\/p>\n\n\n\n<p>Premi\u00e8rement cette \u0153uvre indique que Fulcanelli est toujours vivant, tel qu\u2019on l\u2019a dit mille fois, du fait qu\u2019il a obtenu <strong>l\u2019\u00e9lixir de longue vie, <\/strong>dont en t\u00e9moigne M. Jacques d\u2019Ar\u00e8s, \u00e0 qui Fulcanelli lui-m\u00eame adressa les textes afin de les publier, voyons&nbsp;:<\/p>\n\n\n\n<p>\u00ab J\u2019avoue avoir \u00e9t\u00e9 surpris \u2500 on le serait beaucoup moins, et je dois m\u00eame dire que je restai stup\u00e9fait \u2500 quand je re\u00e7us \u00e0 la fin de juin 1999 une longue lettre dat\u00e9e du 25 du m\u00eame mois, accompagnant un manuscrit intitul\u00e9 Finis Gloriae Mundi. Je cherchai imm\u00e9diatement la signature de cette lettre, ma surprise redoublant en lisant la derni\u00e8re ligne&nbsp;:<\/p>\n\n\n\n<p><strong>\u00ab&nbsp;Bien \u00e0 vous,<\/strong><\/p>\n\n\n\n<p><strong>Fulcanelli-Frater Adeptus Heliopolitensis&nbsp;\u00bb.<\/strong><\/p>\n\n\n\n<p>Ce qui pr\u00e9c\u00e8de, amis et amies, constitue un fait historique qui brise l\u2019ath\u00e9isme de cette race caduque dans laquelle nous vivons et donne sa place \u00e0 la science herm\u00e9tique que nous avons appel\u00e9e \u00e0 travers le temps ALCHIMIE.<\/p>\n\n\n\n<p>Cependant, l\u2019information que votre serviteur veut vous faire parvenir se rapporte au fait que, finalement, gr\u00e2ce \u00e0 la divinit\u00e9, cet Adepte, Fulcanelli, apporte dans cette \u0153uvre un grand \u00e9clairage sur ces temps qui nous ont caus\u00e9 tant de maux de t\u00eate quand nous voulions nous expliquer ce qui s\u2019est pass\u00e9 entre chaque race, ou depuis combien de temps a r\u00e9ellement eu lieu l\u2019effondrement de l\u2019Atlantide et bien d\u2019autres secrets.<\/p>\n\n\n\n<p>Sans plus tarder, je vous laisse maintenant quelques extraits de l\u2019\u0153uvre de ce grand Adepte d\u2019H\u00e9liopolis, les voici&nbsp;:<\/p>\n\n\n\n<p>\u00ab&nbsp;Quand nous commentions bri\u00e8vement l\u2019ob\u00e9lisque de Dammartin-sous-Tigeaux, nous le d\u00e9chiffrions \u00e0 partir des \u00e9critures \u2500 II Pierre, 3,5-7\u2500 et de la tradition grecque. Elles assurent que le monde passe alternativement par l\u2019eau et par le feu purificateurs, \u00e0 des intervalles que nous estimions de MILLE DEUX CENT ANS.&nbsp;&nbsp;<\/p>\n\n\n\n<p>Il ne fallait \u00e9videmment pas prendre ce dernier nombre litt\u00e9ralement&nbsp;: nous n\u2019\u00e9tions pas si ignorants pour penser qu\u2019un d\u00e9luge \u2500 et surtout le d\u00e9luge biblique \u2500 aurait d\u00e9vast\u00e9 la plan\u00e8te aux alentours de l\u2019an 700. M\u00eame ainsi il est vrai, si nous acceptons le t\u00e9moignage du chroniqueur Gr\u00e9goire de Tours, que les deux si\u00e8cles durant lesquels les rois de la premi\u00e8re race r\u00e9gn\u00e8rent sur les francs, auraient vu de nombreux bouleversements climatiques et cosmiques tels que des aurores bor\u00e9ales sur les Ardennes, des chutes de m\u00e9t\u00e9orites en feu dans le golfe du Morbihan, ou la submersion de la for\u00eat d\u2019Avranches formant, d\u00e8s lors, la baie du Mont-Saint Michel. Ces convulsions limit\u00e9es ne pourraient se comparer \u00e0 la purification int\u00e9grale de notre globe. Nous rougissons d\u2019avoir \u00e0 pr\u00e9ciser certains points si \u00e9l\u00e9mentaires, mais les gloses, quand nous en avons par hasard eu connaissance, nous firent tomber dans un m\u00e9lange d\u2019hilarit\u00e9 et de fureur.<\/p>\n\n\n\n<p>Elles n\u2019auraient pas pour autant m\u00e9rit\u00e9 une seule ligne de rectification publique si elles n\u2019avaient pas contribu\u00e9 \u00e0 maintenir l\u2019expectative malsaine d\u2019un cataclysme \u00e9minent. Expectative exacerb\u00e9e par des apprentis d\u00e9miurges qui ne sont que des souffleurs [c\u2019est-\u00e0-dire : des pseudo-scientifiques], mais malheureusement des souffleurs tr\u00e8s dangereux. Qu\u2019est-ce donc qu\u2019une ann\u00e9e pour l&rsquo;alchimiste qui suit les enseignements de la nature, sinon un cycle qui embrasse la totalit\u00e9 du zodiaque&nbsp;? Ainsi on calculera, selon les besoins, l\u2019ann\u00e9e solaire et l\u2019ann\u00e9e pr\u00e9cessionnelle, les ann\u00e9es plan\u00e9taires et les draconitiques qui r\u00e9gulent les \u00e9clipses, et aussi ces longues ann\u00e9es que parcourt le Soleil Noir et que les grecs d\u00e9sign\u00e8rent comme le mythe de Pha\u00e9ton. Les mille deux cent ans que nous \u00e9voquions avant sans voir pr\u00e9cis\u00e9 l\u2019unit\u00e9 de base repr\u00e9sentent, par cons\u00e9quent, l\u2019\u00e9l\u00e9vation du zodiaque \u00e0 une puissance et \u00e0 une perfection de l\u2019ordre des centaines, un nombre symbolique \u00e0 la mani\u00e8re du Livre de Daniel ou de l\u2019Apocalypse, quand saint Jean parle des mille deux cent jours durant lesquels le fils m\u00e2le sera nourrit dans le d\u00e9sert.<\/p>\n\n\n\n<p>Cependant nous n\u2019avions pas encore observ\u00e9 dans notre creuset la derni\u00e8re r\u00e9volution, et nous \u00e9tions tributaires pour nos commentaires des incertitudes et des perspectives de l\u2019\u00e9poque. Quand nous rem\u00eemes \u00e0 Eug\u00e8ne Canseliet le manuscrit des <em>DEMEURES PHILOSOPHALES, <\/em>les g\u00e9ologues venaient juste de d\u00e9couvrir, inscrite dans la m\u00e9moire des roches, l\u2019alternance \u00e9nigmatique du Nord et du Sud magn\u00e9tiques au fil des \u00e2ges. Nous avions des raisons de penser qu\u2019une telle inversion s\u2019expliquait du fait que toute la sph\u00e8re se soit retourn\u00e9e sur son propre axe, ce qui n\u2019arriverait qu\u2019accompagn\u00e9 de terribles cataclysmes. Les r\u00e9volutions magn\u00e9tiques, qui se produisent aussi dans le creuset, s\u2019observent alchimiquement plus facilement dans la voie br\u00e8ve que dans les autres. Nous e\u00fbmes l&rsquo;intense surprise de constater dans nos op\u00e9rations que ces sensibles sursauts convulsifs n\u2019avaient pas fatalement lieu si le champ se transformait en travail autour de la mati\u00e8re. Ensuite, les myst\u00e8res du FEU CENTRAL \u00e9tant connus avec une plus grande pr\u00e9cision par les progr\u00e8s de la science g\u00e9ologique, nous savons que l\u2019inversion des p\u00f4les magn\u00e9tiques ne signifie pas la rotation de la masse plan\u00e9taire. Par cons\u00e9quent, la double h\u00e9lico\u00efde de l\u2019ob\u00e9lisque de Dammartin-sous-Tigeaux ne symbolise pas la marche apparente du Soleil, comme nous l\u2019avions imprudemment suppos\u00e9, mais, en le rapportant au mouvement de l\u2019ensemble \u00e0 son sommet, la double spirale magn\u00e9tique interne de notre globe et la formation temporaire d\u2019un quadrip\u00f4le.<\/p>\n\n\n\n<p>Cette connaissance est r\u00e9cente. Un article de MM. Valet et Courtillot \u2500 <em>Les inversions du champ magn\u00e9tique terrestre, La recherche<\/em>, N. 246, 1992\u2500 d\u00e9crit l\u2019histoire g\u00e9omagn\u00e9tique de notre plan\u00e8te avec quelques-unes de ses causes. Il ne reste qu\u2019\u00e0 tirer les conclusions qu\u2019ils ont si bien plac\u00e9es sous les yeux du lecteur. Nous voyons, dans leurs diagrammes, l\u2019inversion des p\u00f4les se produire rapidement puis cesser durant de tr\u00e8s longues p\u00e9riodes de pr\u00e8s de cent millions d\u2019ann\u00e9es solaires, \u00e0 savoir un quart ou une saison de la demi rotation de notre galaxie. Quand, apr\u00e8s de tels arr\u00eats, les p\u00f4les reprennent leur danse, cette nouvelle mise en mouvement co\u00efncidera, tel que le montre la Pal\u00e9ontologie, avec le renouvellement drastique de la faune et de la flore, en m\u00eame temps que semblent alors se situer les convulsions volcaniques et les inondations purificatrices. Deux d\u2019entre elles ont \u00e9t\u00e9 dat\u00e9es avec une pr\u00e9cision suffisante. La fin de la deuxi\u00e8me correspond \u00e0 l\u2019extinction des grands sauriens de l\u2019\u00e8re secondaire.\u200b<\/p>\n\n\n\n<p>Depuis l\u2019apparition de l\u2019humanit\u00e9 actuelle, bien que nous soyons \u00e0 l\u2019\u00e9chelle g\u00e9ologique dans une phase d\u2019alternance rapide, la Terre n\u2019a connu qu\u2019une br\u00e8ve inversion des p\u00f4les. Nous avons calcul\u00e9 la date approximative gr\u00e2ce aux diagrammes de Valet et Courtillot&nbsp;: le mouvement qui resitua le p\u00f4le magn\u00e9tique aux environs du Nord g\u00e9ographique eut lieu vers l\u2019an 8000 av. J.-C. L\u2019humanit\u00e9 laissa alors derri\u00e8re elle la vie sauvage de chasseurs nomades, elle domestiqua les animaux, cultiva le sol, construisit les premiers villages et, ainsi, fonda le germe des grandes civilisations historiques. Cette co\u00efncidence n\u2019est pas le fruit du hasard.&nbsp;[&#8230;]\u200b\u200b<\/p>\n\n\n\n<p>En scrutant ainsi le pass\u00e9 de la Terre comme les physiciens sondent les profondeurs des mers, les g\u00e9ologues d\u00e9couvrent \u00e0 nouveau quelques fragments du secret du Grand Art dont le creuset est la Nature et l\u2019artiste le Cr\u00e9ateur m\u00eame. Malgr\u00e9 l\u2019incommensurabilit\u00e9 de l\u2019\u00e9chelle des temps, le rythme de r\u00e9volution des p\u00f4les magn\u00e9tiques terrestres reproduit, avec une attitude \u00e9tonnante, le rythme qu\u2019on observe dans la voie br\u00e8ve&nbsp;: mille ans sont pour Dieu comme un jour, disent le psalmiste et l\u2019ap\u00f4tre \u2500 Psaume 89, 4 et II Pierre, 3-8\u2500.&nbsp;[&#8230;]\u200b\u200b\u200b\u200b\u200b\u200b\u200b\u200b<\/p>\n\n\n\n<p>Chacune des r\u00e9volutions des p\u00f4les magn\u00e9tiques est accompagn\u00e9e, semble-t-il, de perturbations dans les climats et dans les terres. Au d\u00e9but du mouvement d\u2019inversion vers l\u2019an 10&nbsp;000 av. J.-C, eut lieu la fin de la derni\u00e8re \u00e8re glaciaire. Les banquises recul\u00e8rent, tandis que les eaux marines gonflaient progressivement et submergeaient les zones littorales. Or, il s\u2019agit de la date donn\u00e9e par les pr\u00eatres de Sais au l\u00e9gislateur ath\u00e9nien Solon pour la disparition de l\u2019Atlantide, selon le t\u00e9moignage de Platon.<\/p>\n\n\n\n<p>Au d\u00e9but de ce si\u00e8cle, nous pouvions encore pr\u00eater foi au r\u00e9cit du grand philosophe qui situait l\u2019\u00eele merveilleuse \u00ab&nbsp;au-del\u00e0 des colonnes d\u2019Hercule&nbsp;\u00bb, lui attribuant une superficie \u00ab&nbsp;plus grande que l\u2019Asie et la Libye r\u00e9unies&nbsp;\u00bb. L\u2019effort des arch\u00e9ologues nous a convaincu que les pr\u00eatres de Sais avaient une connaissance partielle de leurs propres archives, et qu\u2019ils confondaient deux cataclysmes d\u2019une ampleur incomparable. [&#8230;]<\/p>\n\n\n\n<p>Mais au-del\u00e0 de ce cataclysme r\u00e9cent, la m\u00e9moire des convulsions oc\u00e9aniques et une submersion qui eut lieu des mill\u00e9naires avant \u00ab&nbsp;au-del\u00e0 des colonnes d\u2019Hercule&nbsp;\u00bb dominait encore dans le temple de Sais.&nbsp;[&#8230;]<\/p>\n\n\n\n<p>Les auteurs qui entonnent leur chant fun\u00e8bre co\u00efncident sur ce point essentiel\u00a0: l\u2019Atlantide se serait effondr\u00e9e par l\u2019abus commis par ses pr\u00eatres-mages sur la mati\u00e8re et sur les \u00e2mes. M. Bergier [auteur d\u2019une \u0153uvre qu\u2019il a \u00e9crite en collaboration avec M. Andr\u00e9 Ruellan] voyait dans ce mythe un \u00ab\u00a0ressac du futur\u00a0\u00bb, l\u2019anticipation du destin de notre propre civilisation. Quand il \u00e9crivait ces pages, tr\u00e8s peu donnaient du cr\u00e9dit aux sciences traditionnelles. Son avertissement tomba dans le vide.\u00a0[&#8230;]<\/p>\n\n\n\n<p>Au si\u00e8cle de Louis XIV, les souffleurs [faux alchimistes] r\u00eavaient de remplir leurs caves de tas d\u2019or, rivalisant ainsi avec la vaine splendeur des rois. Les folies d\u2019aujourd\u2019hui ne sont gu\u00e8re moins importantes et moins na\u00efves, bien qu\u2019elles s\u2019av\u00e8rent consid\u00e9rablement plus sinistres. C\u2019est du pouvoir occulte sur l\u2019\u00e2me du monde et celle des peuples dont elles s\u2019enivrent, utilisant pour y parvenir, indiff\u00e9remment, les moyens banals de la politique ou de l\u2019\u00e9conomie et les connaissances issues d\u2019une science d\u00e9bordante. D\u2019une part on ose sortir le germe de la vie en fabriquant, pour propager la terreur, des virus aux effets incurables pour la m\u00e9decine ordinaire, certains si foudroyants que la m\u00e9decine universelle n\u2019aurait m\u00eame pas le temps d\u2019agir. D\u2019autre part on simule l\u2019inversion des p\u00f4les magn\u00e9tiques ou on effectue des distorsions sur le champ terrestre pour attirer les foules vers des \u00e9tats d\u2019hypnose, de disponibilit\u00e9 m\u00e9diumnique ou de fureur aveugle. Ou on attaque d\u00e9lib\u00e9r\u00e9ment la r\u00e9gulation du climat et du temps. On pervertit, enfin, la th\u00e9urgie, et on invoque des monstres que ni les mages assyriens les plus d\u00e9g\u00e9n\u00e9r\u00e9s n\u2019auraient os\u00e9 sortir de leurs ab\u00eemes. Les atlantes mythiques se risqu\u00e8rent \u00e0 ces pratiques d\u00e9gradantes en plein jour&nbsp;; les souffleurs [c\u2019est-\u00e0-dire&nbsp;: les pseudo-scientifiques] r\u00e9els d\u2019aujourd\u2019hui ajoutent \u00e0 la perversion des pratiques celle du secret&nbsp;\u00bb.<\/p>\n\n\n\n<p>\u2500 Extraits de l\u2019\u0153uvre <em>Finis Gloriae Mundi<\/em>, du V.M. Fulcanelli\u2500.<\/p>\n\n\n\n<p>Parall\u00e8lement \u00e0 ces informations du V\u00e9n\u00e9rable Fulcanelli, l\u2019Avatar du Verseau \u2500 le V.M. Samael Aun Weor \u2500 effectue les affirmations suivantes dans l\u2019\u0153uvre <em>LE CINQUI\u00c8ME \u00c9VANGILE, <\/em>voyons&nbsp;:<\/p>\n\n\n\n<p>\u00ab&nbsp;Notre plan\u00e8te Terre, mes amis, n\u2019a pas toujours \u00e9t\u00e9 comme maintenant, sa physionomie g\u00e9ologique a chang\u00e9 plusieurs fois. Si nous examinons les quatre cartes de Scott-Elliot, nous verrons que la Terre, il y a un million d\u2019ann\u00e9es, \u00e9tait compl\u00e8tement diff\u00e9rente.<\/p>\n\n\n\n<p>Ces quatre cartes g\u00e9ographiques m\u00e9ritent d\u2019\u00eatre prises en consid\u00e9ration. Elles ressemblent aux quatre cartes qui existaient, et qui existent encore, dans certaines cryptes souterraines de l\u2019Asie Centrale. Ces cartes sont inconnues des p\u00e9dants de la science mat\u00e9rialiste. Elles sont gard\u00e9es secr\u00e8tement afin de les conserver intactes, car nous savons bien que les messieurs de la fausse science sont toujours pr\u00eats \u00e0 tout alt\u00e9rer pour justifier leurs fameuses th\u00e9ories.<\/p>\n\n\n\n<p>La premi\u00e8re de ces cartes de Scott-Elliot attire beaucoup l\u2019attention, elle s\u2019av\u00e8re extr\u00eamement int\u00e9ressante. On y voit comment \u00e9tait le monde, quelque huit cent mille ans av. J.-C.<\/p>\n\n\n\n<p>Alors, la r\u00e9gion des brachyc\u00e9phales de la si fameuse anthropologie ultramoderne n\u2019existait pas. Du d\u00e9troit de B\u00e9ring, en passant par la Sib\u00e9rie et l\u2019Europe, jusqu\u2019\u00e0 la France et l\u2019Allemagne, la seule chose qu\u2019il y avait, c\u2019\u00e9tait de l\u2019eau. Ni la Sib\u00e9rie ni l\u2019Europe n\u2019avaient surgi, proprement dit, du fond des oc\u00e9ans.<\/p>\n\n\n\n<p>De l\u2019Afrique, il n\u2019existait que la partie orientale, car l\u2019ouest et le sud de ce continent \u00e9taient submerg\u00e9s dans les vagues tumultueuses de l\u2019oc\u00e9an. Ce petit continent, que constituait alors l\u2019Afrique orientale, \u00e9tait connu sous le nom de Grabontzi.<\/p>\n\n\n\n<p>L\u2019Am\u00e9rique du Sud \u00e9tait plong\u00e9e dans les eaux de l\u2019oc\u00e9an, elle n\u2019\u00e9tait pas encore apparue. Les \u00c9tats-Unis, le Canada, l\u2019Alaska, tout cela \u00e9tait submerg\u00e9 dans l\u2019oc\u00e9an et, cependant, le Mexique existait\u202f! Il semble incroyable que, huit cent mille ans av. J.-C., le Mexique existait d\u00e9j\u00e0. Alors que l\u2019Europe n\u2019existait pas encore, le Mexique existait\u202f! Alors que l\u2019Am\u00e9rique du Sud n\u2019\u00e9tait pas sortie du fond de l\u2019oc\u00e9an, le Mexique existait\u202f! Cela nous invite \u00e0 comprendre que dans les entrailles de la terre sacr\u00e9e du Mexique, aussi archa\u00efque que le monde, il existe des tr\u00e9sors arch\u00e9ologiques et \u00e9sot\u00e9riques extraordinaires qui n\u2019ont pas encore \u00e9t\u00e9 d\u00e9couverts par la pelle des arch\u00e9ologues.<\/p>\n\n\n\n<p>La L\u00e9murie \u00e9tait, \u00e0 cette \u00e9poque, un gigantesque continent qui s\u2019\u00e9tendait dans le Pacifique, qui couvrait toute la zone de l\u2019Australie, de l\u2019Oc\u00e9anie, de l\u2019Oc\u00e9an Indien \u2013 qui est si gigantesque \u2013 et qui se projetait sur tout le Pacifique jusqu\u2019\u00e0 ces endroits o\u00f9, plus tard, surgit l\u2019Am\u00e9rique du Sud. Voyez comme la L\u00e9murie \u00e9tait gigantesque, \u00e9norme\u202f! La physionomie du globe terrestre \u00e9tait compl\u00e8tement diff\u00e9rente il y a huit cent mille ans av. J.-C. [\u2026]<\/p>\n\n\n\n<p>Il y a huit cent mille ans, le Mexique poss\u00e9dait une population \u00e9norme, merveilleuse, s\u00e9par\u00e9e du d\u00e9troit de B\u00e9ring par les grands oc\u00e9ans. Ainsi, la science mat\u00e9rialiste parle de ce qu\u2019elle n\u2019a pas vu, de ce dont elle n\u2019a pas connaissance. Nous, nous parlons sur la base de cartes comme celles d\u2019Elliot Scott, de ces autres semblables qui se trouvent dans des cryptes souterraines de la cha\u00eene de l\u2019Himalaya, en Asie Centrale.<\/p>\n\n\n\n<p><strong>(Septi\u00e8me Conf\u00e9rence des Tr\u00e9sors de l\u2019anthropologie gnostique).<\/strong><\/p>\n\n\n\n<p>L\u2019Atlantide est pass\u00e9e par de terribles et \u00e9pouvantables catastrophes avant de disparaitre totalement. La premi\u00e8re catastrophe eut lieu il y a plus ou&nbsp;moins huit-cent mille ans. La deuxi\u00e8me il y a deux-cent mille ans et la troisi\u00e8me a eu lieu il y a onze mille ans, celle dont les traditions de toutes les races humaines gardent un souvenir plus ou moins confus comme \u00ab&nbsp;le D\u00e9luge Universel&nbsp;\u00bb. <strong>&nbsp;<\/strong><\/p>\n\n\n\n<p>La Grande Race Aryenne \u2013 Cinqui\u00e8me Soleil dans le calendrier azt\u00e8que \u2013 est repr\u00e9sent\u00e9e par la grande cinqui\u00e8me statue de Bamiyan, dont nous sommes la septi\u00e8me sous-race.<\/p>\n\n\n\n<p><strong>(Syncr\u00e9tisme gnostique dans le calendrier azt\u00e8que<\/strong><strong>)<\/strong><\/p>\n\n\n\n<p>\u00c9videmment, nous ne partageons pas la partie o\u00f9 Fulcanelli affirme que notre civilisation aurait commenc\u00e9 il y a 10000 ans, quand, selon lui, l\u2019homme cessa d\u2019\u00eatre un chasseur pour se d\u00e9dier \u00e0 la culture de la terre, etc., etc. Nous ne croyons pas non plus qu\u2019une race humaine dure environ les cent millions d\u2019ann\u00e9es que dure un tour galactique complet.<\/p>\n\n\n\n<p>Cependant, appr\u00e9ci\u00e9 lecteur, il est facile de d\u00e9duire de ces textes que, bien qu\u2019une race dure les 25960 ans qui composent l\u2019ann\u00e9e cosmique ou platonicienne avec ses douze \u00e8res zodiacales et en commen\u00e7ant en Verseau \u2013 tel que l\u2019explique notre V\u00e9n\u00e9rable Patriarche \u2013 LES ANN\u00c9ES COSMIQUES NE SONT PAS TOUTES peupl\u00e9es par une nouvelle race, car certaines d\u2019entre elles se d\u00e9rouleront dans les tr\u00e8s longs processus dont notre plan\u00e8te a besoin pour se pr\u00e9parer \u00e0 l\u2019exp\u00e9rience humaine suivante. Dans ces p\u00e9riples r\u00e9g\u00e9n\u00e9rateurs, les G\u00e9nies \u00c9l\u00e9mentaux travailleront sans cesse avec leurs forces de la nature en provoquant tout type de mouvements g\u00e9ologiques avec des \u00e9ruptions volcaniques, des tremblements de terre, des vents et des mouvements des mers, afin de cr\u00e9er, au plus vite, de nouvelles conditions pour la race suivante.<\/p>\n\n\n\n<p>C\u2019est pour cela que le Ma\u00eetre Samael parle de centaines de milliers et m\u00eame de millions d\u2019ann\u00e9es en arri\u00e8re quand il se r\u00e9f\u00e8re aux anciennes races humaines.<\/p>\n\n\n\n<p>Cela r\u00e9pondrait ainsi \u00e0 la question que nous nous sommes pos\u00e9s durant si longtemps, sur comment int\u00e9grer dans le temps les races qui ont pr\u00e9c\u00e9d\u00e9 la n\u00f4tre.<\/p>\n\n\n\n<p>\u00c9videmment, durant les temps o\u00f9 notre Terre se r\u00e9g\u00e9n\u00e8re, la plus grande partie des \u00e2mes peut rester dans le monde astral dans l\u2019attente de nouvelles opportunit\u00e9s pour prendre des corps humains et aspirer \u00e0 leur autor\u00e9alisation dans la race suivante.<\/p>\n\n\n\n<p>Je vous remets, pour finir, quelques phrases pour r\u00e9fl\u00e9chir&nbsp;:<\/p>\n\n\n\n<p><strong><em>\u00ab\u00a0La souveraine habilet\u00e9 consiste \u00e0 bien conna\u00eetre le prix des choses\u00a0\u00bb.<\/em><\/strong><br>La Rochefoucauld<\/p>\n\n\n\n<p><strong><em>\u00ab\u00a0On peut \u00eatre plus habile que les autres, mais il est dangereux de le laisser entendre\u00a0\u00bb.<\/em><\/strong><br>Coeulhe<\/p>\n\n\n\n<p><strong><em>\u00ab\u00a0R\u00e9sous-toi \u00e0 suivre la conduite la plus excellente et tu t\u2019y d\u00e9lecteras par habitude\u00a0\u00bb.<\/em><\/strong><br>Pythagore<\/p>\n\n\n\n<p><strong><em>\u00ab\u00a0La vertu n\u2019a pas de meilleur th\u00e9\u00e2tre que celui de la conscience\u00a0\u00bb.<\/em><\/strong><br>Cic\u00e9ron<\/p>\n\n\n\n<p><strong><em>\u00ab\u00a0La Conscience est la voix de l\u2019\u00e2me\u00a0\u00bb.<\/em><\/strong><br>Rousseau<\/p>\n\n\n\n<p class=\"has-text-align-center\"><strong><em>QUALIS REX, TALIS GREX.<\/em><\/strong><br>\u2500\u2018Tel roi, telles ouailles\u2019\u2500.<br><strong>KWEN KHAN KHU<\/strong><\/p>\n","protected":false},"excerpt":{"rendered":"<p>Tr\u00e8s appr\u00e9ci\u00e9s lecteurs\/trices&nbsp;: LES \u00c2GES ENTRE LES RACES Je m\u2019empresse de vous faire parvenir avec une joie immense quelques textes du tr\u00e8s V\u00e9n\u00e9rable Ma\u00eetre FULCANELLI, recueillis dans une \u0153uvre ultime, que peu connaissent, intitul\u00e9e&nbsp;: FINIS GLORIAE MUNDI, \u2018La fin de la gloire du monde\u2019. Premi\u00e8rement cette \u0153uvre indique que Fulcanelli est toujours vivant, tel qu\u2019on [&hellip;]<\/p>\n","protected":false},"author":4,"featured_media":15438,"comment_status":"open","ping_status":"open","sticky":false,"template":"","format":"standard","meta":{"footnotes":"","_links_to":"","_links_to_target":""},"categories":[128,467],"tags":[],"contenido":[272],"fuente":[49],"pilar":[],"fase":[],"conferencia":[],"read_online":[],"author_tax":[323],"class_list":["post-15448","post","type-post","status-publish","format-standard","has-post-thumbnail","hentry","category-anthropologie","category-messages-du-v-m-kwen-khan-khu","contenido-articles","fuente-maestro","author_tax-v-m-kwen-khan-khu-fr"],"_links":{"self":[{"href":"https:\/\/vopus.org\/fr\/wp-json\/wp\/v2\/posts\/15448","targetHints":{"allow":["GET"]}}],"collection":[{"href":"https:\/\/vopus.org\/fr\/wp-json\/wp\/v2\/posts"}],"about":[{"href":"https:\/\/vopus.org\/fr\/wp-json\/wp\/v2\/types\/post"}],"author":[{"embeddable":true,"href":"https:\/\/vopus.org\/fr\/wp-json\/wp\/v2\/users\/4"}],"replies":[{"embeddable":true,"href":"https:\/\/vopus.org\/fr\/wp-json\/wp\/v2\/comments?post=15448"}],"version-history":[{"count":0,"href":"https:\/\/vopus.org\/fr\/wp-json\/wp\/v2\/posts\/15448\/revisions"}],"wp:featuredmedia":[{"embeddable":true,"href":"https:\/\/vopus.org\/fr\/wp-json\/wp\/v2\/media\/15438"}],"wp:attachment":[{"href":"https:\/\/vopus.org\/fr\/wp-json\/wp\/v2\/media?parent=15448"}],"wp:term":[{"taxonomy":"category","embeddable":true,"href":"https:\/\/vopus.org\/fr\/wp-json\/wp\/v2\/categories?post=15448"},{"taxonomy":"post_tag","embeddable":true,"href":"https:\/\/vopus.org\/fr\/wp-json\/wp\/v2\/tags?post=15448"},{"taxonomy":"contenido","embeddable":true,"href":"https:\/\/vopus.org\/fr\/wp-json\/wp\/v2\/contenido?post=15448"},{"taxonomy":"fuente","embeddable":true,"href":"https:\/\/vopus.org\/fr\/wp-json\/wp\/v2\/fuente?post=15448"},{"taxonomy":"pilar","embeddable":true,"href":"https:\/\/vopus.org\/fr\/wp-json\/wp\/v2\/pilar?post=15448"},{"taxonomy":"fase","embeddable":true,"href":"https:\/\/vopus.org\/fr\/wp-json\/wp\/v2\/fase?post=15448"},{"taxonomy":"conferencia","embeddable":true,"href":"https:\/\/vopus.org\/fr\/wp-json\/wp\/v2\/conferencia?post=15448"},{"taxonomy":"read_online","embeddable":true,"href":"https:\/\/vopus.org\/fr\/wp-json\/wp\/v2\/read_online?post=15448"},{"taxonomy":"author_tax","embeddable":true,"href":"https:\/\/vopus.org\/fr\/wp-json\/wp\/v2\/author_tax?post=15448"}],"curies":[{"name":"wp","href":"https:\/\/api.w.org\/{rel}","templated":true}]}}