{"id":15347,"date":"2021-09-06T01:48:35","date_gmt":"2021-09-05T23:48:35","guid":{"rendered":"https:\/\/vopus.org\/la-ley-de-los-contrastes\/"},"modified":"2021-09-06T01:51:38","modified_gmt":"2021-09-05T23:51:38","slug":"loi-des-contrastes","status":"publish","type":"post","link":"https:\/\/vopus.org\/fr\/loi-des-contrastes\/","title":{"rendered":"La loi des contrastes"},"content":{"rendered":"\n<p>Chers lecteurs et lectrices&nbsp;:<\/p>\n\n\n\n<p>Je vous fais parvenir avec plaisir quelques lignes sur&nbsp;:<\/p>\n\n\n\n<p class=\"has-text-align-center\"><strong>LA LOI DES CONTRASTES<\/strong><\/p>\n\n\n\n<p>La Loi des Contrastes est le fondement de la relativit\u00e9.<\/p>\n\n\n\n<p>Cette loi fait partie du dualisme cosmique qui subjugue le mammif\u00e8re rationnel.<\/p>\n\n\n\n<p>Tant que la Conscience endormie est embouteill\u00e9e dans l\u2019Ego, elle se d\u00e9veloppera toujours au milieu des contrastes.<\/p>\n\n\n\n<p>C\u2019est pourquoi il existe le bon et le mauvais, le blanc et le noir, le sombre et le lumineux, le beau et l\u2019horrible, l\u2019ang\u00e9lique et le macabre, le haut et le bas, l\u2019audacieux et le l\u00e2che, le profond et le superficiel, le m\u00e9diocre et le transcendantal, le jour et la nuit, le temps et l\u2019\u00e9ternit\u00e9, les cieux et les enfers, la sant\u00e9 et la maladie, le s\u00e9rieux et le ridicule, le d\u00e9vou\u00e9 et l\u2019irresponsable, le triomphe et la d\u00e9faite, l\u2019atome et la galaxie, le macrocosmique et le microcosmique, l\u2019agr\u00e9able et le d\u00e9sagr\u00e9able, etc., etc., etc.<\/p>\n\n\n\n<p>Quand la Conscience devient cosmique et se lib\u00e8re du MOI et de tous ses liens, elle vit alors connect\u00e9e \u00e0 ce que nous appelons, dans la Gnose, la Grande R\u00e9alit\u00e9.<\/p>\n\n\n\n<p>La Grande R\u00e9alit\u00e9 a des niveaux et des niveaux de captation\u2026 &nbsp;Plus nous captons la Grande r\u00e9alit\u00e9, plus nous nous approchons du Vide Illuminateur.&nbsp;<\/p>\n\n\n\n<p>Le Vide Illuminateur est au-del\u00e0 de la relativit\u00e9. C\u2019est pourquoi le Vide Illuminateur est l\u2019antichambre de la Grande Talit\u00e9.<\/p>\n\n\n\n<p>Dans la Grande Talit\u00e9 il n\u2019existe que la vie libre dans tout son mouvement, libre de toute comparaison, libre de tout contraste. Tout habitant de la Talit\u00e9 n\u2019aspire qu\u2019\u00e0 se perdre dans l\u2019immensit\u00e9 de celle-ci.<\/p>\n\n\n\n<p>La Talit\u00e9 est le Grand Souffle inconnu pour lui-m\u00eame. Celui qui est \u00e9tabli dans la Grande Talit\u00e9 se trouve \u00e0 un pas de l\u2019Espace Abstrait Absolu.<\/p>\n\n\n\n<p>Quand l\u2019humanit\u00e9 a commis le crime d\u2019ignorer l\u2019\u00caTRE pour pr\u00e9f\u00e9rer se transformer en QUELQU\u2019UN, elle a alors commis l\u2019h\u00e9r\u00e9sie de la s\u00e9parativit\u00e9 et elle est tomb\u00e9 prisonni\u00e8re dans les mains de la relativit\u00e9.\u200b\u200b\u200b\u200b\u200b\u200b\u200b\u200b\u200b\u200b\u200b<\/p>\n\n\n\n<p>C\u2019est pourquoi nous disons <em>OMNIA IN DUOBUS, DUO IN UNO, UNOS IN NIHILO<\/em>, \u2018le tout dans la dualit\u00e9, la dualit\u00e9 dans l\u2019unit\u00e9, l\u2019unit\u00e9 dans le n\u00e9ant\u2019\u2026..<\/p>\n\n\n\n<p>Le n\u00e9ant c\u2019est le TAO des orientaux. Le Tao c\u2019est la supr\u00eame synth\u00e8se de la cr\u00e9ation.\u200b\u200b\u200b\u200b<\/p>\n\n\n\n<p>\u00c0 l\u2019arriv\u00e9e de la Nuit Cosmique, tout se r\u00e9duit \u00e0 des atomes autor\u00e9alis\u00e9s, avec la capacit\u00e9 de se remanifester dans le futur Maha-Manvantara si le Theomegalogos le d\u00e9cide ainsi&#8230;<\/p>\n\n\n\n<p><strong>Oremus&#8230;\u200b\u200b\u200b\u200b\u200b<\/strong><\/p>\n\n\n\n<p>Permettez-moi de vous laisser quelques phrases pour la r\u00e9flexion&nbsp;:<\/p>\n\n\n\n<p><strong><em>\u00ab\u00a0Les grands hommes sont simples et les moyens sont verbeux, pour la m\u00eame raison que les l\u00e2ches sont fanfarons et les courageux non\u00a0\u00bb.<\/em><\/strong><br>Balmes<\/p>\n\n\n\n<p><strong><em>\u00ab\u00a0L\u2019homme s\u2019\u00e9l\u00e8ve au-dessus de la terre avec deux ailes\u00a0: la simplicit\u00e9 et la puret\u00e9. La simplicit\u00e9 doit \u00eatre dans l\u2019intention et la puret\u00e9 dans l\u2019affection\u00a0\u00bb.<\/em><\/strong><br>Kempis<\/p>\n\n\n\n<p><strong><em>\u00ab\u00a0L\u2019ingratitude est fille de la superbe\u00a0\u00bb.<\/em><\/strong><br>Cervantes<\/p>\n\n\n\n<p><strong><em>\u00ab\u00a0Il est plus facile d\u2019\u00e9crire contre la superbe que de la vaincre\u00a0\u00bb.<\/em><\/strong><br>Quevedo<\/p>\n\n\n\n<p><strong><em>\u00ab\u00a0La superbe est un vil architecte\u00a0: elle met les fondations en haut et les tuiles dans les fondations\u00a0\u00bb.<\/em><\/strong><br>Quevedo<\/p>\n\n\n\n<p class=\"has-text-align-center\"><strong>KWEN KHAN KHU<\/strong><\/p>\n","protected":false},"excerpt":{"rendered":"<p>Chers lecteurs et lectrices&nbsp;: Je vous fais parvenir avec plaisir quelques lignes sur&nbsp;: LA LOI DES CONTRASTES La Loi des Contrastes est le fondement de la relativit\u00e9. Cette loi fait partie du dualisme cosmique qui subjugue le mammif\u00e8re rationnel. Tant que la Conscience endormie est embouteill\u00e9e dans l\u2019Ego, elle se d\u00e9veloppera toujours au milieu des [&hellip;]<\/p>\n","protected":false},"author":4,"featured_media":15337,"comment_status":"open","ping_status":"open","sticky":false,"template":"","format":"standard","meta":{"footnotes":"","_links_to":"","_links_to_target":""},"categories":[139,467],"tags":[],"contenido":[272],"fuente":[49],"pilar":[],"fase":[],"conferencia":[],"read_online":[],"author_tax":[323],"class_list":["post-15347","post","type-post","status-publish","format-standard","has-post-thumbnail","hentry","category-metaphysique","category-messages-du-v-m-kwen-khan-khu","contenido-articles","fuente-maestro","author_tax-v-m-kwen-khan-khu-fr"],"_links":{"self":[{"href":"https:\/\/vopus.org\/fr\/wp-json\/wp\/v2\/posts\/15347","targetHints":{"allow":["GET"]}}],"collection":[{"href":"https:\/\/vopus.org\/fr\/wp-json\/wp\/v2\/posts"}],"about":[{"href":"https:\/\/vopus.org\/fr\/wp-json\/wp\/v2\/types\/post"}],"author":[{"embeddable":true,"href":"https:\/\/vopus.org\/fr\/wp-json\/wp\/v2\/users\/4"}],"replies":[{"embeddable":true,"href":"https:\/\/vopus.org\/fr\/wp-json\/wp\/v2\/comments?post=15347"}],"version-history":[{"count":0,"href":"https:\/\/vopus.org\/fr\/wp-json\/wp\/v2\/posts\/15347\/revisions"}],"wp:featuredmedia":[{"embeddable":true,"href":"https:\/\/vopus.org\/fr\/wp-json\/wp\/v2\/media\/15337"}],"wp:attachment":[{"href":"https:\/\/vopus.org\/fr\/wp-json\/wp\/v2\/media?parent=15347"}],"wp:term":[{"taxonomy":"category","embeddable":true,"href":"https:\/\/vopus.org\/fr\/wp-json\/wp\/v2\/categories?post=15347"},{"taxonomy":"post_tag","embeddable":true,"href":"https:\/\/vopus.org\/fr\/wp-json\/wp\/v2\/tags?post=15347"},{"taxonomy":"contenido","embeddable":true,"href":"https:\/\/vopus.org\/fr\/wp-json\/wp\/v2\/contenido?post=15347"},{"taxonomy":"fuente","embeddable":true,"href":"https:\/\/vopus.org\/fr\/wp-json\/wp\/v2\/fuente?post=15347"},{"taxonomy":"pilar","embeddable":true,"href":"https:\/\/vopus.org\/fr\/wp-json\/wp\/v2\/pilar?post=15347"},{"taxonomy":"fase","embeddable":true,"href":"https:\/\/vopus.org\/fr\/wp-json\/wp\/v2\/fase?post=15347"},{"taxonomy":"conferencia","embeddable":true,"href":"https:\/\/vopus.org\/fr\/wp-json\/wp\/v2\/conferencia?post=15347"},{"taxonomy":"read_online","embeddable":true,"href":"https:\/\/vopus.org\/fr\/wp-json\/wp\/v2\/read_online?post=15347"},{"taxonomy":"author_tax","embeddable":true,"href":"https:\/\/vopus.org\/fr\/wp-json\/wp\/v2\/author_tax?post=15347"}],"curies":[{"name":"wp","href":"https:\/\/api.w.org\/{rel}","templated":true}]}}