{"id":12990,"date":"2021-03-31T00:30:00","date_gmt":"2021-03-30T22:30:00","guid":{"rendered":"https:\/\/vopus.org\/?p=12990"},"modified":"2021-04-03T00:45:38","modified_gmt":"2021-04-02T22:45:38","slug":"el-misterio-sacro-de-la-semana-santa","status":"publish","type":"post","link":"https:\/\/vopus.org\/fr\/el-misterio-sacro-de-la-semana-santa\/","title":{"rendered":"Le myst\u00e8re sacr\u00e9 de la Semaine Sainte"},"content":{"rendered":"\n<p>Amis et amies&nbsp;:<\/p>\n\n\n\n<p>Je vous \u00e9cris quelques br\u00e8ves lignes pour nous approcher un peu de la compr\u00e9hension de&nbsp;:<\/p>\n\n\n\n<p class=\"has-text-align-center\"><strong>LE MYST\u00c8RE SACR\u00c9 DE LA SEMAINE SAINTE<\/strong><\/p>\n\n\n\n<p>Dans le Christianisme primitif, et encore plus dans le Gnosticisme, ladite GRANDE SEMAINE ou SEMAINE SAINTE rev\u00eat une extr\u00eame importance en raison du drame que le V.M. Aberamentho interpr\u00e9ta il y a 2000 ans, un drame qui d\u00e9finit clairement les positions de LA B\u00caTE et celles de son archi-ennemi LE CHRIST.<\/p>\n\n\n\n<p>Quand nous \u00e9tudions l\u2019Arbre S\u00e9phirotique d\u2019un point de vue gnostique, nous trouvons que l\u2019attribut de Chokmah est l\u2019INTELLIGENCE, et seule l\u2019INTELLIGENCE DU CHRIST peut contrecarrer l\u2019INTELLIGENCE DE L\u2019ANT\u00c9CHRIST. Lui seul peut affronter dans nos profondeurs abyssales ces \u00e9nergies ahrimaniennes et leur livrer bataille jusqu\u2019\u00e0 les vaincre totalement. Mais pour que cela ait lieu il faut la Coop\u00e9ration de celui qui veut \u00caTRE SAUV\u00c9 et de son SAUVEUR INTIME. C\u2019est l\u00e0 la dualit\u00e9 qui existe \u00e9ternellement entre le bien et le mal.<\/p>\n\n\n\n<p>Ici, sur ce point justement, c\u2019est l\u00e0 o\u00f9 nous, les amoureux de la Gnose \u00e9ternelle, devons centrer nos efforts. Parce que tout le drame de la PASSION CHRISTIQUE est un appel au RENONCEMENT de ce que nous sommes \u00e0 chaque instant et \u00e0 chaque moment. Rappelons-nous que, une fois crucifi\u00e9 sur sa croix, ses premiers mots dirig\u00e9s au P\u00e8re \u00c9ternel furent&nbsp;: <strong>\u00ab&nbsp;P\u00e8re, pardonne-leur parce qu\u2019ils ne savent pas ce qu\u2019ils font&nbsp;!&nbsp;\u00bb. <\/strong>&nbsp;<\/p>\n\n\n\n<p>Dans ces mots, le Sauveur a voulu indiquer clairement devant l\u2019histoire que, tant que la Conscience dort, elle est capable de QUOI QUE CE SOIT D\u2019ABOMINABLE, quoi que ce soit\u2026, aussi incroyable que cela puisse nous para\u00eetre.<\/p>\n\n\n\n<p>Cela nous invite \u00e0 la r\u00e9flexion pour que chaque fois que nous voulons vraiment pardonner, nous devons nous rappeler que toute personne, tant qu\u2019elle est endormie, n\u2019est pas ma\u00eetresse de ses actes, mais que ce sont ses DIX MILLE AGR\u00c9GATS qui agissent, sentent et pensent. Devant un tel panorama, il est \u00e9vident que nous devons consid\u00e9rer la vie comme une \u00e9cole \u00e0 laquelle nous sommes venus apprendre \u00e0 PARDONNER. Lamentablement, estim\u00e9 lecteur, PARDONNER ne signifie pas DEVENIR COMPLICE DU D\u00c9LIT, non. Mais cela signifie que nous devons TOUJOURS LAISSER UNE PORTE OUVERTE \u00c0 L\u2019ESPOIR et peut-\u00eatre qu\u2019un jour cette personne qui a commis un d\u00e9lit SENTIRA DU REPENTIR et voudra SE RACHETER. En ces jours horribles du Kali-Yuga les lois des humano\u00efdes sont faites pour louer LA VENGEANCE. C\u2019est pourquoi la PEINE CAPITALE existe encore dans de nombreux pays pour les crimes de sang, et les multitudes sont heureuses avec de tels crit\u00e8res juridiques, se basant sur cela d\u2019\u0152IL POUR \u0152IL ET DENT POUR DENT. C\u2019est ainsi qu\u2019on nous a \u00e9lev\u00e9 dans cette soci\u00e9t\u00e9 g\u00e9n\u00e9ration apr\u00e8s g\u00e9n\u00e9ration. Et le pire c\u2019est que dans ces pays o\u00f9 l\u2019on loue la peine capitale, parall\u00e8lement on loue Dieu. Et comment cela est-il possible&nbsp;? Eh bien simplement parce que nous sommes une soci\u00e9t\u00e9 HYPOCRITE, une soci\u00e9t\u00e9 PHARISIENNE jusqu\u2019\u00e0 la moelle&#8230;<\/p>\n\n\n\n<p><strong>Le Christ intime <\/strong>\u2500 nous dit le V.M. Samael dans son \u0153uvre posthume la <em>PISTIS SOPHIA D\u00c9VOIL\u00c9E <\/em>\u2500&nbsp;<strong>n\u00e9gocie avec les Seigneurs du Karma notre propre karma et il est capable de faire des man\u0153uvres de distraction pour tromper les Archontes<\/strong>&#8230;.. La mis\u00e9ricorde de notre Seigneur intime dans ses travaux va jusque-l\u00e0. C\u2019est pour cela que le Christ est la repr\u00e9sentation de la V\u00c9RIT\u00c9 SALVATRICE INCARN\u00c9E&#8230;&#8230;<\/p>\n\n\n\n<p>Dans la partie la plus avanc\u00e9e de la <em>PISTIS SOPHIA D\u00c9VOIL\u00c9E, <\/em>celle qui n\u2019a pas \u00e9t\u00e9 d\u00e9voil\u00e9e par notre Patriarche Samael Aun Weor, on dit <strong>que nous avons besoin d\u2019\u00eatre d\u00e9clar\u00e9s justes pour entrer dans le royaume des cieux<\/strong>&#8230;, et seuls peuvent \u00eatre d\u00e9clar\u00e9s justes ceux qui sont libres du P\u00c9CH\u00c9 ORIGINEL \u2500 c\u2019est-\u00e0-dire&nbsp;: LA FORNICATION \u2500 et qui sont ABSOLUMENT MORTS psychologiquement&#8230;<\/p>\n\n\n\n<p>\u00c9videmment, dans toutes ces r\u00e9flexions nous trouvons, de mani\u00e8re claire, une invitation s\u00e9rieuse \u00e0 D\u00c9TRUIRE NOTRE AMOUR PROPRE, NOTRE ORGUEIL \u2500 de n\u2019importe quel type \u2500, NOTRE VANIT\u00c9, NOTRE AUTO-CONSID\u00c9RATION, des facteurs que, malheureusement, nous aimons beaucoup.<\/p>\n\n\n\n<p>C\u2019est pourquoi le V.M. Samael qualifie le CHRIST INTIME de repr\u00e9sentant de LA SAINTE N\u00c9GATION, de m\u00eame que le P\u00e8re est la SAINTE AFFIRMATION et l\u2019Esprit Saint la SAINTE R\u00c9CONCILIATION.<\/p>\n\n\n\n<p>Il est donc clair, cher lecteur, que le CHRIST ET SON \u0152UVRE cherchent \u00e0 instruire l\u2019\u00e2me pour qu\u2019elle atteigne sa perfection aux yeux du P\u00e8re. Il est donc l\u2019INSTRUCTEUR DU MONDE, le SAUVEUR SALVANDUS \u00e9ternel, tout un myst\u00e8re magistral.<\/p>\n\n\n\n<p>Par cons\u00e9quent, m\u00e9ditons durant cette GRANDE SEMAINE sur quelle est notre contribution aux efforts du Christ intime en chacun de nous. Ne prenons pas ces dates comme quelques jours de plus du calendrier, car le temps qu\u2019on nous a donn\u00e9 dans notre existence est limit\u00e9 et nous devons en profiter profond\u00e9ment pour travailler avec NOTRE DEVOIR PARTKDOLG DE L\u2019\u00caTRE&#8230;<\/p>\n\n\n\n<p>QUE LES B\u00c9ATITUDES DU TOUT-PUISSANT SOIENT AVEC VOUS TOUS JUSQU\u2019\u00c0 LA CONSOMMATION DES SI\u00c8CLES&nbsp;!<\/p>\n\n\n\n<p>AMEN.<\/p>\n\n\n\n<p>Je vous ajoute maintenant quelques phrases sur lesquelles m\u00e9diter&nbsp;:<\/p>\n\n\n\n<p><strong><em>\u00ab&nbsp;Mieux vaut le pardon que la vengeance, parce que l\u2019un est l\u2019effet d\u2019une nature douce et humaine, et l\u2019autre d\u2019une organisation f\u00e9roce et brutale&nbsp;\u00bb.<\/em><\/strong><br>\u00c9pict\u00e8te<\/p>\n\n\n\n<p><strong><em>\u00ab&nbsp;On pardonne tant que l\u2019on aime&nbsp;\u00bb.<\/em><\/strong><br>La Rochefoucauld<\/p>\n\n\n\n<p><strong><em>\u00ab&nbsp;Pardonne pour \u00eatre pardonn\u00e9, oublie pour te faire oublier&nbsp;\u00bb.<\/em><\/strong><br>Saint Isidore de S\u00e9ville<\/p>\n\n\n\n<p><strong><em>\u00ab&nbsp;Que celui qui n\u2019a jamais p\u00e9ch\u00e9 jette la premi\u00e8re pierre&nbsp;\u00bb.<\/em><\/strong><br>\u00c9vangile selon Saint Jean<\/p>\n\n\n\n<p><strong><em>\u00ab&nbsp;Celui qui n\u2019a pas piti\u00e9 des autres n\u2019en trouvera aucune pour lui&nbsp;\u00bb.<\/em><\/strong><br>Rub\u00e9n Dar\u00edo<\/p>\n\n\n\n<p><strong><em>\u00ab&nbsp;Une compassion sans bornes \u00e0 l\u2019\u00e9gard de tous les \u00eatres vivants est le garant le plus s\u00fbr de la moralit\u00e9&nbsp;\u00bb.<\/em><\/strong><br>Schopenhauer<\/p>\n\n\n\n<p class=\"has-text-align-center\"><strong><em>NASCENDO QUOTIDIE MORIMUR.<\/em><\/strong><br>\u2500\u2018En naissant, nous mourons chaque jour\u2019\u2500.<br><strong>KWEN KHAN KHU<\/strong><\/p>\n","protected":false},"excerpt":{"rendered":"<p>Amis et amies&nbsp;: Je vous \u00e9cris quelques br\u00e8ves lignes pour nous approcher un peu de la compr\u00e9hension de&nbsp;: LE MYST\u00c8RE SACR\u00c9 DE LA SEMAINE SAINTE Dans le Christianisme primitif, et encore plus dans le Gnosticisme, ladite GRANDE SEMAINE ou SEMAINE SAINTE rev\u00eat une extr\u00eame importance en raison du drame que le V.M. Aberamentho interpr\u00e9ta il [&hellip;]<\/p>\n","protected":false},"author":4,"featured_media":12980,"comment_status":"open","ping_status":"open","sticky":false,"template":"","format":"standard","meta":{"footnotes":"","_links_to":"","_links_to_target":""},"categories":[132,139,467],"tags":[],"contenido":[272],"fuente":[49],"pilar":[],"fase":[],"conferencia":[],"read_online":[],"author_tax":[323],"class_list":["post-12990","post","type-post","status-publish","format-standard","has-post-thumbnail","hentry","category-psychologie","category-metaphysique","category-messages-du-v-m-kwen-khan-khu","contenido-articles","fuente-maestro","author_tax-v-m-kwen-khan-khu-fr"],"_links":{"self":[{"href":"https:\/\/vopus.org\/fr\/wp-json\/wp\/v2\/posts\/12990","targetHints":{"allow":["GET"]}}],"collection":[{"href":"https:\/\/vopus.org\/fr\/wp-json\/wp\/v2\/posts"}],"about":[{"href":"https:\/\/vopus.org\/fr\/wp-json\/wp\/v2\/types\/post"}],"author":[{"embeddable":true,"href":"https:\/\/vopus.org\/fr\/wp-json\/wp\/v2\/users\/4"}],"replies":[{"embeddable":true,"href":"https:\/\/vopus.org\/fr\/wp-json\/wp\/v2\/comments?post=12990"}],"version-history":[{"count":0,"href":"https:\/\/vopus.org\/fr\/wp-json\/wp\/v2\/posts\/12990\/revisions"}],"wp:featuredmedia":[{"embeddable":true,"href":"https:\/\/vopus.org\/fr\/wp-json\/wp\/v2\/media\/12980"}],"wp:attachment":[{"href":"https:\/\/vopus.org\/fr\/wp-json\/wp\/v2\/media?parent=12990"}],"wp:term":[{"taxonomy":"category","embeddable":true,"href":"https:\/\/vopus.org\/fr\/wp-json\/wp\/v2\/categories?post=12990"},{"taxonomy":"post_tag","embeddable":true,"href":"https:\/\/vopus.org\/fr\/wp-json\/wp\/v2\/tags?post=12990"},{"taxonomy":"contenido","embeddable":true,"href":"https:\/\/vopus.org\/fr\/wp-json\/wp\/v2\/contenido?post=12990"},{"taxonomy":"fuente","embeddable":true,"href":"https:\/\/vopus.org\/fr\/wp-json\/wp\/v2\/fuente?post=12990"},{"taxonomy":"pilar","embeddable":true,"href":"https:\/\/vopus.org\/fr\/wp-json\/wp\/v2\/pilar?post=12990"},{"taxonomy":"fase","embeddable":true,"href":"https:\/\/vopus.org\/fr\/wp-json\/wp\/v2\/fase?post=12990"},{"taxonomy":"conferencia","embeddable":true,"href":"https:\/\/vopus.org\/fr\/wp-json\/wp\/v2\/conferencia?post=12990"},{"taxonomy":"read_online","embeddable":true,"href":"https:\/\/vopus.org\/fr\/wp-json\/wp\/v2\/read_online?post=12990"},{"taxonomy":"author_tax","embeddable":true,"href":"https:\/\/vopus.org\/fr\/wp-json\/wp\/v2\/author_tax?post=12990"}],"curies":[{"name":"wp","href":"https:\/\/api.w.org\/{rel}","templated":true}]}}