{"id":44647,"date":"2026-04-18T10:02:14","date_gmt":"2026-04-18T13:02:14","guid":{"rendered":"https:\/\/vopus.org\/?p=44647"},"modified":"2026-04-26T10:09:29","modified_gmt":"2026-04-26T13:09:29","slug":"considera-que-a-quien-y-donde-lo-dices","status":"publish","type":"post","link":"https:\/\/vopus.org\/en\/considera-que-a-quien-y-donde-lo-dices\/","title":{"rendered":"&#8220;Considera cuid, cui et qvo&#8221; (Considera qu\u00e9 [dices] a qui\u00e9n [se lo dices] y d\u00f3nde [te encuentras])"},"content":{"rendered":"\n<p>Muy queridos amigos y amigas:<\/p>\n\n\n\n<p>Con mucha alegr\u00eda os hago llegar en esta oportunidad el siguiente grabado que lleva por t\u00edtulo\u2026<\/p>\n\n\n\n<h2 class=\"wp-block-heading has-text-align-center\" id=\"h-considera-cuid-cui-et-qvo-considera-que-dices-a-quien-se-lo-dices-y-donde-te-encuentras\"><strong><em>\u2026CONSIDERA, CUID, CUI ET QVO<\/em><\/strong><br>\u2500\u2018Considera qu\u00e9 [dices] a qui\u00e9n [se lo dices] y d\u00f3nde [te encuentras]\u2019\u2500<\/h2>\n\n\n\n<figure class=\"wp-block-image size-large\"><img decoding=\"async\" width=\"960\" height=\"676\" src=\"https:\/\/vopus.org\/wp-content\/uploads\/2026\/04\/considera-cuid-cui-et-qvo-daniel-meisner-960x676.jpg\" alt=\"Considera cuid, cui et qvo, Daniel Meisner\" class=\"wp-image-44648\" title=\"Considera qu\u00e9 [dices] a qui\u00e9n [se lo dices] y d\u00f3nde [te encuentras], Daniel Meisner\" srcset=\"https:\/\/vopus.org\/wp-content\/uploads\/2026\/04\/considera-cuid-cui-et-qvo-daniel-meisner-960x676.jpg 960w, https:\/\/vopus.org\/wp-content\/uploads\/2026\/04\/considera-cuid-cui-et-qvo-daniel-meisner-480x338.jpg 480w, https:\/\/vopus.org\/wp-content\/uploads\/2026\/04\/considera-cuid-cui-et-qvo-daniel-meisner-768x541.jpg 768w, https:\/\/vopus.org\/wp-content\/uploads\/2026\/04\/considera-cuid-cui-et-qvo-daniel-meisner.jpg 986w\" sizes=\"(max-width: 960px) 100vw, 960px\" \/><\/figure>\n\n\n\n<p>El presente grabado hace parte de una vasta y famosa serie de dibujos realizados para el libro <em>Thesaurus Philopoliticus <\/em>\u25001623\u2500. Se trata de m\u00e1s de ochocientas reproducciones de paisajes urbanos a las que el poeta alem\u00e1n Daniel Meisner \u25001585-1625\u2500 y el editor Eberhar Kieser \u25001583-1631\u2500 les a\u00f1adieron un mensaje y una imagen simb\u00f3lica.<\/p>\n\n\n\n<p>El t\u00edtulo, como ya hemos dicho, es: <strong><em>CONSIDERA, QUID, CUI ET QUO<\/em><\/strong>, \u2018Considera qu\u00e9 [dices], a qui\u00e9n [se lo dices] y d\u00f3nde [te encuentras]\u2019.<\/p>\n\n\n\n<p>El texto en lat\u00edn al pie del dibujo dice: <strong><em>Perpendit sapiens, loquitor, bene, multa priusqu\u00e1m, Quid dicat, cui, quo tempore, quove loco<\/em><\/strong>, \u2018El hombre sabio sopesa cuidadosamente muchas cosas antes de hablar: qu\u00e9 dice, a qui\u00e9n, cu\u00e1ndo y en qu\u00e9 lugar.<\/p>\n\n\n\n<p>Estimados\/as lectores\/as, este grabado nos est\u00e1 haciendo \u00e9nfasis en la necesidad urgente de vigilar el uso de nuestro VERBO, tal como miles de veces nos lo se\u00f1al\u00f3 nuestro Patriarca: Samael Aun Weor.<\/p>\n\n\n\n<p>Ya lo hemos dicho anteriormente y lo reiteramos nuevamente: EL VERBO Y EL SEXO SON DOS POLOS DE UNA MISMA JORNADA. Aquellos que jam\u00e1s han cuidado el uso de la palabra tarde o temprano involucionan, pues el Se\u00f1or de Perfecciones no se manifestar\u00e1 jam\u00e1s a trav\u00e9s de una garganta putrefacta o plagada de impurezas.<\/p>\n\n\n\n<p>En la imagen de nuestro grabado podemos apreciar tres personas en trance de entablar un di\u00e1logo en la periferia de una ciudad o poblado.<\/p>\n\n\n\n<p>Recordemos las palabras del ap\u00f3stol Santiago: <em>\u00abMirad tambi\u00e9n las naves; aunque tan grandes y llevadas de impetuosos vientos, son gobernadas con un muy peque\u00f1o tim\u00f3n por donde el que las gobierna quiere\u00bb<\/em>. Sin embargo, \u00bfpor qu\u00e9 no somos capaces de controlar ese peque\u00f1o m\u00fasculo que llamamos LENGUA?<\/p>\n\n\n\n<p>Igualmente, no podemos obviar en estas cuartillas aquellas frases alusivas a los incendios que pueden desatar algunas palabras o discursos. Basta recordar al Sr. Adolfo Hitler y la hecatombe que fue capaz de crear, no solo en Alemania sino, adem\u00e1s, en toda Europa, simplemente con sus discursos llenos de odio.<\/p>\n\n\n\n<p>Como contraste nosotros sabemos de la existencia de la LENGUA DIVINA que se habla entre los Adeptos en los mundos superiores de Conciencia. Con esa lengua sagrada podr\u00edamos calmar volcanes destructivos, detener tormentas, apaciguar los huracanes, etc., etc., etc., siempre y cuando nosotros hayamos llevado una vida apartada de la fornicaci\u00f3n.<\/p>\n\n\n\n<p>El gran Iniciado S\u00f3crates siempre enfatiz\u00f3: \u00abCuando digas algo cerci\u00f3rate de que sea cierto, \u00fatil y bueno para todos\u00bb.<\/p>\n\n\n\n<p>El V.M. Aberamentho se hizo famoso por haber utilizado la palabra para lograr la resurrecci\u00f3n de L\u00c1ZARO; tal expresi\u00f3n fue: <em>TALITA CUMI<\/em>. Esto se hizo hist\u00f3rico. Recordemos, asimismo, al gran legislador MOIS\u00c9S, quien abri\u00f3 las aguas del mar Rojo para conseguir el escape del pueblo de Iniciados que lo segu\u00eda y que hu\u00eda de las hordas de un fara\u00f3n.<\/p>\n\n\n\n<p>Nuestro mism\u00edsimo Gur\u00fa nos entreg\u00f3 miles de mantras para relacionarnos con los Elementales de la naturaleza y con los Genios de los elementos \u2500agua, fuego, aire y tierra\u2500. Toda la naturaleza est\u00e1 impregnada de sonidos, algunos perceptibles y otros imperceptibles; todo est\u00e1 envuelto por las vibraciones del SONIDO UNIVERSAL&#8230;<\/p>\n\n\n\n<p>El V.M. Fulcanelli nos dice en su obra <em>LAS MORADAS FILOSOFALES<\/em> lo siguiente:<\/p>\n\n\n\n<blockquote class=\"wp-block-quote is-layout-flow wp-block-quote-is-layout-flow\">\n<p>\u00abEsta palabra de Dios, que es el <strong><em>Verbum demissum<\/em><\/strong><em> <\/em>del Trevisano y la <strong><em>palabra perdida<\/em><\/strong><em> <\/em>de los masones medievales, designa el secreto material de la obra, cuya revelaci\u00f3n constituye el <strong><em>don de Dios<\/em><\/strong>, y sobre cuya naturaleza, nombre vulgar o empleo, todos los fil\u00f3sofos conservan un impenetrable silencio\u00bb.<\/p>\n<\/blockquote>\n\n\n\n<p>Con las palabras del Adepto Fulcanelli se nos hace hincapi\u00e9 en la necesidad de luchar por encarnar un d\u00eda el \u00abdon de Dios\u00bb,es decir, la palabra sagrada proveniente del mism\u00edsimo SER.<\/p>\n\n\n\n<p>A\u00f1ado, paciente lector, las palabras de nuestro bendito Patriarca Samael Aun Weor, veamos:<\/p>\n\n\n\n<blockquote class=\"wp-block-quote is-layout-flow wp-block-quote-is-layout-flow\">\n<p>\u00abVuestra palabra debe ser lo m\u00e1s pura; las palabras vulgares perjudican a los hermanos. Debemos hablar en un lenguaje delicado, delicioso; cada una de nuestras palabras debe ser armon\u00eda, debe ser paz infinita, debe ser dicha inefable.<\/p>\n\n\n\n<p>Las palabras hirientes, los t\u00e9rminos vulgares, los t\u00e9rminos mordaces, las palabras de doble sentido perjudican a los estudiantes. El estudiante que est\u00e1 trabajando con el Arcano A.Z.F. debe comprender que la fuerza de la sexualidad es una espada de dos filos, que lo mismo puede herir a otros que herirse a s\u00ed mismo.<\/p>\n\n\n\n<p>El verbo act\u00faa sobre las fuerzas creadoras, porque el sexo y el verbo se hallan \u00edntimamente correlacionados. La fuerza del sexo opera a trav\u00e9s de los \u00f3rganos sexuales y a trav\u00e9s de la laringe creadora, son dos polaridades del mismo sexo. As\u00ed pues, que vuestras palabras sean puras, mis caros hermanos, que vuestras palabras sean inmaculadas, llenas de armon\u00eda y de paz.<\/p>\n\n\n\n<p>Cuando la palabra es arr\u00edtmica, cuando la palabra es mordaz, cuando la palabra es ir\u00f3nica, cuando la palabra es er\u00f3tica o de doble sentido, entonces modifica las energ\u00edas creadoras, las transforma en poderes tenebrosos, t\u00e1ntricos, horribles.<\/p>\n\n\n\n<p>Nunca vosotros ense\u00f1\u00e9is el Arcano A.Z.F. con t\u00e9rminos vulgares. Cuando habl\u00e9is de Magia Sexual decid \u201cel Arcano A.Z.F.\u201d, eso es todo. La palabra \u201cArcano A.Z.F.\u201d es m\u00e1s velada, \u00bfverdad?, y resulta mejor que decir \u201cMagia Sexual\u201d, escandaliza menos. Es preferible decir \u201cel Arcano A.Z.F.\u201d, y cuando ense\u00f1\u00e9is ese Arcano, hacedlo con modestia, dejad a un lado la vulgaridad.<\/p>\n\n\n\n<p>Los Elohim, los \u00c1ngeles, los Prajapatis, los Seres inefables hablan todos en un lenguaje precioso, en un verbo de luz inefable. Ning\u00fan Maestro utiliza palabras vulgares.<\/p>\n\n\n\n<p>Nunca habl\u00e9is vosotros contra nadie, mis caros hermanos. Eso de estar diciendo que el hermanito tal es mago negro, que la hermanita tal es hechicera, que es bruja, que fulano y que zutano hacen y deshacen, \u00a1es rid\u00edculo!, eso no est\u00e1 bien para vosotros. Vosotros no deb\u00e9is ocuparos de la vida ajena, hermanos, no deb\u00e9is ocuparos de la vida privada. Que cada cual viva su vida como quiera. Vosotros vivid una vida pura y casta, que el Cristo vendr\u00e1 como ladr\u00f3n en la noche&#8230; Eliminad el Yo, el Ego; eliminadlo y ver\u00e9is la luz\u00bb.<\/p>\n<\/blockquote>\n\n\n\n<p>Finalizo invit\u00e1ndoos a la reflexi\u00f3n con las siguientes frases:<\/p>\n\n\n\n<p><strong><em>\u00abNada hay tan dif\u00edcil como conocerse a s\u00ed mismo\u00bb.<\/em><\/strong>Tales de Mileto<\/p>\n\n\n\n<p><strong><em>\u00abNo nos es permitido saberlo todo\u00bb.<\/em><\/strong><br>Horacio<\/p>\n\n\n\n<p><strong><em>\u00abNada hay querido si no es conocido\u00bb.<\/em><\/strong><br>San Agust\u00edn<\/p>\n\n\n\n<p><strong><em>\u00abQuien desea conocimiento ha de esforzarse en adquirirlo\u00bb.<\/em><\/strong><br>Ruskin<\/p>\n\n\n\n<p><strong><em>\u00abEl conocimiento de la propia imperfecci\u00f3n es perfecci\u00f3n muy grande\u00bb.<\/em><\/strong><br>Fray Diego de Estella<\/p>\n\n\n\n<p class=\"has-text-align-center\"><strong><em>VERBUM EST CODEX.<\/em><\/strong><br>\u2500\u2018La palabra es ley\u2019\u2500.<\/p>\n\n\n\n<p><strong>KWEN KHAN KHU<\/strong><\/p>\n","protected":false},"excerpt":{"rendered":"<p>El presente grabado hace parte de una vasta y famosa serie de dibujos realizados para el libro Thesaurus Philopoliticus \u25001623. Se trata de m\u00e1s de ochocientas reproducciones de paisajes urbanos a las que el poeta alem\u00e1n Daniel Meisner y el editor Eberhar Kieser les a\u00f1adieron un mensaje y una imagen simb\u00f3lica.<\/p>\n","protected":false},"author":4,"featured_media":44662,"comment_status":"open","ping_status":"open","sticky":false,"template":"","format":"standard","meta":{"footnotes":"","_links_to":"","_links_to_target":""},"categories":[17],"tags":[],"contenido":[],"fuente":[],"pilar":[],"fase":[],"conferencia":[],"read_online":[],"author_tax":[],"class_list":["post-44647","post","type-post","status-publish","format-standard","has-post-thumbnail","hentry","category-uncategorized"],"_links":{"self":[{"href":"https:\/\/vopus.org\/en\/wp-json\/wp\/v2\/posts\/44647","targetHints":{"allow":["GET"]}}],"collection":[{"href":"https:\/\/vopus.org\/en\/wp-json\/wp\/v2\/posts"}],"about":[{"href":"https:\/\/vopus.org\/en\/wp-json\/wp\/v2\/types\/post"}],"author":[{"embeddable":true,"href":"https:\/\/vopus.org\/en\/wp-json\/wp\/v2\/users\/4"}],"replies":[{"embeddable":true,"href":"https:\/\/vopus.org\/en\/wp-json\/wp\/v2\/comments?post=44647"}],"version-history":[{"count":1,"href":"https:\/\/vopus.org\/en\/wp-json\/wp\/v2\/posts\/44647\/revisions"}],"predecessor-version":[{"id":44676,"href":"https:\/\/vopus.org\/en\/wp-json\/wp\/v2\/posts\/44647\/revisions\/44676"}],"wp:featuredmedia":[{"embeddable":true,"href":"https:\/\/vopus.org\/en\/wp-json\/wp\/v2\/media\/44662"}],"wp:attachment":[{"href":"https:\/\/vopus.org\/en\/wp-json\/wp\/v2\/media?parent=44647"}],"wp:term":[{"taxonomy":"category","embeddable":true,"href":"https:\/\/vopus.org\/en\/wp-json\/wp\/v2\/categories?post=44647"},{"taxonomy":"post_tag","embeddable":true,"href":"https:\/\/vopus.org\/en\/wp-json\/wp\/v2\/tags?post=44647"},{"taxonomy":"contenido","embeddable":true,"href":"https:\/\/vopus.org\/en\/wp-json\/wp\/v2\/contenido?post=44647"},{"taxonomy":"fuente","embeddable":true,"href":"https:\/\/vopus.org\/en\/wp-json\/wp\/v2\/fuente?post=44647"},{"taxonomy":"pilar","embeddable":true,"href":"https:\/\/vopus.org\/en\/wp-json\/wp\/v2\/pilar?post=44647"},{"taxonomy":"fase","embeddable":true,"href":"https:\/\/vopus.org\/en\/wp-json\/wp\/v2\/fase?post=44647"},{"taxonomy":"conferencia","embeddable":true,"href":"https:\/\/vopus.org\/en\/wp-json\/wp\/v2\/conferencia?post=44647"},{"taxonomy":"read_online","embeddable":true,"href":"https:\/\/vopus.org\/en\/wp-json\/wp\/v2\/read_online?post=44647"},{"taxonomy":"author_tax","embeddable":true,"href":"https:\/\/vopus.org\/en\/wp-json\/wp\/v2\/author_tax?post=44647"}],"curies":[{"name":"wp","href":"https:\/\/api.w.org\/{rel}","templated":true}]}}